{"id":802,"date":"2021-06-18T09:57:18","date_gmt":"2021-06-18T07:57:18","guid":{"rendered":"https:\/\/zgk.lubkow.pl\/zgk\/?p=802"},"modified":"2026-02-16T13:10:33","modified_gmt":"2026-02-16T12:10:33","slug":"zwiekszony-pobor-wody","status":"publish","type":"post","link":"https:\/\/zgk.lubkow.pl\/zgk\/zwiekszony-pobor-wody\/","title":{"rendered":"Okresowy spadek ci\u015bnienia wody ?"},"content":{"rendered":"<p><img fetchpriority=\"high\" decoding=\"async\" class=\"size-medium wp-image-803 alignright\" src=\"https:\/\/gzgk.home.pl\/zgk\/wp-content\/uploads\/2021\/06\/podlewanie-ogrodka-300x169.jpg\" alt=\"\" width=\"300\" height=\"169\" srcset=\"https:\/\/zgk.lubkow.pl\/zgk\/wp-content\/uploads\/2021\/06\/podlewanie-ogrodka-300x169.jpg 300w, https:\/\/zgk.lubkow.pl\/zgk\/wp-content\/uploads\/2021\/06\/podlewanie-ogrodka-1024x576.jpg 1024w, https:\/\/zgk.lubkow.pl\/zgk\/wp-content\/uploads\/2021\/06\/podlewanie-ogrodka-768x432.jpg 768w, https:\/\/zgk.lubkow.pl\/zgk\/wp-content\/uploads\/2021\/06\/podlewanie-ogrodka.jpg 1120w\" sizes=\"(max-width: 300px) 100vw, 300px\" \/><\/p>\n<p>Szanowni Pa\u0144stwo,<\/p>\n<p>w ostatnich upalnych dniach informujecie Nas o spadkach ci\u015bnienia wody w okresach jej najwi\u0119kszego zapotrzebowania do cel\u00f3w socjalno-bytowych \u2013 tj. w godz. 16-22.<\/p>\n<p style=\"text-align: left;\">Informujemy, \u017ce jest to spowodowane znacznym rozbiorem wody przez u\u017cywanie jej do cel\u00f3w gospodarczych, w szczeg\u00f3lno\u015bci <strong>do podlewania ro\u015blin<\/strong>. Aby zapobiega\u0107 tego typu zdarzeniom <strong>prosimy aby podlewanie ogr\u00f3dk\u00f3w przydomowych, trawnik\u00f3w i upraw przy u\u017cyciu wody z sieci<\/strong> odbywa\u0142o si\u0119 w p\u00f3\u017anych godzinach wieczornych lub wcze\u015bnie rano. U\u017cywajmy wody rozs\u0105dnie. Korzystanie z wody do podlewania ogr\u00f3dk\u00f3w przez wi\u0119kszo\u015b\u0107 mieszka\u0144c\u00f3w w tym samym czasie mo\u017ce powodowa\u0107 spadek ci\u015bnienia w sieci, a nawet jej czasowy brak w niekt\u00f3rych rejonach.<\/p>\n<p><strong>Jednocze\u015bnie przypominamy , \u017ce u\u017cywanie wody z hydrant\u00f3w przeciwpo\u017carowych do podlewania upraw i ogrod\u00f3w jest zabronione!<\/strong><\/p>\n<p>ZGK Lubk\u00f3w Sp. z o.o.<\/p>\n","protected":false},"excerpt":{"rendered":"<p>Szanowni Pa\u0144stwo, w ostatnich upalnych dniach informujecie Nas o spadkach ci\u015bnienia wody w okresach jej najwi\u0119kszego zapotrzebowania do cel\u00f3w socjalno-bytowych \u2013 tj. w godz. 16-22. Informujemy, \u017ce jest to spowodowane znacznym rozbiorem wody przez u\u017cywanie jej do cel\u00f3w gospodarczych, w szczeg\u00f3lno\u015bci do podlewania ro\u015blin. Aby zapobiega\u0107 tego typu zdarzeniom prosimy aby podlewanie ogr\u00f3dk\u00f3w przydomowych, trawnik\u00f3w [&hellip;]<\/p>\n","protected":false},"author":3,"featured_media":0,"comment_status":"closed","ping_status":"closed","sticky":false,"template":"","format":"standard","meta":{"footnotes":""},"categories":[8],"tags":[],"class_list":["post-802","post","type-post","status-publish","format-standard","hentry","category-aktualnosci"],"yoast_head":"<!-- This site is optimized with the Yoast SEO plugin v27.2 - https:\/\/yoast.com\/product\/yoast-seo-wordpress\/ -->\n<title>Okresowy spadek ci\u015bnienia wody ? - Zak\u0142ad Gospodarki Komunalnej w Lubkowie Sp\u00f3\u0142ka z o.o.<\/title>\n<meta name=\"robots\" content=\"index, follow, max-snippet:-1, max-image-preview:large, max-video-preview:-1\" \/>\n<link rel=\"canonical\" href=\"https:\/\/zgk.lubkow.pl\/zgk\/zwiekszony-pobor-wody\/\" \/>\n<meta property=\"og:locale\" content=\"pl_PL\" \/>\n<meta property=\"og:type\" content=\"article\" \/>\n<meta property=\"og:title\" content=\"Okresowy spadek ci\u015bnienia wody ? - Zak\u0142ad Gospodarki Komunalnej w Lubkowie Sp\u00f3\u0142ka z o.o.\" \/>\n<meta property=\"og:description\" content=\"Szanowni Pa\u0144stwo, w ostatnich upalnych dniach informujecie Nas o spadkach ci\u015bnienia wody w okresach jej najwi\u0119kszego zapotrzebowania do cel\u00f3w socjalno-bytowych \u2013 tj. w godz. 16-22. Informujemy, \u017ce jest to spowodowane znacznym rozbiorem wody przez u\u017cywanie jej do cel\u00f3w gospodarczych, w szczeg\u00f3lno\u015bci do podlewania ro\u015blin. Aby zapobiega\u0107 tego typu zdarzeniom prosimy aby podlewanie ogr\u00f3dk\u00f3w przydomowych, trawnik\u00f3w [&hellip;]\" \/>\n<meta property=\"og:url\" content=\"https:\/\/zgk.lubkow.pl\/zgk\/zwiekszony-pobor-wody\/\" \/>\n<meta property=\"og:site_name\" content=\"Zak\u0142ad Gospodarki Komunalnej w Lubkowie Sp\u00f3\u0142ka z o.o.\" \/>\n<meta property=\"article:published_time\" content=\"2021-06-18T07:57:18+00:00\" \/>\n<meta property=\"article:modified_time\" content=\"2026-02-16T12:10:33+00:00\" \/>\n<meta property=\"og:image\" content=\"https:\/\/gzgk.home.pl\/zgk\/wp-content\/uploads\/2021\/06\/podlewanie-ogrodka-300x169.jpg\" \/>\n<meta name=\"author\" content=\"rpalczewski\" \/>\n<meta name=\"twitter:card\" content=\"summary_large_image\" \/>\n<meta name=\"twitter:label1\" content=\"Napisane przez\" \/>\n\t<meta name=\"twitter:data1\" content=\"rpalczewski\" \/>\n\t<meta name=\"twitter:label2\" content=\"Szacowany czas czytania\" \/>\n\t<meta name=\"twitter:data2\" content=\"1 minuta\" \/>\n<script type=\"application\/ld+json\" class=\"yoast-schema-graph\">{\"@context\":\"https:\/\/schema.org\",\"@graph\":[{\"@type\":\"Article\",\"@id\":\"https:\/\/zgk.lubkow.pl\/zgk\/zwiekszony-pobor-wody\/#article\",\"isPartOf\":{\"@id\":\"https:\/\/zgk.lubkow.pl\/zgk\/zwiekszony-pobor-wody\/\"},\"author\":{\"name\":\"rpalczewski\",\"@id\":\"https:\/\/zgk.lubkow.pl\/zgk\/#\/schema\/person\/3c8ec62eec9a728021ed36790a53c88f\"},\"headline\":\"Okresowy spadek ci\u015bnienia wody ?\",\"datePublished\":\"2021-06-18T07:57:18+00:00\",\"dateModified\":\"2026-02-16T12:10:33+00:00\",\"mainEntityOfPage\":{\"@id\":\"https:\/\/zgk.lubkow.pl\/zgk\/zwiekszony-pobor-wody\/\"},\"wordCount\":158,\"publisher\":{\"@id\":\"https:\/\/zgk.lubkow.pl\/zgk\/#organization\"},\"image\":{\"@id\":\"https:\/\/zgk.lubkow.pl\/zgk\/zwiekszony-pobor-wody\/#primaryimage\"},\"thumbnailUrl\":\"https:\/\/gzgk.home.pl\/zgk\/wp-content\/uploads\/2021\/06\/podlewanie-ogrodka-300x169.jpg\",\"articleSection\":[\"Aktualno\u015bci\"],\"inLanguage\":\"pl-PL\"},{\"@type\":\"WebPage\",\"@id\":\"https:\/\/zgk.lubkow.pl\/zgk\/zwiekszony-pobor-wody\/\",\"url\":\"https:\/\/zgk.lubkow.pl\/zgk\/zwiekszony-pobor-wody\/\",\"name\":\"Okresowy spadek ci\u015bnienia wody ? - Zak\u0142ad Gospodarki Komunalnej w Lubkowie Sp\u00f3\u0142ka z o.o.\",\"isPartOf\":{\"@id\":\"https:\/\/zgk.lubkow.pl\/zgk\/#website\"},\"primaryImageOfPage\":{\"@id\":\"https:\/\/zgk.lubkow.pl\/zgk\/zwiekszony-pobor-wody\/#primaryimage\"},\"image\":{\"@id\":\"https:\/\/zgk.lubkow.pl\/zgk\/zwiekszony-pobor-wody\/#primaryimage\"},\"thumbnailUrl\":\"https:\/\/gzgk.home.pl\/zgk\/wp-content\/uploads\/2021\/06\/podlewanie-ogrodka-300x169.jpg\",\"datePublished\":\"2021-06-18T07:57:18+00:00\",\"dateModified\":\"2026-02-16T12:10:33+00:00\",\"breadcrumb\":{\"@id\":\"https:\/\/zgk.lubkow.pl\/zgk\/zwiekszony-pobor-wody\/#breadcrumb\"},\"inLanguage\":\"pl-PL\",\"potentialAction\":[{\"@type\":\"ReadAction\",\"target\":[\"https:\/\/zgk.lubkow.pl\/zgk\/zwiekszony-pobor-wody\/\"]}]},{\"@type\":\"ImageObject\",\"inLanguage\":\"pl-PL\",\"@id\":\"https:\/\/zgk.lubkow.pl\/zgk\/zwiekszony-pobor-wody\/#primaryimage\",\"url\":\"https:\/\/gzgk.home.pl\/zgk\/wp-content\/uploads\/2021\/06\/podlewanie-ogrodka-300x169.jpg\",\"contentUrl\":\"https:\/\/gzgk.home.pl\/zgk\/wp-content\/uploads\/2021\/06\/podlewanie-ogrodka-300x169.jpg\"},{\"@type\":\"BreadcrumbList\",\"@id\":\"https:\/\/zgk.lubkow.pl\/zgk\/zwiekszony-pobor-wody\/#breadcrumb\",\"itemListElement\":[{\"@type\":\"ListItem\",\"position\":1,\"name\":\"Strona g\u0142\u00f3wna\",\"item\":\"https:\/\/zgk.lubkow.pl\/zgk\/\"},{\"@type\":\"ListItem\",\"position\":2,\"name\":\"Okresowy spadek ci\u015bnienia wody ?\"}]},{\"@type\":\"WebSite\",\"@id\":\"https:\/\/zgk.lubkow.pl\/zgk\/#website\",\"url\":\"https:\/\/zgk.lubkow.pl\/zgk\/\",\"name\":\"Zak\u0142ad Gospodarki Komunalnej w Lubkowie Sp\u00f3\u0142ka z o.o.\",\"description\":\"\",\"publisher\":{\"@id\":\"https:\/\/zgk.lubkow.pl\/zgk\/#organization\"},\"potentialAction\":[{\"@type\":\"SearchAction\",\"target\":{\"@type\":\"EntryPoint\",\"urlTemplate\":\"https:\/\/zgk.lubkow.pl\/zgk\/?s={search_term_string}\"},\"query-input\":{\"@type\":\"PropertyValueSpecification\",\"valueRequired\":true,\"valueName\":\"search_term_string\"}}],\"inLanguage\":\"pl-PL\"},{\"@type\":\"Organization\",\"@id\":\"https:\/\/zgk.lubkow.pl\/zgk\/#organization\",\"name\":\"Zak\u0142ad Gospodarki Komunalnej w Lubkowie Sp\u00f3\u0142ka z o.o.\",\"url\":\"https:\/\/zgk.lubkow.pl\/zgk\/\",\"logo\":{\"@type\":\"ImageObject\",\"inLanguage\":\"pl-PL\",\"@id\":\"https:\/\/zgk.lubkow.pl\/zgk\/#\/schema\/logo\/image\/\",\"url\":\"https:\/\/zgk.lubkow.pl\/zgk\/wp-content\/uploads\/2026\/02\/logo-copy.webp\",\"contentUrl\":\"https:\/\/zgk.lubkow.pl\/zgk\/wp-content\/uploads\/2026\/02\/logo-copy.webp\",\"width\":844,\"height\":115,\"caption\":\"Zak\u0142ad Gospodarki Komunalnej w Lubkowie Sp\u00f3\u0142ka z o.o.\"},\"image\":{\"@id\":\"https:\/\/zgk.lubkow.pl\/zgk\/#\/schema\/logo\/image\/\"}},{\"@type\":\"Person\",\"@id\":\"https:\/\/zgk.lubkow.pl\/zgk\/#\/schema\/person\/3c8ec62eec9a728021ed36790a53c88f\",\"name\":\"rpalczewski\",\"image\":{\"@type\":\"ImageObject\",\"inLanguage\":\"pl-PL\",\"@id\":\"https:\/\/secure.gravatar.com\/avatar\/?s=96&d=mm&r=g\",\"url\":\"https:\/\/secure.gravatar.com\/avatar\/?s=96&d=mm&r=g\",\"contentUrl\":\"https:\/\/secure.gravatar.com\/avatar\/?s=96&d=mm&r=g\",\"caption\":\"rpalczewski\"},\"url\":\"https:\/\/zgk.lubkow.pl\/zgk\/author\/rpalczewski\/\"}]}<\/script>\n<!-- \/ Yoast SEO plugin. -->","yoast_head_json":{"title":"Okresowy spadek ci\u015bnienia wody ? - Zak\u0142ad Gospodarki Komunalnej w Lubkowie Sp\u00f3\u0142ka z o.o.","robots":{"index":"index","follow":"follow","max-snippet":"max-snippet:-1","max-image-preview":"max-image-preview:large","max-video-preview":"max-video-preview:-1"},"canonical":"https:\/\/zgk.lubkow.pl\/zgk\/zwiekszony-pobor-wody\/","og_locale":"pl_PL","og_type":"article","og_title":"Okresowy spadek ci\u015bnienia wody ? - Zak\u0142ad Gospodarki Komunalnej w Lubkowie Sp\u00f3\u0142ka z o.o.","og_description":"Szanowni Pa\u0144stwo, w ostatnich upalnych dniach informujecie Nas o spadkach ci\u015bnienia wody w okresach jej najwi\u0119kszego zapotrzebowania do cel\u00f3w socjalno-bytowych \u2013 tj. w godz. 16-22. Informujemy, \u017ce jest to spowodowane znacznym rozbiorem wody przez u\u017cywanie jej do cel\u00f3w gospodarczych, w szczeg\u00f3lno\u015bci do podlewania ro\u015blin. Aby zapobiega\u0107 tego typu zdarzeniom prosimy aby podlewanie ogr\u00f3dk\u00f3w przydomowych, trawnik\u00f3w [&hellip;]","og_url":"https:\/\/zgk.lubkow.pl\/zgk\/zwiekszony-pobor-wody\/","og_site_name":"Zak\u0142ad Gospodarki Komunalnej w Lubkowie Sp\u00f3\u0142ka z o.o.","article_published_time":"2021-06-18T07:57:18+00:00","article_modified_time":"2026-02-16T12:10:33+00:00","og_image":[{"url":"https:\/\/gzgk.home.pl\/zgk\/wp-content\/uploads\/2021\/06\/podlewanie-ogrodka-300x169.jpg","type":"","width":"","height":""}],"author":"rpalczewski","twitter_card":"summary_large_image","twitter_misc":{"Napisane przez":"rpalczewski","Szacowany czas czytania":"1 minuta"},"schema":{"@context":"https:\/\/schema.org","@graph":[{"@type":"Article","@id":"https:\/\/zgk.lubkow.pl\/zgk\/zwiekszony-pobor-wody\/#article","isPartOf":{"@id":"https:\/\/zgk.lubkow.pl\/zgk\/zwiekszony-pobor-wody\/"},"author":{"name":"rpalczewski","@id":"https:\/\/zgk.lubkow.pl\/zgk\/#\/schema\/person\/3c8ec62eec9a728021ed36790a53c88f"},"headline":"Okresowy spadek ci\u015bnienia wody ?","datePublished":"2021-06-18T07:57:18+00:00","dateModified":"2026-02-16T12:10:33+00:00","mainEntityOfPage":{"@id":"https:\/\/zgk.lubkow.pl\/zgk\/zwiekszony-pobor-wody\/"},"wordCount":158,"publisher":{"@id":"https:\/\/zgk.lubkow.pl\/zgk\/#organization"},"image":{"@id":"https:\/\/zgk.lubkow.pl\/zgk\/zwiekszony-pobor-wody\/#primaryimage"},"thumbnailUrl":"https:\/\/gzgk.home.pl\/zgk\/wp-content\/uploads\/2021\/06\/podlewanie-ogrodka-300x169.jpg","articleSection":["Aktualno\u015bci"],"inLanguage":"pl-PL"},{"@type":"WebPage","@id":"https:\/\/zgk.lubkow.pl\/zgk\/zwiekszony-pobor-wody\/","url":"https:\/\/zgk.lubkow.pl\/zgk\/zwiekszony-pobor-wody\/","name":"Okresowy spadek ci\u015bnienia wody ? - Zak\u0142ad Gospodarki Komunalnej w Lubkowie Sp\u00f3\u0142ka z o.o.","isPartOf":{"@id":"https:\/\/zgk.lubkow.pl\/zgk\/#website"},"primaryImageOfPage":{"@id":"https:\/\/zgk.lubkow.pl\/zgk\/zwiekszony-pobor-wody\/#primaryimage"},"image":{"@id":"https:\/\/zgk.lubkow.pl\/zgk\/zwiekszony-pobor-wody\/#primaryimage"},"thumbnailUrl":"https:\/\/gzgk.home.pl\/zgk\/wp-content\/uploads\/2021\/06\/podlewanie-ogrodka-300x169.jpg","datePublished":"2021-06-18T07:57:18+00:00","dateModified":"2026-02-16T12:10:33+00:00","breadcrumb":{"@id":"https:\/\/zgk.lubkow.pl\/zgk\/zwiekszony-pobor-wody\/#breadcrumb"},"inLanguage":"pl-PL","potentialAction":[{"@type":"ReadAction","target":["https:\/\/zgk.lubkow.pl\/zgk\/zwiekszony-pobor-wody\/"]}]},{"@type":"ImageObject","inLanguage":"pl-PL","@id":"https:\/\/zgk.lubkow.pl\/zgk\/zwiekszony-pobor-wody\/#primaryimage","url":"https:\/\/gzgk.home.pl\/zgk\/wp-content\/uploads\/2021\/06\/podlewanie-ogrodka-300x169.jpg","contentUrl":"https:\/\/gzgk.home.pl\/zgk\/wp-content\/uploads\/2021\/06\/podlewanie-ogrodka-300x169.jpg"},{"@type":"BreadcrumbList","@id":"https:\/\/zgk.lubkow.pl\/zgk\/zwiekszony-pobor-wody\/#breadcrumb","itemListElement":[{"@type":"ListItem","position":1,"name":"Strona g\u0142\u00f3wna","item":"https:\/\/zgk.lubkow.pl\/zgk\/"},{"@type":"ListItem","position":2,"name":"Okresowy spadek ci\u015bnienia wody ?"}]},{"@type":"WebSite","@id":"https:\/\/zgk.lubkow.pl\/zgk\/#website","url":"https:\/\/zgk.lubkow.pl\/zgk\/","name":"Zak\u0142ad Gospodarki Komunalnej w Lubkowie Sp\u00f3\u0142ka z o.o.","description":"","publisher":{"@id":"https:\/\/zgk.lubkow.pl\/zgk\/#organization"},"potentialAction":[{"@type":"SearchAction","target":{"@type":"EntryPoint","urlTemplate":"https:\/\/zgk.lubkow.pl\/zgk\/?s={search_term_string}"},"query-input":{"@type":"PropertyValueSpecification","valueRequired":true,"valueName":"search_term_string"}}],"inLanguage":"pl-PL"},{"@type":"Organization","@id":"https:\/\/zgk.lubkow.pl\/zgk\/#organization","name":"Zak\u0142ad Gospodarki Komunalnej w Lubkowie Sp\u00f3\u0142ka z o.o.","url":"https:\/\/zgk.lubkow.pl\/zgk\/","logo":{"@type":"ImageObject","inLanguage":"pl-PL","@id":"https:\/\/zgk.lubkow.pl\/zgk\/#\/schema\/logo\/image\/","url":"https:\/\/zgk.lubkow.pl\/zgk\/wp-content\/uploads\/2026\/02\/logo-copy.webp","contentUrl":"https:\/\/zgk.lubkow.pl\/zgk\/wp-content\/uploads\/2026\/02\/logo-copy.webp","width":844,"height":115,"caption":"Zak\u0142ad Gospodarki Komunalnej w Lubkowie Sp\u00f3\u0142ka z o.o."},"image":{"@id":"https:\/\/zgk.lubkow.pl\/zgk\/#\/schema\/logo\/image\/"}},{"@type":"Person","@id":"https:\/\/zgk.lubkow.pl\/zgk\/#\/schema\/person\/3c8ec62eec9a728021ed36790a53c88f","name":"rpalczewski","image":{"@type":"ImageObject","inLanguage":"pl-PL","@id":"https:\/\/secure.gravatar.com\/avatar\/?s=96&d=mm&r=g","url":"https:\/\/secure.gravatar.com\/avatar\/?s=96&d=mm&r=g","contentUrl":"https:\/\/secure.gravatar.com\/avatar\/?s=96&d=mm&r=g","caption":"rpalczewski"},"url":"https:\/\/zgk.lubkow.pl\/zgk\/author\/rpalczewski\/"}]}},"_links":{"self":[{"href":"https:\/\/zgk.lubkow.pl\/zgk\/wp-json\/wp\/v2\/posts\/802","targetHints":{"allow":["GET"]}}],"collection":[{"href":"https:\/\/zgk.lubkow.pl\/zgk\/wp-json\/wp\/v2\/posts"}],"about":[{"href":"https:\/\/zgk.lubkow.pl\/zgk\/wp-json\/wp\/v2\/types\/post"}],"author":[{"embeddable":true,"href":"https:\/\/zgk.lubkow.pl\/zgk\/wp-json\/wp\/v2\/users\/3"}],"replies":[{"embeddable":true,"href":"https:\/\/zgk.lubkow.pl\/zgk\/wp-json\/wp\/v2\/comments?post=802"}],"version-history":[{"count":1,"href":"https:\/\/zgk.lubkow.pl\/zgk\/wp-json\/wp\/v2\/posts\/802\/revisions"}],"predecessor-version":[{"id":4231,"href":"https:\/\/zgk.lubkow.pl\/zgk\/wp-json\/wp\/v2\/posts\/802\/revisions\/4231"}],"wp:attachment":[{"href":"https:\/\/zgk.lubkow.pl\/zgk\/wp-json\/wp\/v2\/media?parent=802"}],"wp:term":[{"taxonomy":"category","embeddable":true,"href":"https:\/\/zgk.lubkow.pl\/zgk\/wp-json\/wp\/v2\/categories?post=802"},{"taxonomy":"post_tag","embeddable":true,"href":"https:\/\/zgk.lubkow.pl\/zgk\/wp-json\/wp\/v2\/tags?post=802"}],"curies":[{"name":"wp","href":"https:\/\/api.w.org\/{rel}","templated":true}]}}