{"id":557,"date":"2021-05-04T20:03:03","date_gmt":"2021-05-04T18:03:03","guid":{"rendered":"https:\/\/zgk.lubkow.pl\/zgk\/?p=557"},"modified":"2026-02-16T13:10:41","modified_gmt":"2026-02-16T12:10:41","slug":"nowe-postepowanie-ponizej-progow-unijnych-w-trybie-podstawowym","status":"publish","type":"post","link":"https:\/\/zgk.lubkow.pl\/zgk\/nowe-postepowanie-ponizej-progow-unijnych-w-trybie-podstawowym\/","title":{"rendered":"Nowe post\u0119powanie poni\u017cej prog\u00f3w unijnych w trybie podstawowym.  !"},"content":{"rendered":"\n<p>Zak\u0142ad Gospodarki Komunalnej w Lubkowie Sp. z o.o. og\u0142asza post\u0119powanie na \u201eDostawa materia\u0142\u00f3w hydraulicznych na przebudow\u0119 przepompowni oraz sieci kanalizacyjnej w Warcie Bol.\u201d<\/p>\n\n\n\n<p>wi\u0119cej na miniportalu Urz\u0119du Zam\u00f3wie\u0144 Publicznych :<\/p>\n\n\n\n<p><a href=\"https:\/\/miniportal.uzp.gov.pl\/Postepowania\/dba15129-cb25-4664-819d-944fb0ffa6f7\">https:\/\/miniportal.uzp.gov.pl\/Postepowania\/dba15129-cb25-4664-819d-944fb0ffa6f7<\/a><\/p>\n","protected":false},"excerpt":{"rendered":"<p>Zak\u0142ad Gospodarki Komunalnej w Lubkowie Sp. z o.o. og\u0142asza post\u0119powanie na \u201eDostawa materia\u0142\u00f3w hydraulicznych na przebudow\u0119 przepompowni oraz sieci kanalizacyjnej w Warcie Bol.\u201d wi\u0119cej na miniportalu Urz\u0119du Zam\u00f3wie\u0144 Publicznych : https:\/\/miniportal.uzp.gov.pl\/Postepowania\/dba15129-cb25-4664-819d-944fb0ffa6f7<\/p>\n","protected":false},"author":3,"featured_media":0,"comment_status":"closed","ping_status":"closed","sticky":true,"template":"","format":"standard","meta":{"footnotes":""},"categories":[8,9],"tags":[],"class_list":["post-557","post","type-post","status-publish","format-standard","hentry","category-aktualnosci","category-ogloszenia"],"yoast_head":"<!-- This site is optimized with the Yoast SEO plugin v27.2 - https:\/\/yoast.com\/product\/yoast-seo-wordpress\/ -->\n<title>Nowe post\u0119powanie poni\u017cej prog\u00f3w unijnych w trybie podstawowym. ! - Zak\u0142ad Gospodarki Komunalnej w Lubkowie Sp\u00f3\u0142ka z o.o.<\/title>\n<meta name=\"robots\" content=\"index, follow, max-snippet:-1, max-image-preview:large, max-video-preview:-1\" \/>\n<link rel=\"canonical\" href=\"https:\/\/zgk.lubkow.pl\/zgk\/nowe-postepowanie-ponizej-progow-unijnych-w-trybie-podstawowym\/\" \/>\n<meta property=\"og:locale\" content=\"pl_PL\" \/>\n<meta property=\"og:type\" content=\"article\" \/>\n<meta property=\"og:title\" content=\"Nowe post\u0119powanie poni\u017cej prog\u00f3w unijnych w trybie podstawowym. ! - Zak\u0142ad Gospodarki Komunalnej w Lubkowie Sp\u00f3\u0142ka z o.o.\" \/>\n<meta property=\"og:description\" content=\"Zak\u0142ad Gospodarki Komunalnej w Lubkowie Sp. z o.o. og\u0142asza post\u0119powanie na \u201eDostawa materia\u0142\u00f3w hydraulicznych na przebudow\u0119 przepompowni oraz sieci kanalizacyjnej w Warcie Bol.\u201d wi\u0119cej na miniportalu Urz\u0119du Zam\u00f3wie\u0144 Publicznych : https:\/\/miniportal.uzp.gov.pl\/Postepowania\/dba15129-cb25-4664-819d-944fb0ffa6f7\" \/>\n<meta property=\"og:url\" content=\"https:\/\/zgk.lubkow.pl\/zgk\/nowe-postepowanie-ponizej-progow-unijnych-w-trybie-podstawowym\/\" \/>\n<meta property=\"og:site_name\" content=\"Zak\u0142ad Gospodarki Komunalnej w Lubkowie Sp\u00f3\u0142ka z o.o.\" \/>\n<meta property=\"article:published_time\" content=\"2021-05-04T18:03:03+00:00\" \/>\n<meta property=\"article:modified_time\" content=\"2026-02-16T12:10:41+00:00\" \/>\n<meta name=\"author\" content=\"rpalczewski\" \/>\n<meta name=\"twitter:card\" content=\"summary_large_image\" \/>\n<meta name=\"twitter:label1\" content=\"Napisane przez\" \/>\n\t<meta name=\"twitter:data1\" content=\"rpalczewski\" \/>\n<script type=\"application\/ld+json\" class=\"yoast-schema-graph\">{\"@context\":\"https:\/\/schema.org\",\"@graph\":[{\"@type\":\"Article\",\"@id\":\"https:\/\/zgk.lubkow.pl\/zgk\/nowe-postepowanie-ponizej-progow-unijnych-w-trybie-podstawowym\/#article\",\"isPartOf\":{\"@id\":\"https:\/\/zgk.lubkow.pl\/zgk\/nowe-postepowanie-ponizej-progow-unijnych-w-trybie-podstawowym\/\"},\"author\":{\"name\":\"rpalczewski\",\"@id\":\"https:\/\/zgk.lubkow.pl\/zgk\/#\/schema\/person\/3c8ec62eec9a728021ed36790a53c88f\"},\"headline\":\"Nowe post\u0119powanie poni\u017cej prog\u00f3w unijnych w trybie podstawowym. !\",\"datePublished\":\"2021-05-04T18:03:03+00:00\",\"dateModified\":\"2026-02-16T12:10:41+00:00\",\"mainEntityOfPage\":{\"@id\":\"https:\/\/zgk.lubkow.pl\/zgk\/nowe-postepowanie-ponizej-progow-unijnych-w-trybie-podstawowym\/\"},\"wordCount\":62,\"publisher\":{\"@id\":\"https:\/\/zgk.lubkow.pl\/zgk\/#organization\"},\"articleSection\":[\"Aktualno\u015bci\",\"Og\u0142oszenia\"],\"inLanguage\":\"pl-PL\"},{\"@type\":\"WebPage\",\"@id\":\"https:\/\/zgk.lubkow.pl\/zgk\/nowe-postepowanie-ponizej-progow-unijnych-w-trybie-podstawowym\/\",\"url\":\"https:\/\/zgk.lubkow.pl\/zgk\/nowe-postepowanie-ponizej-progow-unijnych-w-trybie-podstawowym\/\",\"name\":\"Nowe post\u0119powanie poni\u017cej prog\u00f3w unijnych w trybie podstawowym. ! - Zak\u0142ad Gospodarki Komunalnej w Lubkowie Sp\u00f3\u0142ka z o.o.\",\"isPartOf\":{\"@id\":\"https:\/\/zgk.lubkow.pl\/zgk\/#website\"},\"datePublished\":\"2021-05-04T18:03:03+00:00\",\"dateModified\":\"2026-02-16T12:10:41+00:00\",\"breadcrumb\":{\"@id\":\"https:\/\/zgk.lubkow.pl\/zgk\/nowe-postepowanie-ponizej-progow-unijnych-w-trybie-podstawowym\/#breadcrumb\"},\"inLanguage\":\"pl-PL\",\"potentialAction\":[{\"@type\":\"ReadAction\",\"target\":[\"https:\/\/zgk.lubkow.pl\/zgk\/nowe-postepowanie-ponizej-progow-unijnych-w-trybie-podstawowym\/\"]}]},{\"@type\":\"BreadcrumbList\",\"@id\":\"https:\/\/zgk.lubkow.pl\/zgk\/nowe-postepowanie-ponizej-progow-unijnych-w-trybie-podstawowym\/#breadcrumb\",\"itemListElement\":[{\"@type\":\"ListItem\",\"position\":1,\"name\":\"Strona g\u0142\u00f3wna\",\"item\":\"https:\/\/zgk.lubkow.pl\/zgk\/\"},{\"@type\":\"ListItem\",\"position\":2,\"name\":\"Nowe post\u0119powanie poni\u017cej prog\u00f3w unijnych w trybie podstawowym. !\"}]},{\"@type\":\"WebSite\",\"@id\":\"https:\/\/zgk.lubkow.pl\/zgk\/#website\",\"url\":\"https:\/\/zgk.lubkow.pl\/zgk\/\",\"name\":\"Zak\u0142ad Gospodarki Komunalnej w Lubkowie Sp\u00f3\u0142ka z o.o.\",\"description\":\"\",\"publisher\":{\"@id\":\"https:\/\/zgk.lubkow.pl\/zgk\/#organization\"},\"potentialAction\":[{\"@type\":\"SearchAction\",\"target\":{\"@type\":\"EntryPoint\",\"urlTemplate\":\"https:\/\/zgk.lubkow.pl\/zgk\/?s={search_term_string}\"},\"query-input\":{\"@type\":\"PropertyValueSpecification\",\"valueRequired\":true,\"valueName\":\"search_term_string\"}}],\"inLanguage\":\"pl-PL\"},{\"@type\":\"Organization\",\"@id\":\"https:\/\/zgk.lubkow.pl\/zgk\/#organization\",\"name\":\"Zak\u0142ad Gospodarki Komunalnej w Lubkowie Sp\u00f3\u0142ka z o.o.\",\"url\":\"https:\/\/zgk.lubkow.pl\/zgk\/\",\"logo\":{\"@type\":\"ImageObject\",\"inLanguage\":\"pl-PL\",\"@id\":\"https:\/\/zgk.lubkow.pl\/zgk\/#\/schema\/logo\/image\/\",\"url\":\"https:\/\/zgk.lubkow.pl\/zgk\/wp-content\/uploads\/2026\/02\/logo-copy.webp\",\"contentUrl\":\"https:\/\/zgk.lubkow.pl\/zgk\/wp-content\/uploads\/2026\/02\/logo-copy.webp\",\"width\":844,\"height\":115,\"caption\":\"Zak\u0142ad Gospodarki Komunalnej w Lubkowie Sp\u00f3\u0142ka z o.o.\"},\"image\":{\"@id\":\"https:\/\/zgk.lubkow.pl\/zgk\/#\/schema\/logo\/image\/\"}},{\"@type\":\"Person\",\"@id\":\"https:\/\/zgk.lubkow.pl\/zgk\/#\/schema\/person\/3c8ec62eec9a728021ed36790a53c88f\",\"name\":\"rpalczewski\",\"image\":{\"@type\":\"ImageObject\",\"inLanguage\":\"pl-PL\",\"@id\":\"https:\/\/secure.gravatar.com\/avatar\/?s=96&d=mm&r=g\",\"url\":\"https:\/\/secure.gravatar.com\/avatar\/?s=96&d=mm&r=g\",\"contentUrl\":\"https:\/\/secure.gravatar.com\/avatar\/?s=96&d=mm&r=g\",\"caption\":\"rpalczewski\"},\"url\":\"https:\/\/zgk.lubkow.pl\/zgk\/author\/rpalczewski\/\"}]}<\/script>\n<!-- \/ Yoast SEO plugin. -->","yoast_head_json":{"title":"Nowe post\u0119powanie poni\u017cej prog\u00f3w unijnych w trybie podstawowym. ! - Zak\u0142ad Gospodarki Komunalnej w Lubkowie Sp\u00f3\u0142ka z o.o.","robots":{"index":"index","follow":"follow","max-snippet":"max-snippet:-1","max-image-preview":"max-image-preview:large","max-video-preview":"max-video-preview:-1"},"canonical":"https:\/\/zgk.lubkow.pl\/zgk\/nowe-postepowanie-ponizej-progow-unijnych-w-trybie-podstawowym\/","og_locale":"pl_PL","og_type":"article","og_title":"Nowe post\u0119powanie poni\u017cej prog\u00f3w unijnych w trybie podstawowym. ! - Zak\u0142ad Gospodarki Komunalnej w Lubkowie Sp\u00f3\u0142ka z o.o.","og_description":"Zak\u0142ad Gospodarki Komunalnej w Lubkowie Sp. z o.o. og\u0142asza post\u0119powanie na \u201eDostawa materia\u0142\u00f3w hydraulicznych na przebudow\u0119 przepompowni oraz sieci kanalizacyjnej w Warcie Bol.\u201d wi\u0119cej na miniportalu Urz\u0119du Zam\u00f3wie\u0144 Publicznych : https:\/\/miniportal.uzp.gov.pl\/Postepowania\/dba15129-cb25-4664-819d-944fb0ffa6f7","og_url":"https:\/\/zgk.lubkow.pl\/zgk\/nowe-postepowanie-ponizej-progow-unijnych-w-trybie-podstawowym\/","og_site_name":"Zak\u0142ad Gospodarki Komunalnej w Lubkowie Sp\u00f3\u0142ka z o.o.","article_published_time":"2021-05-04T18:03:03+00:00","article_modified_time":"2026-02-16T12:10:41+00:00","author":"rpalczewski","twitter_card":"summary_large_image","twitter_misc":{"Napisane przez":"rpalczewski"},"schema":{"@context":"https:\/\/schema.org","@graph":[{"@type":"Article","@id":"https:\/\/zgk.lubkow.pl\/zgk\/nowe-postepowanie-ponizej-progow-unijnych-w-trybie-podstawowym\/#article","isPartOf":{"@id":"https:\/\/zgk.lubkow.pl\/zgk\/nowe-postepowanie-ponizej-progow-unijnych-w-trybie-podstawowym\/"},"author":{"name":"rpalczewski","@id":"https:\/\/zgk.lubkow.pl\/zgk\/#\/schema\/person\/3c8ec62eec9a728021ed36790a53c88f"},"headline":"Nowe post\u0119powanie poni\u017cej prog\u00f3w unijnych w trybie podstawowym. !","datePublished":"2021-05-04T18:03:03+00:00","dateModified":"2026-02-16T12:10:41+00:00","mainEntityOfPage":{"@id":"https:\/\/zgk.lubkow.pl\/zgk\/nowe-postepowanie-ponizej-progow-unijnych-w-trybie-podstawowym\/"},"wordCount":62,"publisher":{"@id":"https:\/\/zgk.lubkow.pl\/zgk\/#organization"},"articleSection":["Aktualno\u015bci","Og\u0142oszenia"],"inLanguage":"pl-PL"},{"@type":"WebPage","@id":"https:\/\/zgk.lubkow.pl\/zgk\/nowe-postepowanie-ponizej-progow-unijnych-w-trybie-podstawowym\/","url":"https:\/\/zgk.lubkow.pl\/zgk\/nowe-postepowanie-ponizej-progow-unijnych-w-trybie-podstawowym\/","name":"Nowe post\u0119powanie poni\u017cej prog\u00f3w unijnych w trybie podstawowym. ! - Zak\u0142ad Gospodarki Komunalnej w Lubkowie Sp\u00f3\u0142ka z o.o.","isPartOf":{"@id":"https:\/\/zgk.lubkow.pl\/zgk\/#website"},"datePublished":"2021-05-04T18:03:03+00:00","dateModified":"2026-02-16T12:10:41+00:00","breadcrumb":{"@id":"https:\/\/zgk.lubkow.pl\/zgk\/nowe-postepowanie-ponizej-progow-unijnych-w-trybie-podstawowym\/#breadcrumb"},"inLanguage":"pl-PL","potentialAction":[{"@type":"ReadAction","target":["https:\/\/zgk.lubkow.pl\/zgk\/nowe-postepowanie-ponizej-progow-unijnych-w-trybie-podstawowym\/"]}]},{"@type":"BreadcrumbList","@id":"https:\/\/zgk.lubkow.pl\/zgk\/nowe-postepowanie-ponizej-progow-unijnych-w-trybie-podstawowym\/#breadcrumb","itemListElement":[{"@type":"ListItem","position":1,"name":"Strona g\u0142\u00f3wna","item":"https:\/\/zgk.lubkow.pl\/zgk\/"},{"@type":"ListItem","position":2,"name":"Nowe post\u0119powanie poni\u017cej prog\u00f3w unijnych w trybie podstawowym. !"}]},{"@type":"WebSite","@id":"https:\/\/zgk.lubkow.pl\/zgk\/#website","url":"https:\/\/zgk.lubkow.pl\/zgk\/","name":"Zak\u0142ad Gospodarki Komunalnej w Lubkowie Sp\u00f3\u0142ka z o.o.","description":"","publisher":{"@id":"https:\/\/zgk.lubkow.pl\/zgk\/#organization"},"potentialAction":[{"@type":"SearchAction","target":{"@type":"EntryPoint","urlTemplate":"https:\/\/zgk.lubkow.pl\/zgk\/?s={search_term_string}"},"query-input":{"@type":"PropertyValueSpecification","valueRequired":true,"valueName":"search_term_string"}}],"inLanguage":"pl-PL"},{"@type":"Organization","@id":"https:\/\/zgk.lubkow.pl\/zgk\/#organization","name":"Zak\u0142ad Gospodarki Komunalnej w Lubkowie Sp\u00f3\u0142ka z o.o.","url":"https:\/\/zgk.lubkow.pl\/zgk\/","logo":{"@type":"ImageObject","inLanguage":"pl-PL","@id":"https:\/\/zgk.lubkow.pl\/zgk\/#\/schema\/logo\/image\/","url":"https:\/\/zgk.lubkow.pl\/zgk\/wp-content\/uploads\/2026\/02\/logo-copy.webp","contentUrl":"https:\/\/zgk.lubkow.pl\/zgk\/wp-content\/uploads\/2026\/02\/logo-copy.webp","width":844,"height":115,"caption":"Zak\u0142ad Gospodarki Komunalnej w Lubkowie Sp\u00f3\u0142ka z o.o."},"image":{"@id":"https:\/\/zgk.lubkow.pl\/zgk\/#\/schema\/logo\/image\/"}},{"@type":"Person","@id":"https:\/\/zgk.lubkow.pl\/zgk\/#\/schema\/person\/3c8ec62eec9a728021ed36790a53c88f","name":"rpalczewski","image":{"@type":"ImageObject","inLanguage":"pl-PL","@id":"https:\/\/secure.gravatar.com\/avatar\/?s=96&d=mm&r=g","url":"https:\/\/secure.gravatar.com\/avatar\/?s=96&d=mm&r=g","contentUrl":"https:\/\/secure.gravatar.com\/avatar\/?s=96&d=mm&r=g","caption":"rpalczewski"},"url":"https:\/\/zgk.lubkow.pl\/zgk\/author\/rpalczewski\/"}]}},"_links":{"self":[{"href":"https:\/\/zgk.lubkow.pl\/zgk\/wp-json\/wp\/v2\/posts\/557","targetHints":{"allow":["GET"]}}],"collection":[{"href":"https:\/\/zgk.lubkow.pl\/zgk\/wp-json\/wp\/v2\/posts"}],"about":[{"href":"https:\/\/zgk.lubkow.pl\/zgk\/wp-json\/wp\/v2\/types\/post"}],"author":[{"embeddable":true,"href":"https:\/\/zgk.lubkow.pl\/zgk\/wp-json\/wp\/v2\/users\/3"}],"replies":[{"embeddable":true,"href":"https:\/\/zgk.lubkow.pl\/zgk\/wp-json\/wp\/v2\/comments?post=557"}],"version-history":[{"count":1,"href":"https:\/\/zgk.lubkow.pl\/zgk\/wp-json\/wp\/v2\/posts\/557\/revisions"}],"predecessor-version":[{"id":4234,"href":"https:\/\/zgk.lubkow.pl\/zgk\/wp-json\/wp\/v2\/posts\/557\/revisions\/4234"}],"wp:attachment":[{"href":"https:\/\/zgk.lubkow.pl\/zgk\/wp-json\/wp\/v2\/media?parent=557"}],"wp:term":[{"taxonomy":"category","embeddable":true,"href":"https:\/\/zgk.lubkow.pl\/zgk\/wp-json\/wp\/v2\/categories?post=557"},{"taxonomy":"post_tag","embeddable":true,"href":"https:\/\/zgk.lubkow.pl\/zgk\/wp-json\/wp\/v2\/tags?post=557"}],"curies":[{"name":"wp","href":"https:\/\/api.w.org\/{rel}","templated":true}]}}