{"id":3945,"date":"2026-01-21T14:55:54","date_gmt":"2026-01-21T13:55:54","guid":{"rendered":"https:\/\/zgk.lubkow.pl\/zgk\/?p=3945"},"modified":"2026-02-16T13:09:05","modified_gmt":"2026-02-16T12:09:05","slug":"wymiana-wodomierzy-glownych-w-miejscowosci-iwiny","status":"publish","type":"post","link":"https:\/\/zgk.lubkow.pl\/zgk\/wymiana-wodomierzy-glownych-w-miejscowosci-iwiny\/","title":{"rendered":"Wymiana wodomierzy g\u0142\u00f3wnych w miejscowo\u015bci Iwiny"},"content":{"rendered":"\t\t<div data-elementor-type=\"wp-post\" data-elementor-id=\"3945\" class=\"elementor elementor-3945\">\n\t\t\t\t\t\t<section class=\"elementor-section elementor-top-section elementor-element elementor-element-6f553f4 elementor-section-boxed elementor-section-height-default elementor-section-height-default\" data-id=\"6f553f4\" data-element_type=\"section\" data-e-type=\"section\">\n\t\t\t\t\t\t<div class=\"elementor-container elementor-column-gap-default\">\n\t\t\t\t\t<div class=\"elementor-column elementor-col-100 elementor-top-column elementor-element elementor-element-184b010\" data-id=\"184b010\" data-element_type=\"column\" data-e-type=\"column\">\n\t\t\t<div class=\"elementor-widget-wrap elementor-element-populated\">\n\t\t\t\t\t\t<div class=\"elementor-element elementor-element-c3f47a4 elementor-widget elementor-widget-text-editor\" data-id=\"c3f47a4\" data-element_type=\"widget\" data-e-type=\"widget\" data-widget_type=\"text-editor.default\">\n\t\t\t\t\t\t\t\t\t<p>Szanowni Pa\u0144stwo informujemy, \u017ce Zak\u0142ad Gospodarki Komunalnej w Lubkowie Sp. z o. o. w styczniu 2026 r. rozpoczyna wymian\u0119 wodomierzy g\u0142\u00f3wnych w miejscowo\u015bci <strong>Iwiny-Osiedle I i Osiedle II<\/strong>. O dok\u0142adnym terminie wymiany wodomierza zostan\u0105 Pa\u0144stwo poinformowani przez wywieszenie og\u0142oszenia.<\/p><p>Jednocze\u015bnie informujemy, \u017ce pracownicy Zak\u0142adu s\u0105 upowa\u017cnieni do wst\u0119pu do pomieszcze\u0144 gdzie zainstalowane s\u0105 wodomierze. <strong>Pracownicy nie pobieraj\u0105 pieni\u0119dzy za wymian\u0119 wodomierza g\u0142\u00f3wnego<\/strong>. Prosimy o zg\u0142aszanie pr\u00f3b wy\u0142udzenia \u015brodk\u00f3w. Je\u015bli b\u0119dziecie Pa\u0144stwo mieli jakie\u015b w\u0105tpliwo\u015bci prosimy o kontakt z nami.<\/p><p>Jednocze\u015bnie informujemy, \u017ce zgodnie z ustaw\u0105 z dnia 7 czerwca 2001 r. o zbiorowym zaopatrzeniu w wod\u0119 i zbiorowym odprowadzaniu \u015bciek\u00f3w (t.j. Dz. U. z 2024 r. poz. 757) <b>za przy\u0142\u0105cze wodoci\u0105gowe \u2013 uwa\u017ca si\u0119 odcinek przewodu \u0142\u0105cz\u0105cego sie\u0107 wodoci\u0105gow\u0105 z wewn\u0119trzn\u0105 instalacj\u0105 wodoci\u0105gow\u0105 w\u00a0nieruchomo\u015bci odbiorcy us\u0142ug wraz z zaworem za wodomierzem g\u0142\u00f3wnym. <\/b><\/p><p>Tym samym nale\u017cy wskaza\u0107, \u017ce :<\/p><ol style=\"margin-top: 0cm;\" start=\"1\" type=\"1\"><li>Jeden wodomierz g\u0142\u00f3wny przys\u0142uguje jednemu Odbiorcy naszych us\u0142ug. Wodomierz g\u0142\u00f3wny jest legalizowanym urz\u0105dzeniem pomiarowym dostarczanym przez Zak\u0142ad. Jest on montowany na koszt Zak\u0142adu Gospodarki Komunalnej w Lubkowie Sp. z o.o. Przez ca\u0142y okres trwania us\u0142ugi <b>wodomierz g\u0142\u00f3wny jest w\u0142asno\u015bci\u0105 Zak\u0142adu.<\/b><\/li><li>Podlicznik wodomierza g\u0142\u00f3wnego (wodomierz gospodarczy) jest legalizowanym urz\u0105dzeniem pomiarowym zamontowanym w instalacji wewn\u0119trznej Odbiorcy za wodomierzem g\u0142\u00f3wnym. <b>Podlicznik jest w\u0142asno\u015bci\u0105 odbiorcy.<\/b><\/li><li>Inne wodomierze, nie b\u0119d\u0105ce podlicznikiem wodomierza g\u0142\u00f3wnego b\u0119d\u0105 likwidowane przez pracownik\u00f3w Zak\u0142adu.<\/li><li>Je\u015bli widzicie Pa\u0144stwo konieczno\u015b\u0107 posiadania podlicznika (dodatkowego wodomierza gospodarczego), z kt\u00f3rego woda b\u0119dzie wykorzystywana do prac gospodarskich &#8211; zg\u0142aszacie Pa\u0144stwo wol\u0119 pracownikowi Zak\u0142adu. Za\u0142o\u017cenie nowego podlicznika wodomierza g\u0142\u00f3wnego nast\u0119puje po przygotowaniu przez Pa\u0144stwa instalacji wewn\u0119trznej tak aby wykona\u0107 wpi\u0119cie podlicznika. <b>To po Pa\u0144stwa stronie &#8211; jako Odbiorcy le\u017cy przygotowanie instalacji dla monta\u017cu podlicznika.<\/b> Pracownicy Zak\u0142adu nie wykonuj\u0105 tego typu rob\u00f3t w ramach wymiany wodomierza g\u0142\u00f3wnego. Odbiorca sam ponosi koszty zar\u00f3wno dostosowania instalacji wewn\u0119trznej jak i koszt podlicznika (wodomierza gospodarczego). <b>Us\u0142uga monta\u017cu podlicznika<\/b> (wodomierza gospodarczego) jest okre\u015blony w cenniku ustalanym przez Zarz\u0105d zak\u0142adu (poz.36.9 ), na kt\u00f3r\u0105 sk\u0142ada si\u0119 monta\u017c i\u00a0oplombowanie wodomierza z wbudowan\u0105 nak\u0142adk\u0105 . Wodomierz taki jest zak\u0142adany na 5 lat \u2013 tj. na okres jego legalizacji.<\/li><\/ol><ol style=\"margin-top: 0cm;\" start=\"5\" type=\"1\"><li>W wyj\u0105tkowych wypadkach \u2013 wtedy kiedy na nieruchomo\u015bci da si\u0119 wyodr\u0119bni\u0107 dwa niezale\u017cne przy\u0142\u0105cza wodoci\u0105gowe, istnieje mo\u017cliwo\u015b\u0107 posiadania przez Odbiorc\u0119 drugiego wodomierza g\u0142\u00f3wnego (np. do drugiego budynku). W takim przypadku nale\u017cy zg\u0142osi\u0107 si\u0119 do Zak\u0142adu celem zawarcia stosownej umowy na dostaw\u0119 wody. Odbiorca b\u0119dzie posiada\u0142 w tym przypadku dwie umowy, a tak\u017ce ponosi\u0142 op\u0142aty zwi\u0105zane z posiadaniem dw\u00f3ch przy\u0142\u0105czy, zgodnie z\u00a0obowi\u0105zuj\u0105c\u0105 taryf\u0105.<\/li><\/ol><p>Prezes Zarz\u0105du<br \/>Rados\u0142aw Palczewski<\/p>\t\t\t\t\t\t\t\t<\/div>\n\t\t\t\t\t<\/div>\n\t\t<\/div>\n\t\t\t\t\t<\/div>\n\t\t<\/section>\n\t\t\t\t<\/div>\n\t\t","protected":false},"excerpt":{"rendered":"<p>Szanowni Pa\u0144stwo informujemy, \u017ce Zak\u0142ad Gospodarki Komunalnej w Lubkowie Sp. z o. o. w styczniu 2026 r. rozpoczyna wymian\u0119 wodomierzy g\u0142\u00f3wnych w miejscowo\u015bci Iwiny-Osiedle I i Osiedle II. O dok\u0142adnym terminie wymiany wodomierza zostan\u0105 Pa\u0144stwo poinformowani przez wywieszenie og\u0142oszenia. Jednocze\u015bnie informujemy, \u017ce pracownicy Zak\u0142adu s\u0105 upowa\u017cnieni do wst\u0119pu do pomieszcze\u0144 gdzie zainstalowane s\u0105 wodomierze. Pracownicy [&hellip;]<\/p>\n","protected":false},"author":3,"featured_media":0,"comment_status":"closed","ping_status":"closed","sticky":false,"template":"","format":"standard","meta":{"footnotes":""},"categories":[8],"tags":[],"class_list":["post-3945","post","type-post","status-publish","format-standard","hentry","category-aktualnosci"],"yoast_head":"<!-- This site is optimized with the Yoast SEO plugin v27.2 - https:\/\/yoast.com\/product\/yoast-seo-wordpress\/ -->\n<title>Wymiana wodomierzy g\u0142\u00f3wnych w miejscowo\u015bci Iwiny - Zak\u0142ad Gospodarki Komunalnej w Lubkowie Sp\u00f3\u0142ka z o.o.<\/title>\n<meta name=\"robots\" content=\"index, follow, max-snippet:-1, max-image-preview:large, max-video-preview:-1\" \/>\n<link rel=\"canonical\" href=\"https:\/\/zgk.lubkow.pl\/zgk\/wymiana-wodomierzy-glownych-w-miejscowosci-iwiny\/\" \/>\n<meta property=\"og:locale\" content=\"pl_PL\" \/>\n<meta property=\"og:type\" content=\"article\" \/>\n<meta property=\"og:title\" content=\"Wymiana wodomierzy g\u0142\u00f3wnych w miejscowo\u015bci Iwiny - Zak\u0142ad Gospodarki Komunalnej w Lubkowie Sp\u00f3\u0142ka z o.o.\" \/>\n<meta property=\"og:description\" content=\"Szanowni Pa\u0144stwo informujemy, \u017ce Zak\u0142ad Gospodarki Komunalnej w Lubkowie Sp. z o. o. w styczniu 2026 r. rozpoczyna wymian\u0119 wodomierzy g\u0142\u00f3wnych w miejscowo\u015bci Iwiny-Osiedle I i Osiedle II. O dok\u0142adnym terminie wymiany wodomierza zostan\u0105 Pa\u0144stwo poinformowani przez wywieszenie og\u0142oszenia. Jednocze\u015bnie informujemy, \u017ce pracownicy Zak\u0142adu s\u0105 upowa\u017cnieni do wst\u0119pu do pomieszcze\u0144 gdzie zainstalowane s\u0105 wodomierze. Pracownicy [&hellip;]\" \/>\n<meta property=\"og:url\" content=\"https:\/\/zgk.lubkow.pl\/zgk\/wymiana-wodomierzy-glownych-w-miejscowosci-iwiny\/\" \/>\n<meta property=\"og:site_name\" content=\"Zak\u0142ad Gospodarki Komunalnej w Lubkowie Sp\u00f3\u0142ka z o.o.\" \/>\n<meta property=\"article:published_time\" content=\"2026-01-21T13:55:54+00:00\" \/>\n<meta property=\"article:modified_time\" content=\"2026-02-16T12:09:05+00:00\" \/>\n<meta name=\"author\" content=\"rpalczewski\" \/>\n<meta name=\"twitter:card\" content=\"summary_large_image\" \/>\n<meta name=\"twitter:label1\" content=\"Napisane przez\" \/>\n\t<meta name=\"twitter:data1\" content=\"rpalczewski\" \/>\n\t<meta name=\"twitter:label2\" content=\"Szacowany czas czytania\" \/>\n\t<meta name=\"twitter:data2\" content=\"3 minuty\" \/>\n<script type=\"application\/ld+json\" class=\"yoast-schema-graph\">{\"@context\":\"https:\/\/schema.org\",\"@graph\":[{\"@type\":\"Article\",\"@id\":\"https:\/\/zgk.lubkow.pl\/zgk\/wymiana-wodomierzy-glownych-w-miejscowosci-iwiny\/#article\",\"isPartOf\":{\"@id\":\"https:\/\/zgk.lubkow.pl\/zgk\/wymiana-wodomierzy-glownych-w-miejscowosci-iwiny\/\"},\"author\":{\"name\":\"rpalczewski\",\"@id\":\"https:\/\/zgk.lubkow.pl\/zgk\/#\/schema\/person\/3c8ec62eec9a728021ed36790a53c88f\"},\"headline\":\"Wymiana wodomierzy g\u0142\u00f3wnych w miejscowo\u015bci Iwiny\",\"datePublished\":\"2026-01-21T13:55:54+00:00\",\"dateModified\":\"2026-02-16T12:09:05+00:00\",\"mainEntityOfPage\":{\"@id\":\"https:\/\/zgk.lubkow.pl\/zgk\/wymiana-wodomierzy-glownych-w-miejscowosci-iwiny\/\"},\"wordCount\":507,\"publisher\":{\"@id\":\"https:\/\/zgk.lubkow.pl\/zgk\/#organization\"},\"articleSection\":[\"Aktualno\u015bci\"],\"inLanguage\":\"pl-PL\"},{\"@type\":\"WebPage\",\"@id\":\"https:\/\/zgk.lubkow.pl\/zgk\/wymiana-wodomierzy-glownych-w-miejscowosci-iwiny\/\",\"url\":\"https:\/\/zgk.lubkow.pl\/zgk\/wymiana-wodomierzy-glownych-w-miejscowosci-iwiny\/\",\"name\":\"Wymiana wodomierzy g\u0142\u00f3wnych w miejscowo\u015bci Iwiny - Zak\u0142ad Gospodarki Komunalnej w Lubkowie Sp\u00f3\u0142ka z o.o.\",\"isPartOf\":{\"@id\":\"https:\/\/zgk.lubkow.pl\/zgk\/#website\"},\"datePublished\":\"2026-01-21T13:55:54+00:00\",\"dateModified\":\"2026-02-16T12:09:05+00:00\",\"breadcrumb\":{\"@id\":\"https:\/\/zgk.lubkow.pl\/zgk\/wymiana-wodomierzy-glownych-w-miejscowosci-iwiny\/#breadcrumb\"},\"inLanguage\":\"pl-PL\",\"potentialAction\":[{\"@type\":\"ReadAction\",\"target\":[\"https:\/\/zgk.lubkow.pl\/zgk\/wymiana-wodomierzy-glownych-w-miejscowosci-iwiny\/\"]}]},{\"@type\":\"BreadcrumbList\",\"@id\":\"https:\/\/zgk.lubkow.pl\/zgk\/wymiana-wodomierzy-glownych-w-miejscowosci-iwiny\/#breadcrumb\",\"itemListElement\":[{\"@type\":\"ListItem\",\"position\":1,\"name\":\"Strona g\u0142\u00f3wna\",\"item\":\"https:\/\/zgk.lubkow.pl\/zgk\/\"},{\"@type\":\"ListItem\",\"position\":2,\"name\":\"Wymiana wodomierzy g\u0142\u00f3wnych w miejscowo\u015bci Iwiny\"}]},{\"@type\":\"WebSite\",\"@id\":\"https:\/\/zgk.lubkow.pl\/zgk\/#website\",\"url\":\"https:\/\/zgk.lubkow.pl\/zgk\/\",\"name\":\"Zak\u0142ad Gospodarki Komunalnej w Lubkowie Sp\u00f3\u0142ka z o.o.\",\"description\":\"\",\"publisher\":{\"@id\":\"https:\/\/zgk.lubkow.pl\/zgk\/#organization\"},\"potentialAction\":[{\"@type\":\"SearchAction\",\"target\":{\"@type\":\"EntryPoint\",\"urlTemplate\":\"https:\/\/zgk.lubkow.pl\/zgk\/?s={search_term_string}\"},\"query-input\":{\"@type\":\"PropertyValueSpecification\",\"valueRequired\":true,\"valueName\":\"search_term_string\"}}],\"inLanguage\":\"pl-PL\"},{\"@type\":\"Organization\",\"@id\":\"https:\/\/zgk.lubkow.pl\/zgk\/#organization\",\"name\":\"Zak\u0142ad Gospodarki Komunalnej w Lubkowie Sp\u00f3\u0142ka z o.o.\",\"url\":\"https:\/\/zgk.lubkow.pl\/zgk\/\",\"logo\":{\"@type\":\"ImageObject\",\"inLanguage\":\"pl-PL\",\"@id\":\"https:\/\/zgk.lubkow.pl\/zgk\/#\/schema\/logo\/image\/\",\"url\":\"https:\/\/zgk.lubkow.pl\/zgk\/wp-content\/uploads\/2026\/02\/logo-copy.webp\",\"contentUrl\":\"https:\/\/zgk.lubkow.pl\/zgk\/wp-content\/uploads\/2026\/02\/logo-copy.webp\",\"width\":844,\"height\":115,\"caption\":\"Zak\u0142ad Gospodarki Komunalnej w Lubkowie Sp\u00f3\u0142ka z o.o.\"},\"image\":{\"@id\":\"https:\/\/zgk.lubkow.pl\/zgk\/#\/schema\/logo\/image\/\"}},{\"@type\":\"Person\",\"@id\":\"https:\/\/zgk.lubkow.pl\/zgk\/#\/schema\/person\/3c8ec62eec9a728021ed36790a53c88f\",\"name\":\"rpalczewski\",\"image\":{\"@type\":\"ImageObject\",\"inLanguage\":\"pl-PL\",\"@id\":\"https:\/\/secure.gravatar.com\/avatar\/?s=96&d=mm&r=g\",\"url\":\"https:\/\/secure.gravatar.com\/avatar\/?s=96&d=mm&r=g\",\"contentUrl\":\"https:\/\/secure.gravatar.com\/avatar\/?s=96&d=mm&r=g\",\"caption\":\"rpalczewski\"},\"url\":\"https:\/\/zgk.lubkow.pl\/zgk\/author\/rpalczewski\/\"}]}<\/script>\n<!-- \/ Yoast SEO plugin. -->","yoast_head_json":{"title":"Wymiana wodomierzy g\u0142\u00f3wnych w miejscowo\u015bci Iwiny - Zak\u0142ad Gospodarki Komunalnej w Lubkowie Sp\u00f3\u0142ka z o.o.","robots":{"index":"index","follow":"follow","max-snippet":"max-snippet:-1","max-image-preview":"max-image-preview:large","max-video-preview":"max-video-preview:-1"},"canonical":"https:\/\/zgk.lubkow.pl\/zgk\/wymiana-wodomierzy-glownych-w-miejscowosci-iwiny\/","og_locale":"pl_PL","og_type":"article","og_title":"Wymiana wodomierzy g\u0142\u00f3wnych w miejscowo\u015bci Iwiny - Zak\u0142ad Gospodarki Komunalnej w Lubkowie Sp\u00f3\u0142ka z o.o.","og_description":"Szanowni Pa\u0144stwo informujemy, \u017ce Zak\u0142ad Gospodarki Komunalnej w Lubkowie Sp. z o. o. w styczniu 2026 r. rozpoczyna wymian\u0119 wodomierzy g\u0142\u00f3wnych w miejscowo\u015bci Iwiny-Osiedle I i Osiedle II. O dok\u0142adnym terminie wymiany wodomierza zostan\u0105 Pa\u0144stwo poinformowani przez wywieszenie og\u0142oszenia. Jednocze\u015bnie informujemy, \u017ce pracownicy Zak\u0142adu s\u0105 upowa\u017cnieni do wst\u0119pu do pomieszcze\u0144 gdzie zainstalowane s\u0105 wodomierze. Pracownicy [&hellip;]","og_url":"https:\/\/zgk.lubkow.pl\/zgk\/wymiana-wodomierzy-glownych-w-miejscowosci-iwiny\/","og_site_name":"Zak\u0142ad Gospodarki Komunalnej w Lubkowie Sp\u00f3\u0142ka z o.o.","article_published_time":"2026-01-21T13:55:54+00:00","article_modified_time":"2026-02-16T12:09:05+00:00","author":"rpalczewski","twitter_card":"summary_large_image","twitter_misc":{"Napisane przez":"rpalczewski","Szacowany czas czytania":"3 minuty"},"schema":{"@context":"https:\/\/schema.org","@graph":[{"@type":"Article","@id":"https:\/\/zgk.lubkow.pl\/zgk\/wymiana-wodomierzy-glownych-w-miejscowosci-iwiny\/#article","isPartOf":{"@id":"https:\/\/zgk.lubkow.pl\/zgk\/wymiana-wodomierzy-glownych-w-miejscowosci-iwiny\/"},"author":{"name":"rpalczewski","@id":"https:\/\/zgk.lubkow.pl\/zgk\/#\/schema\/person\/3c8ec62eec9a728021ed36790a53c88f"},"headline":"Wymiana wodomierzy g\u0142\u00f3wnych w miejscowo\u015bci Iwiny","datePublished":"2026-01-21T13:55:54+00:00","dateModified":"2026-02-16T12:09:05+00:00","mainEntityOfPage":{"@id":"https:\/\/zgk.lubkow.pl\/zgk\/wymiana-wodomierzy-glownych-w-miejscowosci-iwiny\/"},"wordCount":507,"publisher":{"@id":"https:\/\/zgk.lubkow.pl\/zgk\/#organization"},"articleSection":["Aktualno\u015bci"],"inLanguage":"pl-PL"},{"@type":"WebPage","@id":"https:\/\/zgk.lubkow.pl\/zgk\/wymiana-wodomierzy-glownych-w-miejscowosci-iwiny\/","url":"https:\/\/zgk.lubkow.pl\/zgk\/wymiana-wodomierzy-glownych-w-miejscowosci-iwiny\/","name":"Wymiana wodomierzy g\u0142\u00f3wnych w miejscowo\u015bci Iwiny - Zak\u0142ad Gospodarki Komunalnej w Lubkowie Sp\u00f3\u0142ka z o.o.","isPartOf":{"@id":"https:\/\/zgk.lubkow.pl\/zgk\/#website"},"datePublished":"2026-01-21T13:55:54+00:00","dateModified":"2026-02-16T12:09:05+00:00","breadcrumb":{"@id":"https:\/\/zgk.lubkow.pl\/zgk\/wymiana-wodomierzy-glownych-w-miejscowosci-iwiny\/#breadcrumb"},"inLanguage":"pl-PL","potentialAction":[{"@type":"ReadAction","target":["https:\/\/zgk.lubkow.pl\/zgk\/wymiana-wodomierzy-glownych-w-miejscowosci-iwiny\/"]}]},{"@type":"BreadcrumbList","@id":"https:\/\/zgk.lubkow.pl\/zgk\/wymiana-wodomierzy-glownych-w-miejscowosci-iwiny\/#breadcrumb","itemListElement":[{"@type":"ListItem","position":1,"name":"Strona g\u0142\u00f3wna","item":"https:\/\/zgk.lubkow.pl\/zgk\/"},{"@type":"ListItem","position":2,"name":"Wymiana wodomierzy g\u0142\u00f3wnych w miejscowo\u015bci Iwiny"}]},{"@type":"WebSite","@id":"https:\/\/zgk.lubkow.pl\/zgk\/#website","url":"https:\/\/zgk.lubkow.pl\/zgk\/","name":"Zak\u0142ad Gospodarki Komunalnej w Lubkowie Sp\u00f3\u0142ka z o.o.","description":"","publisher":{"@id":"https:\/\/zgk.lubkow.pl\/zgk\/#organization"},"potentialAction":[{"@type":"SearchAction","target":{"@type":"EntryPoint","urlTemplate":"https:\/\/zgk.lubkow.pl\/zgk\/?s={search_term_string}"},"query-input":{"@type":"PropertyValueSpecification","valueRequired":true,"valueName":"search_term_string"}}],"inLanguage":"pl-PL"},{"@type":"Organization","@id":"https:\/\/zgk.lubkow.pl\/zgk\/#organization","name":"Zak\u0142ad Gospodarki Komunalnej w Lubkowie Sp\u00f3\u0142ka z o.o.","url":"https:\/\/zgk.lubkow.pl\/zgk\/","logo":{"@type":"ImageObject","inLanguage":"pl-PL","@id":"https:\/\/zgk.lubkow.pl\/zgk\/#\/schema\/logo\/image\/","url":"https:\/\/zgk.lubkow.pl\/zgk\/wp-content\/uploads\/2026\/02\/logo-copy.webp","contentUrl":"https:\/\/zgk.lubkow.pl\/zgk\/wp-content\/uploads\/2026\/02\/logo-copy.webp","width":844,"height":115,"caption":"Zak\u0142ad Gospodarki Komunalnej w Lubkowie Sp\u00f3\u0142ka z o.o."},"image":{"@id":"https:\/\/zgk.lubkow.pl\/zgk\/#\/schema\/logo\/image\/"}},{"@type":"Person","@id":"https:\/\/zgk.lubkow.pl\/zgk\/#\/schema\/person\/3c8ec62eec9a728021ed36790a53c88f","name":"rpalczewski","image":{"@type":"ImageObject","inLanguage":"pl-PL","@id":"https:\/\/secure.gravatar.com\/avatar\/?s=96&d=mm&r=g","url":"https:\/\/secure.gravatar.com\/avatar\/?s=96&d=mm&r=g","contentUrl":"https:\/\/secure.gravatar.com\/avatar\/?s=96&d=mm&r=g","caption":"rpalczewski"},"url":"https:\/\/zgk.lubkow.pl\/zgk\/author\/rpalczewski\/"}]}},"_links":{"self":[{"href":"https:\/\/zgk.lubkow.pl\/zgk\/wp-json\/wp\/v2\/posts\/3945","targetHints":{"allow":["GET"]}}],"collection":[{"href":"https:\/\/zgk.lubkow.pl\/zgk\/wp-json\/wp\/v2\/posts"}],"about":[{"href":"https:\/\/zgk.lubkow.pl\/zgk\/wp-json\/wp\/v2\/types\/post"}],"author":[{"embeddable":true,"href":"https:\/\/zgk.lubkow.pl\/zgk\/wp-json\/wp\/v2\/users\/3"}],"replies":[{"embeddable":true,"href":"https:\/\/zgk.lubkow.pl\/zgk\/wp-json\/wp\/v2\/comments?post=3945"}],"version-history":[{"count":1,"href":"https:\/\/zgk.lubkow.pl\/zgk\/wp-json\/wp\/v2\/posts\/3945\/revisions"}],"predecessor-version":[{"id":4095,"href":"https:\/\/zgk.lubkow.pl\/zgk\/wp-json\/wp\/v2\/posts\/3945\/revisions\/4095"}],"wp:attachment":[{"href":"https:\/\/zgk.lubkow.pl\/zgk\/wp-json\/wp\/v2\/media?parent=3945"}],"wp:term":[{"taxonomy":"category","embeddable":true,"href":"https:\/\/zgk.lubkow.pl\/zgk\/wp-json\/wp\/v2\/categories?post=3945"},{"taxonomy":"post_tag","embeddable":true,"href":"https:\/\/zgk.lubkow.pl\/zgk\/wp-json\/wp\/v2\/tags?post=3945"}],"curies":[{"name":"wp","href":"https:\/\/api.w.org\/{rel}","templated":true}]}}