{"id":3933,"date":"2025-12-22T10:46:07","date_gmt":"2025-12-22T09:46:07","guid":{"rendered":"https:\/\/zgk.lubkow.pl\/zgk\/?p=3933"},"modified":"2026-02-16T13:09:05","modified_gmt":"2026-02-16T12:09:05","slug":"27-grudnia-pszok-bedzie-nieczynny","status":"publish","type":"post","link":"https:\/\/zgk.lubkow.pl\/zgk\/27-grudnia-pszok-bedzie-nieczynny\/","title":{"rendered":"27 grudnia 2025 r. (sobota) PSZOK b\u0119dzie nieczynny"},"content":{"rendered":"\t\t<div data-elementor-type=\"wp-post\" data-elementor-id=\"3933\" class=\"elementor elementor-3933\">\n\t\t\t\t\t\t<section class=\"elementor-section elementor-top-section elementor-element elementor-element-5947b9c elementor-section-boxed elementor-section-height-default elementor-section-height-default\" data-id=\"5947b9c\" data-element_type=\"section\" data-e-type=\"section\">\n\t\t\t\t\t\t<div class=\"elementor-container elementor-column-gap-default\">\n\t\t\t\t\t<div class=\"elementor-column elementor-col-100 elementor-top-column elementor-element elementor-element-4728225\" data-id=\"4728225\" data-element_type=\"column\" data-e-type=\"column\">\n\t\t\t<div class=\"elementor-widget-wrap elementor-element-populated\">\n\t\t\t\t\t\t<div class=\"elementor-element elementor-element-4ca1b83 elementor-widget elementor-widget-text-editor\" data-id=\"4ca1b83\" data-element_type=\"widget\" data-e-type=\"widget\" data-widget_type=\"text-editor.default\">\n\t\t\t\t\t\t\t\t\t<p>Informujemy, \u017ce w dniu 27 grudnia 2025 r. Punkt Selektywnego Zbierania Odpad\u00f3w Komunalnych (PSZOK) b\u0119dzie nieczynny.<\/p><p>Za utrudnienia serdecznie przepraszamy.<\/p>\t\t\t\t\t\t\t\t<\/div>\n\t\t\t\t\t<\/div>\n\t\t<\/div>\n\t\t\t\t\t<\/div>\n\t\t<\/section>\n\t\t\t\t<\/div>\n\t\t","protected":false},"excerpt":{"rendered":"<p>Informujemy, \u017ce w dniu 27 grudnia 2025 r. Punkt Selektywnego Zbierania Odpad\u00f3w Komunalnych (PSZOK) b\u0119dzie nieczynny. Za utrudnienia serdecznie przepraszamy.<\/p>\n","protected":false},"author":4,"featured_media":0,"comment_status":"closed","ping_status":"closed","sticky":false,"template":"","format":"standard","meta":{"footnotes":""},"categories":[8],"tags":[],"class_list":["post-3933","post","type-post","status-publish","format-standard","hentry","category-aktualnosci"],"yoast_head":"<!-- This site is optimized with the Yoast SEO plugin v27.2 - https:\/\/yoast.com\/product\/yoast-seo-wordpress\/ -->\n<title>27 grudnia 2025 r. (sobota) PSZOK b\u0119dzie nieczynny - Zak\u0142ad Gospodarki Komunalnej w Lubkowie Sp\u00f3\u0142ka z o.o.<\/title>\n<meta name=\"robots\" content=\"index, follow, max-snippet:-1, max-image-preview:large, max-video-preview:-1\" \/>\n<link rel=\"canonical\" href=\"https:\/\/zgk.lubkow.pl\/zgk\/27-grudnia-pszok-bedzie-nieczynny\/\" \/>\n<meta property=\"og:locale\" content=\"pl_PL\" \/>\n<meta property=\"og:type\" content=\"article\" \/>\n<meta property=\"og:title\" content=\"27 grudnia 2025 r. (sobota) PSZOK b\u0119dzie nieczynny - Zak\u0142ad Gospodarki Komunalnej w Lubkowie Sp\u00f3\u0142ka z o.o.\" \/>\n<meta property=\"og:description\" content=\"Informujemy, \u017ce w dniu 27 grudnia 2025 r. Punkt Selektywnego Zbierania Odpad\u00f3w Komunalnych (PSZOK) b\u0119dzie nieczynny. Za utrudnienia serdecznie przepraszamy.\" \/>\n<meta property=\"og:url\" content=\"https:\/\/zgk.lubkow.pl\/zgk\/27-grudnia-pszok-bedzie-nieczynny\/\" \/>\n<meta property=\"og:site_name\" content=\"Zak\u0142ad Gospodarki Komunalnej w Lubkowie Sp\u00f3\u0142ka z o.o.\" \/>\n<meta property=\"article:published_time\" content=\"2025-12-22T09:46:07+00:00\" \/>\n<meta property=\"article:modified_time\" content=\"2026-02-16T12:09:05+00:00\" \/>\n<meta name=\"author\" content=\"jzielinski\" \/>\n<meta name=\"twitter:card\" content=\"summary_large_image\" \/>\n<meta name=\"twitter:label1\" content=\"Napisane przez\" \/>\n\t<meta name=\"twitter:data1\" content=\"jzielinski\" \/>\n\t<meta name=\"twitter:label2\" content=\"Szacowany czas czytania\" \/>\n\t<meta name=\"twitter:data2\" content=\"1 minuta\" \/>\n<script type=\"application\/ld+json\" class=\"yoast-schema-graph\">{\"@context\":\"https:\/\/schema.org\",\"@graph\":[{\"@type\":\"Article\",\"@id\":\"https:\/\/zgk.lubkow.pl\/zgk\/27-grudnia-pszok-bedzie-nieczynny\/#article\",\"isPartOf\":{\"@id\":\"https:\/\/zgk.lubkow.pl\/zgk\/27-grudnia-pszok-bedzie-nieczynny\/\"},\"author\":{\"name\":\"jzielinski\",\"@id\":\"https:\/\/zgk.lubkow.pl\/zgk\/#\/schema\/person\/39f478bda0ac9c50a5f32586eecb8928\"},\"headline\":\"27 grudnia 2025 r. (sobota) PSZOK b\u0119dzie nieczynny\",\"datePublished\":\"2025-12-22T09:46:07+00:00\",\"dateModified\":\"2026-02-16T12:09:05+00:00\",\"mainEntityOfPage\":{\"@id\":\"https:\/\/zgk.lubkow.pl\/zgk\/27-grudnia-pszok-bedzie-nieczynny\/\"},\"wordCount\":27,\"publisher\":{\"@id\":\"https:\/\/zgk.lubkow.pl\/zgk\/#organization\"},\"articleSection\":[\"Aktualno\u015bci\"],\"inLanguage\":\"pl-PL\"},{\"@type\":\"WebPage\",\"@id\":\"https:\/\/zgk.lubkow.pl\/zgk\/27-grudnia-pszok-bedzie-nieczynny\/\",\"url\":\"https:\/\/zgk.lubkow.pl\/zgk\/27-grudnia-pszok-bedzie-nieczynny\/\",\"name\":\"27 grudnia 2025 r. (sobota) PSZOK b\u0119dzie nieczynny - Zak\u0142ad Gospodarki Komunalnej w Lubkowie Sp\u00f3\u0142ka z o.o.\",\"isPartOf\":{\"@id\":\"https:\/\/zgk.lubkow.pl\/zgk\/#website\"},\"datePublished\":\"2025-12-22T09:46:07+00:00\",\"dateModified\":\"2026-02-16T12:09:05+00:00\",\"breadcrumb\":{\"@id\":\"https:\/\/zgk.lubkow.pl\/zgk\/27-grudnia-pszok-bedzie-nieczynny\/#breadcrumb\"},\"inLanguage\":\"pl-PL\",\"potentialAction\":[{\"@type\":\"ReadAction\",\"target\":[\"https:\/\/zgk.lubkow.pl\/zgk\/27-grudnia-pszok-bedzie-nieczynny\/\"]}]},{\"@type\":\"BreadcrumbList\",\"@id\":\"https:\/\/zgk.lubkow.pl\/zgk\/27-grudnia-pszok-bedzie-nieczynny\/#breadcrumb\",\"itemListElement\":[{\"@type\":\"ListItem\",\"position\":1,\"name\":\"Strona g\u0142\u00f3wna\",\"item\":\"https:\/\/zgk.lubkow.pl\/zgk\/\"},{\"@type\":\"ListItem\",\"position\":2,\"name\":\"27 grudnia 2025 r. (sobota) PSZOK b\u0119dzie nieczynny\"}]},{\"@type\":\"WebSite\",\"@id\":\"https:\/\/zgk.lubkow.pl\/zgk\/#website\",\"url\":\"https:\/\/zgk.lubkow.pl\/zgk\/\",\"name\":\"Zak\u0142ad Gospodarki Komunalnej w Lubkowie Sp\u00f3\u0142ka z o.o.\",\"description\":\"\",\"publisher\":{\"@id\":\"https:\/\/zgk.lubkow.pl\/zgk\/#organization\"},\"potentialAction\":[{\"@type\":\"SearchAction\",\"target\":{\"@type\":\"EntryPoint\",\"urlTemplate\":\"https:\/\/zgk.lubkow.pl\/zgk\/?s={search_term_string}\"},\"query-input\":{\"@type\":\"PropertyValueSpecification\",\"valueRequired\":true,\"valueName\":\"search_term_string\"}}],\"inLanguage\":\"pl-PL\"},{\"@type\":\"Organization\",\"@id\":\"https:\/\/zgk.lubkow.pl\/zgk\/#organization\",\"name\":\"Zak\u0142ad Gospodarki Komunalnej w Lubkowie Sp\u00f3\u0142ka z o.o.\",\"url\":\"https:\/\/zgk.lubkow.pl\/zgk\/\",\"logo\":{\"@type\":\"ImageObject\",\"inLanguage\":\"pl-PL\",\"@id\":\"https:\/\/zgk.lubkow.pl\/zgk\/#\/schema\/logo\/image\/\",\"url\":\"https:\/\/zgk.lubkow.pl\/zgk\/wp-content\/uploads\/2026\/02\/logo-copy.webp\",\"contentUrl\":\"https:\/\/zgk.lubkow.pl\/zgk\/wp-content\/uploads\/2026\/02\/logo-copy.webp\",\"width\":844,\"height\":115,\"caption\":\"Zak\u0142ad Gospodarki Komunalnej w Lubkowie Sp\u00f3\u0142ka z o.o.\"},\"image\":{\"@id\":\"https:\/\/zgk.lubkow.pl\/zgk\/#\/schema\/logo\/image\/\"}},{\"@type\":\"Person\",\"@id\":\"https:\/\/zgk.lubkow.pl\/zgk\/#\/schema\/person\/39f478bda0ac9c50a5f32586eecb8928\",\"name\":\"jzielinski\",\"image\":{\"@type\":\"ImageObject\",\"inLanguage\":\"pl-PL\",\"@id\":\"https:\/\/secure.gravatar.com\/avatar\/?s=96&d=mm&r=g\",\"url\":\"https:\/\/secure.gravatar.com\/avatar\/?s=96&d=mm&r=g\",\"contentUrl\":\"https:\/\/secure.gravatar.com\/avatar\/?s=96&d=mm&r=g\",\"caption\":\"jzielinski\"},\"url\":\"https:\/\/zgk.lubkow.pl\/zgk\/author\/jzielinski\/\"}]}<\/script>\n<!-- \/ Yoast SEO plugin. -->","yoast_head_json":{"title":"27 grudnia 2025 r. (sobota) PSZOK b\u0119dzie nieczynny - Zak\u0142ad Gospodarki Komunalnej w Lubkowie Sp\u00f3\u0142ka z o.o.","robots":{"index":"index","follow":"follow","max-snippet":"max-snippet:-1","max-image-preview":"max-image-preview:large","max-video-preview":"max-video-preview:-1"},"canonical":"https:\/\/zgk.lubkow.pl\/zgk\/27-grudnia-pszok-bedzie-nieczynny\/","og_locale":"pl_PL","og_type":"article","og_title":"27 grudnia 2025 r. (sobota) PSZOK b\u0119dzie nieczynny - Zak\u0142ad Gospodarki Komunalnej w Lubkowie Sp\u00f3\u0142ka z o.o.","og_description":"Informujemy, \u017ce w dniu 27 grudnia 2025 r. Punkt Selektywnego Zbierania Odpad\u00f3w Komunalnych (PSZOK) b\u0119dzie nieczynny. Za utrudnienia serdecznie przepraszamy.","og_url":"https:\/\/zgk.lubkow.pl\/zgk\/27-grudnia-pszok-bedzie-nieczynny\/","og_site_name":"Zak\u0142ad Gospodarki Komunalnej w Lubkowie Sp\u00f3\u0142ka z o.o.","article_published_time":"2025-12-22T09:46:07+00:00","article_modified_time":"2026-02-16T12:09:05+00:00","author":"jzielinski","twitter_card":"summary_large_image","twitter_misc":{"Napisane przez":"jzielinski","Szacowany czas czytania":"1 minuta"},"schema":{"@context":"https:\/\/schema.org","@graph":[{"@type":"Article","@id":"https:\/\/zgk.lubkow.pl\/zgk\/27-grudnia-pszok-bedzie-nieczynny\/#article","isPartOf":{"@id":"https:\/\/zgk.lubkow.pl\/zgk\/27-grudnia-pszok-bedzie-nieczynny\/"},"author":{"name":"jzielinski","@id":"https:\/\/zgk.lubkow.pl\/zgk\/#\/schema\/person\/39f478bda0ac9c50a5f32586eecb8928"},"headline":"27 grudnia 2025 r. (sobota) PSZOK b\u0119dzie nieczynny","datePublished":"2025-12-22T09:46:07+00:00","dateModified":"2026-02-16T12:09:05+00:00","mainEntityOfPage":{"@id":"https:\/\/zgk.lubkow.pl\/zgk\/27-grudnia-pszok-bedzie-nieczynny\/"},"wordCount":27,"publisher":{"@id":"https:\/\/zgk.lubkow.pl\/zgk\/#organization"},"articleSection":["Aktualno\u015bci"],"inLanguage":"pl-PL"},{"@type":"WebPage","@id":"https:\/\/zgk.lubkow.pl\/zgk\/27-grudnia-pszok-bedzie-nieczynny\/","url":"https:\/\/zgk.lubkow.pl\/zgk\/27-grudnia-pszok-bedzie-nieczynny\/","name":"27 grudnia 2025 r. (sobota) PSZOK b\u0119dzie nieczynny - Zak\u0142ad Gospodarki Komunalnej w Lubkowie Sp\u00f3\u0142ka z o.o.","isPartOf":{"@id":"https:\/\/zgk.lubkow.pl\/zgk\/#website"},"datePublished":"2025-12-22T09:46:07+00:00","dateModified":"2026-02-16T12:09:05+00:00","breadcrumb":{"@id":"https:\/\/zgk.lubkow.pl\/zgk\/27-grudnia-pszok-bedzie-nieczynny\/#breadcrumb"},"inLanguage":"pl-PL","potentialAction":[{"@type":"ReadAction","target":["https:\/\/zgk.lubkow.pl\/zgk\/27-grudnia-pszok-bedzie-nieczynny\/"]}]},{"@type":"BreadcrumbList","@id":"https:\/\/zgk.lubkow.pl\/zgk\/27-grudnia-pszok-bedzie-nieczynny\/#breadcrumb","itemListElement":[{"@type":"ListItem","position":1,"name":"Strona g\u0142\u00f3wna","item":"https:\/\/zgk.lubkow.pl\/zgk\/"},{"@type":"ListItem","position":2,"name":"27 grudnia 2025 r. (sobota) PSZOK b\u0119dzie nieczynny"}]},{"@type":"WebSite","@id":"https:\/\/zgk.lubkow.pl\/zgk\/#website","url":"https:\/\/zgk.lubkow.pl\/zgk\/","name":"Zak\u0142ad Gospodarki Komunalnej w Lubkowie Sp\u00f3\u0142ka z o.o.","description":"","publisher":{"@id":"https:\/\/zgk.lubkow.pl\/zgk\/#organization"},"potentialAction":[{"@type":"SearchAction","target":{"@type":"EntryPoint","urlTemplate":"https:\/\/zgk.lubkow.pl\/zgk\/?s={search_term_string}"},"query-input":{"@type":"PropertyValueSpecification","valueRequired":true,"valueName":"search_term_string"}}],"inLanguage":"pl-PL"},{"@type":"Organization","@id":"https:\/\/zgk.lubkow.pl\/zgk\/#organization","name":"Zak\u0142ad Gospodarki Komunalnej w Lubkowie Sp\u00f3\u0142ka z o.o.","url":"https:\/\/zgk.lubkow.pl\/zgk\/","logo":{"@type":"ImageObject","inLanguage":"pl-PL","@id":"https:\/\/zgk.lubkow.pl\/zgk\/#\/schema\/logo\/image\/","url":"https:\/\/zgk.lubkow.pl\/zgk\/wp-content\/uploads\/2026\/02\/logo-copy.webp","contentUrl":"https:\/\/zgk.lubkow.pl\/zgk\/wp-content\/uploads\/2026\/02\/logo-copy.webp","width":844,"height":115,"caption":"Zak\u0142ad Gospodarki Komunalnej w Lubkowie Sp\u00f3\u0142ka z o.o."},"image":{"@id":"https:\/\/zgk.lubkow.pl\/zgk\/#\/schema\/logo\/image\/"}},{"@type":"Person","@id":"https:\/\/zgk.lubkow.pl\/zgk\/#\/schema\/person\/39f478bda0ac9c50a5f32586eecb8928","name":"jzielinski","image":{"@type":"ImageObject","inLanguage":"pl-PL","@id":"https:\/\/secure.gravatar.com\/avatar\/?s=96&d=mm&r=g","url":"https:\/\/secure.gravatar.com\/avatar\/?s=96&d=mm&r=g","contentUrl":"https:\/\/secure.gravatar.com\/avatar\/?s=96&d=mm&r=g","caption":"jzielinski"},"url":"https:\/\/zgk.lubkow.pl\/zgk\/author\/jzielinski\/"}]}},"_links":{"self":[{"href":"https:\/\/zgk.lubkow.pl\/zgk\/wp-json\/wp\/v2\/posts\/3933","targetHints":{"allow":["GET"]}}],"collection":[{"href":"https:\/\/zgk.lubkow.pl\/zgk\/wp-json\/wp\/v2\/posts"}],"about":[{"href":"https:\/\/zgk.lubkow.pl\/zgk\/wp-json\/wp\/v2\/types\/post"}],"author":[{"embeddable":true,"href":"https:\/\/zgk.lubkow.pl\/zgk\/wp-json\/wp\/v2\/users\/4"}],"replies":[{"embeddable":true,"href":"https:\/\/zgk.lubkow.pl\/zgk\/wp-json\/wp\/v2\/comments?post=3933"}],"version-history":[{"count":1,"href":"https:\/\/zgk.lubkow.pl\/zgk\/wp-json\/wp\/v2\/posts\/3933\/revisions"}],"predecessor-version":[{"id":4096,"href":"https:\/\/zgk.lubkow.pl\/zgk\/wp-json\/wp\/v2\/posts\/3933\/revisions\/4096"}],"wp:attachment":[{"href":"https:\/\/zgk.lubkow.pl\/zgk\/wp-json\/wp\/v2\/media?parent=3933"}],"wp:term":[{"taxonomy":"category","embeddable":true,"href":"https:\/\/zgk.lubkow.pl\/zgk\/wp-json\/wp\/v2\/categories?post=3933"},{"taxonomy":"post_tag","embeddable":true,"href":"https:\/\/zgk.lubkow.pl\/zgk\/wp-json\/wp\/v2\/tags?post=3933"}],"curies":[{"name":"wp","href":"https:\/\/api.w.org\/{rel}","templated":true}]}}