{"id":3886,"date":"2026-03-09T13:09:06","date_gmt":"2026-03-09T12:09:06","guid":{"rendered":"https:\/\/zgk.lubkow.pl\/zgk\/?p=3886"},"modified":"2026-03-20T09:30:54","modified_gmt":"2026-03-20T08:30:54","slug":"przerwa-w-dostawie-wody-w-miejscowosci-raciborowice-grn-dln","status":"publish","type":"post","link":"https:\/\/zgk.lubkow.pl\/zgk\/przerwa-w-dostawie-wody-w-miejscowosci-raciborowice-grn-dln\/","title":{"rendered":"Przerwa w dostawie wody w miejscowo\u015bci Raciborowice Grn. Dln."},"content":{"rendered":"\t\t<div data-elementor-type=\"wp-post\" data-elementor-id=\"3886\" class=\"elementor elementor-3886\">\n\t\t\t\t<div class=\"elementor-element elementor-element-cf879e7 e-flex e-con-boxed e-con e-parent\" data-id=\"cf879e7\" data-element_type=\"container\" data-e-type=\"container\">\n\t\t\t\t\t<div class=\"e-con-inner\">\n\t\t\t\t<div class=\"elementor-element elementor-element-e936f72 elementor-widget elementor-widget-text-editor\" data-id=\"e936f72\" data-element_type=\"widget\" data-e-type=\"widget\" data-widget_type=\"text-editor.default\">\n\t\t\t\t\t\t\t\t\t<p>Informujemy, \u017ce w dniu 10.03.2026 r. (wtorek) w godz. 8.00-14.00 w zwi\u0105zku z konieczno\u015bci\u0105 usuni\u0119cia awarii nast\u0105pi znaczny spadek ci\u015bnienia wody, lub ca\u0142kowity jej brak w miejscowo\u015bci:Raciborowice G\u00f3rne i Raciborowice Dolne.<\/p><p>Po zako\u0144czeniu prac mo\u017ce nast\u0105pi\u0107 chwilowe pogorszenie jako\u015bci wody.<\/p><p>Za zaistnia\u0142e utrudnienia przepraszamy.<\/p>\t\t\t\t\t\t\t\t<\/div>\n\t\t\t\t\t<\/div>\n\t\t\t\t<\/div>\n\t\t\t\t<\/div>\n\t\t","protected":false},"excerpt":{"rendered":"<p>Informujemy, \u017ce w dniu 10.03.2026 r. (wtorek) w godz. 8.00-14.00 w zwi\u0105zku z konieczno\u015bci\u0105 usuni\u0119cia awarii nast\u0105pi znaczny spadek ci\u015bnienia wody, lub ca\u0142kowity jej brak w miejscowo\u015bci:Raciborowice G\u00f3rne i Raciborowice Dolne. Po zako\u0144czeniu prac mo\u017ce nast\u0105pi\u0107 chwilowe pogorszenie jako\u015bci wody. Za zaistnia\u0142e utrudnienia przepraszamy.<\/p>\n","protected":false},"author":3,"featured_media":0,"comment_status":"closed","ping_status":"closed","sticky":false,"template":"","format":"standard","meta":{"footnotes":""},"categories":[8,10],"tags":[],"class_list":["post-3886","post","type-post","status-publish","format-standard","hentry","category-aktualnosci","category-awarie-i-wylaczenia"],"yoast_head":"<!-- This site is optimized with the Yoast SEO plugin v27.2 - https:\/\/yoast.com\/product\/yoast-seo-wordpress\/ -->\n<title>Przerwa w dostawie wody w miejscowo\u015bci Raciborowice Grn. Dln. - Zak\u0142ad Gospodarki Komunalnej w Lubkowie Sp\u00f3\u0142ka z o.o.<\/title>\n<meta name=\"robots\" content=\"index, follow, max-snippet:-1, max-image-preview:large, max-video-preview:-1\" \/>\n<link rel=\"canonical\" href=\"https:\/\/zgk.lubkow.pl\/zgk\/przerwa-w-dostawie-wody-w-miejscowosci-raciborowice-grn-dln\/\" \/>\n<meta property=\"og:locale\" content=\"pl_PL\" \/>\n<meta property=\"og:type\" content=\"article\" \/>\n<meta property=\"og:title\" content=\"Przerwa w dostawie wody w miejscowo\u015bci Raciborowice Grn. Dln. - Zak\u0142ad Gospodarki Komunalnej w Lubkowie Sp\u00f3\u0142ka z o.o.\" \/>\n<meta property=\"og:description\" content=\"Informujemy, \u017ce w dniu 10.03.2026 r. (wtorek) w godz. 8.00-14.00 w zwi\u0105zku z konieczno\u015bci\u0105 usuni\u0119cia awarii nast\u0105pi znaczny spadek ci\u015bnienia wody, lub ca\u0142kowity jej brak w miejscowo\u015bci:Raciborowice G\u00f3rne i Raciborowice Dolne. Po zako\u0144czeniu prac mo\u017ce nast\u0105pi\u0107 chwilowe pogorszenie jako\u015bci wody. Za zaistnia\u0142e utrudnienia przepraszamy.\" \/>\n<meta property=\"og:url\" content=\"https:\/\/zgk.lubkow.pl\/zgk\/przerwa-w-dostawie-wody-w-miejscowosci-raciborowice-grn-dln\/\" \/>\n<meta property=\"og:site_name\" content=\"Zak\u0142ad Gospodarki Komunalnej w Lubkowie Sp\u00f3\u0142ka z o.o.\" \/>\n<meta property=\"article:published_time\" content=\"2026-03-09T12:09:06+00:00\" \/>\n<meta property=\"article:modified_time\" content=\"2026-03-20T08:30:54+00:00\" \/>\n<meta name=\"author\" content=\"rpalczewski\" \/>\n<meta name=\"twitter:card\" content=\"summary_large_image\" \/>\n<meta name=\"twitter:label1\" content=\"Napisane przez\" \/>\n\t<meta name=\"twitter:data1\" content=\"rpalczewski\" \/>\n\t<meta name=\"twitter:label2\" content=\"Szacowany czas czytania\" \/>\n\t<meta name=\"twitter:data2\" content=\"1 minuta\" \/>\n<script type=\"application\/ld+json\" class=\"yoast-schema-graph\">{\"@context\":\"https:\/\/schema.org\",\"@graph\":[{\"@type\":\"Article\",\"@id\":\"https:\/\/zgk.lubkow.pl\/zgk\/przerwa-w-dostawie-wody-w-miejscowosci-raciborowice-grn-dln\/#article\",\"isPartOf\":{\"@id\":\"https:\/\/zgk.lubkow.pl\/zgk\/przerwa-w-dostawie-wody-w-miejscowosci-raciborowice-grn-dln\/\"},\"author\":{\"name\":\"rpalczewski\",\"@id\":\"https:\/\/zgk.lubkow.pl\/zgk\/#\/schema\/person\/3c8ec62eec9a728021ed36790a53c88f\"},\"headline\":\"Przerwa w dostawie wody w miejscowo\u015bci Raciborowice Grn. Dln.\",\"datePublished\":\"2026-03-09T12:09:06+00:00\",\"dateModified\":\"2026-03-20T08:30:54+00:00\",\"mainEntityOfPage\":{\"@id\":\"https:\/\/zgk.lubkow.pl\/zgk\/przerwa-w-dostawie-wody-w-miejscowosci-raciborowice-grn-dln\/\"},\"wordCount\":67,\"publisher\":{\"@id\":\"https:\/\/zgk.lubkow.pl\/zgk\/#organization\"},\"articleSection\":[\"Aktualno\u015bci\",\"Awarie i wy\u0142\u0105czenia\"],\"inLanguage\":\"pl-PL\"},{\"@type\":\"WebPage\",\"@id\":\"https:\/\/zgk.lubkow.pl\/zgk\/przerwa-w-dostawie-wody-w-miejscowosci-raciborowice-grn-dln\/\",\"url\":\"https:\/\/zgk.lubkow.pl\/zgk\/przerwa-w-dostawie-wody-w-miejscowosci-raciborowice-grn-dln\/\",\"name\":\"Przerwa w dostawie wody w miejscowo\u015bci Raciborowice Grn. Dln. - Zak\u0142ad Gospodarki Komunalnej w Lubkowie Sp\u00f3\u0142ka z o.o.\",\"isPartOf\":{\"@id\":\"https:\/\/zgk.lubkow.pl\/zgk\/#website\"},\"datePublished\":\"2026-03-09T12:09:06+00:00\",\"dateModified\":\"2026-03-20T08:30:54+00:00\",\"breadcrumb\":{\"@id\":\"https:\/\/zgk.lubkow.pl\/zgk\/przerwa-w-dostawie-wody-w-miejscowosci-raciborowice-grn-dln\/#breadcrumb\"},\"inLanguage\":\"pl-PL\",\"potentialAction\":[{\"@type\":\"ReadAction\",\"target\":[\"https:\/\/zgk.lubkow.pl\/zgk\/przerwa-w-dostawie-wody-w-miejscowosci-raciborowice-grn-dln\/\"]}]},{\"@type\":\"BreadcrumbList\",\"@id\":\"https:\/\/zgk.lubkow.pl\/zgk\/przerwa-w-dostawie-wody-w-miejscowosci-raciborowice-grn-dln\/#breadcrumb\",\"itemListElement\":[{\"@type\":\"ListItem\",\"position\":1,\"name\":\"Strona g\u0142\u00f3wna\",\"item\":\"https:\/\/zgk.lubkow.pl\/zgk\/\"},{\"@type\":\"ListItem\",\"position\":2,\"name\":\"Przerwa w dostawie wody w miejscowo\u015bci Raciborowice Grn. Dln.\"}]},{\"@type\":\"WebSite\",\"@id\":\"https:\/\/zgk.lubkow.pl\/zgk\/#website\",\"url\":\"https:\/\/zgk.lubkow.pl\/zgk\/\",\"name\":\"Zak\u0142ad Gospodarki Komunalnej w Lubkowie Sp\u00f3\u0142ka z o.o.\",\"description\":\"\",\"publisher\":{\"@id\":\"https:\/\/zgk.lubkow.pl\/zgk\/#organization\"},\"potentialAction\":[{\"@type\":\"SearchAction\",\"target\":{\"@type\":\"EntryPoint\",\"urlTemplate\":\"https:\/\/zgk.lubkow.pl\/zgk\/?s={search_term_string}\"},\"query-input\":{\"@type\":\"PropertyValueSpecification\",\"valueRequired\":true,\"valueName\":\"search_term_string\"}}],\"inLanguage\":\"pl-PL\"},{\"@type\":\"Organization\",\"@id\":\"https:\/\/zgk.lubkow.pl\/zgk\/#organization\",\"name\":\"Zak\u0142ad Gospodarki Komunalnej w Lubkowie Sp\u00f3\u0142ka z o.o.\",\"url\":\"https:\/\/zgk.lubkow.pl\/zgk\/\",\"logo\":{\"@type\":\"ImageObject\",\"inLanguage\":\"pl-PL\",\"@id\":\"https:\/\/zgk.lubkow.pl\/zgk\/#\/schema\/logo\/image\/\",\"url\":\"https:\/\/zgk.lubkow.pl\/zgk\/wp-content\/uploads\/2026\/02\/logo-copy.webp\",\"contentUrl\":\"https:\/\/zgk.lubkow.pl\/zgk\/wp-content\/uploads\/2026\/02\/logo-copy.webp\",\"width\":844,\"height\":115,\"caption\":\"Zak\u0142ad Gospodarki Komunalnej w Lubkowie Sp\u00f3\u0142ka z o.o.\"},\"image\":{\"@id\":\"https:\/\/zgk.lubkow.pl\/zgk\/#\/schema\/logo\/image\/\"}},{\"@type\":\"Person\",\"@id\":\"https:\/\/zgk.lubkow.pl\/zgk\/#\/schema\/person\/3c8ec62eec9a728021ed36790a53c88f\",\"name\":\"rpalczewski\",\"image\":{\"@type\":\"ImageObject\",\"inLanguage\":\"pl-PL\",\"@id\":\"https:\/\/secure.gravatar.com\/avatar\/?s=96&d=mm&r=g\",\"url\":\"https:\/\/secure.gravatar.com\/avatar\/?s=96&d=mm&r=g\",\"contentUrl\":\"https:\/\/secure.gravatar.com\/avatar\/?s=96&d=mm&r=g\",\"caption\":\"rpalczewski\"},\"url\":\"https:\/\/zgk.lubkow.pl\/zgk\/author\/rpalczewski\/\"}]}<\/script>\n<!-- \/ Yoast SEO plugin. -->","yoast_head_json":{"title":"Przerwa w dostawie wody w miejscowo\u015bci Raciborowice Grn. Dln. - Zak\u0142ad Gospodarki Komunalnej w Lubkowie Sp\u00f3\u0142ka z o.o.","robots":{"index":"index","follow":"follow","max-snippet":"max-snippet:-1","max-image-preview":"max-image-preview:large","max-video-preview":"max-video-preview:-1"},"canonical":"https:\/\/zgk.lubkow.pl\/zgk\/przerwa-w-dostawie-wody-w-miejscowosci-raciborowice-grn-dln\/","og_locale":"pl_PL","og_type":"article","og_title":"Przerwa w dostawie wody w miejscowo\u015bci Raciborowice Grn. Dln. - Zak\u0142ad Gospodarki Komunalnej w Lubkowie Sp\u00f3\u0142ka z o.o.","og_description":"Informujemy, \u017ce w dniu 10.03.2026 r. (wtorek) w godz. 8.00-14.00 w zwi\u0105zku z konieczno\u015bci\u0105 usuni\u0119cia awarii nast\u0105pi znaczny spadek ci\u015bnienia wody, lub ca\u0142kowity jej brak w miejscowo\u015bci:Raciborowice G\u00f3rne i Raciborowice Dolne. Po zako\u0144czeniu prac mo\u017ce nast\u0105pi\u0107 chwilowe pogorszenie jako\u015bci wody. Za zaistnia\u0142e utrudnienia przepraszamy.","og_url":"https:\/\/zgk.lubkow.pl\/zgk\/przerwa-w-dostawie-wody-w-miejscowosci-raciborowice-grn-dln\/","og_site_name":"Zak\u0142ad Gospodarki Komunalnej w Lubkowie Sp\u00f3\u0142ka z o.o.","article_published_time":"2026-03-09T12:09:06+00:00","article_modified_time":"2026-03-20T08:30:54+00:00","author":"rpalczewski","twitter_card":"summary_large_image","twitter_misc":{"Napisane przez":"rpalczewski","Szacowany czas czytania":"1 minuta"},"schema":{"@context":"https:\/\/schema.org","@graph":[{"@type":"Article","@id":"https:\/\/zgk.lubkow.pl\/zgk\/przerwa-w-dostawie-wody-w-miejscowosci-raciborowice-grn-dln\/#article","isPartOf":{"@id":"https:\/\/zgk.lubkow.pl\/zgk\/przerwa-w-dostawie-wody-w-miejscowosci-raciborowice-grn-dln\/"},"author":{"name":"rpalczewski","@id":"https:\/\/zgk.lubkow.pl\/zgk\/#\/schema\/person\/3c8ec62eec9a728021ed36790a53c88f"},"headline":"Przerwa w dostawie wody w miejscowo\u015bci Raciborowice Grn. Dln.","datePublished":"2026-03-09T12:09:06+00:00","dateModified":"2026-03-20T08:30:54+00:00","mainEntityOfPage":{"@id":"https:\/\/zgk.lubkow.pl\/zgk\/przerwa-w-dostawie-wody-w-miejscowosci-raciborowice-grn-dln\/"},"wordCount":67,"publisher":{"@id":"https:\/\/zgk.lubkow.pl\/zgk\/#organization"},"articleSection":["Aktualno\u015bci","Awarie i wy\u0142\u0105czenia"],"inLanguage":"pl-PL"},{"@type":"WebPage","@id":"https:\/\/zgk.lubkow.pl\/zgk\/przerwa-w-dostawie-wody-w-miejscowosci-raciborowice-grn-dln\/","url":"https:\/\/zgk.lubkow.pl\/zgk\/przerwa-w-dostawie-wody-w-miejscowosci-raciborowice-grn-dln\/","name":"Przerwa w dostawie wody w miejscowo\u015bci Raciborowice Grn. Dln. - Zak\u0142ad Gospodarki Komunalnej w Lubkowie Sp\u00f3\u0142ka z o.o.","isPartOf":{"@id":"https:\/\/zgk.lubkow.pl\/zgk\/#website"},"datePublished":"2026-03-09T12:09:06+00:00","dateModified":"2026-03-20T08:30:54+00:00","breadcrumb":{"@id":"https:\/\/zgk.lubkow.pl\/zgk\/przerwa-w-dostawie-wody-w-miejscowosci-raciborowice-grn-dln\/#breadcrumb"},"inLanguage":"pl-PL","potentialAction":[{"@type":"ReadAction","target":["https:\/\/zgk.lubkow.pl\/zgk\/przerwa-w-dostawie-wody-w-miejscowosci-raciborowice-grn-dln\/"]}]},{"@type":"BreadcrumbList","@id":"https:\/\/zgk.lubkow.pl\/zgk\/przerwa-w-dostawie-wody-w-miejscowosci-raciborowice-grn-dln\/#breadcrumb","itemListElement":[{"@type":"ListItem","position":1,"name":"Strona g\u0142\u00f3wna","item":"https:\/\/zgk.lubkow.pl\/zgk\/"},{"@type":"ListItem","position":2,"name":"Przerwa w dostawie wody w miejscowo\u015bci Raciborowice Grn. Dln."}]},{"@type":"WebSite","@id":"https:\/\/zgk.lubkow.pl\/zgk\/#website","url":"https:\/\/zgk.lubkow.pl\/zgk\/","name":"Zak\u0142ad Gospodarki Komunalnej w Lubkowie Sp\u00f3\u0142ka z o.o.","description":"","publisher":{"@id":"https:\/\/zgk.lubkow.pl\/zgk\/#organization"},"potentialAction":[{"@type":"SearchAction","target":{"@type":"EntryPoint","urlTemplate":"https:\/\/zgk.lubkow.pl\/zgk\/?s={search_term_string}"},"query-input":{"@type":"PropertyValueSpecification","valueRequired":true,"valueName":"search_term_string"}}],"inLanguage":"pl-PL"},{"@type":"Organization","@id":"https:\/\/zgk.lubkow.pl\/zgk\/#organization","name":"Zak\u0142ad Gospodarki Komunalnej w Lubkowie Sp\u00f3\u0142ka z o.o.","url":"https:\/\/zgk.lubkow.pl\/zgk\/","logo":{"@type":"ImageObject","inLanguage":"pl-PL","@id":"https:\/\/zgk.lubkow.pl\/zgk\/#\/schema\/logo\/image\/","url":"https:\/\/zgk.lubkow.pl\/zgk\/wp-content\/uploads\/2026\/02\/logo-copy.webp","contentUrl":"https:\/\/zgk.lubkow.pl\/zgk\/wp-content\/uploads\/2026\/02\/logo-copy.webp","width":844,"height":115,"caption":"Zak\u0142ad Gospodarki Komunalnej w Lubkowie Sp\u00f3\u0142ka z o.o."},"image":{"@id":"https:\/\/zgk.lubkow.pl\/zgk\/#\/schema\/logo\/image\/"}},{"@type":"Person","@id":"https:\/\/zgk.lubkow.pl\/zgk\/#\/schema\/person\/3c8ec62eec9a728021ed36790a53c88f","name":"rpalczewski","image":{"@type":"ImageObject","inLanguage":"pl-PL","@id":"https:\/\/secure.gravatar.com\/avatar\/?s=96&d=mm&r=g","url":"https:\/\/secure.gravatar.com\/avatar\/?s=96&d=mm&r=g","contentUrl":"https:\/\/secure.gravatar.com\/avatar\/?s=96&d=mm&r=g","caption":"rpalczewski"},"url":"https:\/\/zgk.lubkow.pl\/zgk\/author\/rpalczewski\/"}]}},"_links":{"self":[{"href":"https:\/\/zgk.lubkow.pl\/zgk\/wp-json\/wp\/v2\/posts\/3886","targetHints":{"allow":["GET"]}}],"collection":[{"href":"https:\/\/zgk.lubkow.pl\/zgk\/wp-json\/wp\/v2\/posts"}],"about":[{"href":"https:\/\/zgk.lubkow.pl\/zgk\/wp-json\/wp\/v2\/types\/post"}],"author":[{"embeddable":true,"href":"https:\/\/zgk.lubkow.pl\/zgk\/wp-json\/wp\/v2\/users\/3"}],"replies":[{"embeddable":true,"href":"https:\/\/zgk.lubkow.pl\/zgk\/wp-json\/wp\/v2\/comments?post=3886"}],"version-history":[{"count":8,"href":"https:\/\/zgk.lubkow.pl\/zgk\/wp-json\/wp\/v2\/posts\/3886\/revisions"}],"predecessor-version":[{"id":4745,"href":"https:\/\/zgk.lubkow.pl\/zgk\/wp-json\/wp\/v2\/posts\/3886\/revisions\/4745"}],"wp:attachment":[{"href":"https:\/\/zgk.lubkow.pl\/zgk\/wp-json\/wp\/v2\/media?parent=3886"}],"wp:term":[{"taxonomy":"category","embeddable":true,"href":"https:\/\/zgk.lubkow.pl\/zgk\/wp-json\/wp\/v2\/categories?post=3886"},{"taxonomy":"post_tag","embeddable":true,"href":"https:\/\/zgk.lubkow.pl\/zgk\/wp-json\/wp\/v2\/tags?post=3886"}],"curies":[{"name":"wp","href":"https:\/\/api.w.org\/{rel}","templated":true}]}}