{"id":3395,"date":"2024-11-20T08:10:31","date_gmt":"2024-11-20T07:10:31","guid":{"rendered":"https:\/\/zgk.lubkow.pl\/zgk\/?p=3395"},"modified":"2026-03-19T15:53:28","modified_gmt":"2026-03-19T14:53:28","slug":"awaria-telefonow-stacjonarnych","status":"publish","type":"post","link":"https:\/\/zgk.lubkow.pl\/zgk\/awaria-telefonow-stacjonarnych\/","title":{"rendered":"Awaria telefon\u00f3w stacjonarnych"},"content":{"rendered":"\t\t<div data-elementor-type=\"wp-post\" data-elementor-id=\"3395\" class=\"elementor elementor-3395\">\n\t\t\t\t\t\t<section class=\"elementor-section elementor-top-section elementor-element elementor-element-f6a3b94 elementor-section-boxed elementor-section-height-default elementor-section-height-default\" data-id=\"f6a3b94\" data-element_type=\"section\" data-e-type=\"section\">\n\t\t\t\t\t\t<div class=\"elementor-container elementor-column-gap-default\">\n\t\t\t\t\t<div class=\"elementor-column elementor-col-100 elementor-top-column elementor-element elementor-element-81a3a5a\" data-id=\"81a3a5a\" data-element_type=\"column\" data-e-type=\"column\">\n\t\t\t<div class=\"elementor-widget-wrap elementor-element-populated\">\n\t\t\t\t\t\t<div class=\"elementor-element elementor-element-a8413fd elementor-widget elementor-widget-image\" data-id=\"a8413fd\" data-element_type=\"widget\" data-e-type=\"widget\" data-widget_type=\"image.default\">\n\t\t\t\t\t\t\t\t\t\t\t\t\t\t\t<img decoding=\"async\" src=\"https:\/\/zgk.lubkow.pl\/zgk\/wp-content\/uploads\/elementor\/thumbs\/wykrzyknik-rj8gvjqwjgb28lgwi8bljfilqs8kecg74s5hpevklk.jpg\" title=\"wykrzyknik\" alt=\"wykrzyknik\" loading=\"lazy\" \/>\t\t\t\t\t\t\t\t\t\t\t\t\t\t\t<\/div>\n\t\t\t\t<div class=\"elementor-element elementor-element-fc7b6ff elementor-widget elementor-widget-text-editor\" data-id=\"fc7b6ff\" data-element_type=\"widget\" data-e-type=\"widget\" data-widget_type=\"text-editor.default\">\n\t\t\t\t\t\t\t\t\t<p>Szanowni Pa\u0144stwo informujemy, \u017ce z przyczyn od nas niezale\u017cnych wyst\u0119puj\u0105 problemy z komunikacj\u0105 telefoniczn\u0105. Z informacji przekazanej nam przez operatora nasze telefony stacjonarne mog\u0105 pozostawa\u0107 nieczynne do jutra (czwartek 21.11.2024) do godz. 16.<\/p><p>W razie potrzeby prosimy o kierowanie poczty elektronicznej na adres sekretariat@lubkow.pl .<\/p><p>Przepraszamy za utrudnienia<\/p>\t\t\t\t\t\t\t\t<\/div>\n\t\t\t\t\t<\/div>\n\t\t<\/div>\n\t\t\t\t\t<\/div>\n\t\t<\/section>\n\t\t\t\t<\/div>\n\t\t","protected":false},"excerpt":{"rendered":"<p>Szanowni Pa\u0144stwo informujemy, \u017ce z przyczyn od nas niezale\u017cnych wyst\u0119puj\u0105 problemy z komunikacj\u0105 telefoniczn\u0105. Z informacji przekazanej nam przez operatora nasze telefony stacjonarne mog\u0105 pozostawa\u0107 nieczynne do jutra (czwartek 21.11.2024) do godz. 16. W razie potrzeby prosimy o kierowanie poczty elektronicznej na adres sekretariat@lubkow.pl . Przepraszamy za utrudnienia<\/p>\n","protected":false},"author":3,"featured_media":0,"comment_status":"closed","ping_status":"closed","sticky":false,"template":"","format":"standard","meta":{"footnotes":""},"categories":[8,10],"tags":[],"class_list":["post-3395","post","type-post","status-publish","format-standard","hentry","category-aktualnosci","category-awarie-i-wylaczenia"],"yoast_head":"<!-- This site is optimized with the Yoast SEO plugin v27.2 - https:\/\/yoast.com\/product\/yoast-seo-wordpress\/ -->\n<title>Awaria telefon\u00f3w stacjonarnych - Zak\u0142ad Gospodarki Komunalnej w Lubkowie Sp\u00f3\u0142ka z o.o.<\/title>\n<meta name=\"robots\" content=\"index, follow, max-snippet:-1, max-image-preview:large, max-video-preview:-1\" \/>\n<link rel=\"canonical\" href=\"https:\/\/zgk.lubkow.pl\/zgk\/awaria-telefonow-stacjonarnych\/\" \/>\n<meta property=\"og:locale\" content=\"pl_PL\" \/>\n<meta property=\"og:type\" content=\"article\" \/>\n<meta property=\"og:title\" content=\"Awaria telefon\u00f3w stacjonarnych - Zak\u0142ad Gospodarki Komunalnej w Lubkowie Sp\u00f3\u0142ka z o.o.\" \/>\n<meta property=\"og:description\" content=\"Szanowni Pa\u0144stwo informujemy, \u017ce z przyczyn od nas niezale\u017cnych wyst\u0119puj\u0105 problemy z komunikacj\u0105 telefoniczn\u0105. Z informacji przekazanej nam przez operatora nasze telefony stacjonarne mog\u0105 pozostawa\u0107 nieczynne do jutra (czwartek 21.11.2024) do godz. 16. W razie potrzeby prosimy o kierowanie poczty elektronicznej na adres sekretariat@lubkow.pl . Przepraszamy za utrudnienia\" \/>\n<meta property=\"og:url\" content=\"https:\/\/zgk.lubkow.pl\/zgk\/awaria-telefonow-stacjonarnych\/\" \/>\n<meta property=\"og:site_name\" content=\"Zak\u0142ad Gospodarki Komunalnej w Lubkowie Sp\u00f3\u0142ka z o.o.\" \/>\n<meta property=\"article:published_time\" content=\"2024-11-20T07:10:31+00:00\" \/>\n<meta property=\"article:modified_time\" content=\"2026-03-19T14:53:28+00:00\" \/>\n<meta property=\"og:image\" content=\"https:\/\/gzgk.home.pl\/zgk\/wp-content\/uploads\/elementor\/thumbs\/wykrzyknik-pibguhf01jbhebtsb1yf31si38golp1gevo1jprls8.jpg\" \/>\n<meta name=\"author\" content=\"rpalczewski\" \/>\n<meta name=\"twitter:card\" content=\"summary_large_image\" \/>\n<meta name=\"twitter:label1\" content=\"Napisane przez\" \/>\n\t<meta name=\"twitter:data1\" content=\"rpalczewski\" \/>\n\t<meta name=\"twitter:label2\" content=\"Szacowany czas czytania\" \/>\n\t<meta name=\"twitter:data2\" content=\"1 minuta\" \/>\n<script type=\"application\/ld+json\" class=\"yoast-schema-graph\">{\"@context\":\"https:\/\/schema.org\",\"@graph\":[{\"@type\":\"Article\",\"@id\":\"https:\/\/zgk.lubkow.pl\/zgk\/awaria-telefonow-stacjonarnych\/#article\",\"isPartOf\":{\"@id\":\"https:\/\/zgk.lubkow.pl\/zgk\/awaria-telefonow-stacjonarnych\/\"},\"author\":{\"name\":\"rpalczewski\",\"@id\":\"https:\/\/zgk.lubkow.pl\/zgk\/#\/schema\/person\/3c8ec62eec9a728021ed36790a53c88f\"},\"headline\":\"Awaria telefon\u00f3w stacjonarnych\",\"datePublished\":\"2024-11-20T07:10:31+00:00\",\"dateModified\":\"2026-03-19T14:53:28+00:00\",\"mainEntityOfPage\":{\"@id\":\"https:\/\/zgk.lubkow.pl\/zgk\/awaria-telefonow-stacjonarnych\/\"},\"wordCount\":54,\"publisher\":{\"@id\":\"https:\/\/zgk.lubkow.pl\/zgk\/#organization\"},\"image\":{\"@id\":\"https:\/\/zgk.lubkow.pl\/zgk\/awaria-telefonow-stacjonarnych\/#primaryimage\"},\"thumbnailUrl\":\"https:\/\/gzgk.home.pl\/zgk\/wp-content\/uploads\/elementor\/thumbs\/wykrzyknik-pibguhf01jbhebtsb1yf31si38golp1gevo1jprls8.jpg\",\"articleSection\":[\"Aktualno\u015bci\",\"Awarie i wy\u0142\u0105czenia\"],\"inLanguage\":\"pl-PL\"},{\"@type\":\"WebPage\",\"@id\":\"https:\/\/zgk.lubkow.pl\/zgk\/awaria-telefonow-stacjonarnych\/\",\"url\":\"https:\/\/zgk.lubkow.pl\/zgk\/awaria-telefonow-stacjonarnych\/\",\"name\":\"Awaria telefon\u00f3w stacjonarnych - Zak\u0142ad Gospodarki Komunalnej w Lubkowie Sp\u00f3\u0142ka z o.o.\",\"isPartOf\":{\"@id\":\"https:\/\/zgk.lubkow.pl\/zgk\/#website\"},\"primaryImageOfPage\":{\"@id\":\"https:\/\/zgk.lubkow.pl\/zgk\/awaria-telefonow-stacjonarnych\/#primaryimage\"},\"image\":{\"@id\":\"https:\/\/zgk.lubkow.pl\/zgk\/awaria-telefonow-stacjonarnych\/#primaryimage\"},\"thumbnailUrl\":\"https:\/\/gzgk.home.pl\/zgk\/wp-content\/uploads\/elementor\/thumbs\/wykrzyknik-pibguhf01jbhebtsb1yf31si38golp1gevo1jprls8.jpg\",\"datePublished\":\"2024-11-20T07:10:31+00:00\",\"dateModified\":\"2026-03-19T14:53:28+00:00\",\"breadcrumb\":{\"@id\":\"https:\/\/zgk.lubkow.pl\/zgk\/awaria-telefonow-stacjonarnych\/#breadcrumb\"},\"inLanguage\":\"pl-PL\",\"potentialAction\":[{\"@type\":\"ReadAction\",\"target\":[\"https:\/\/zgk.lubkow.pl\/zgk\/awaria-telefonow-stacjonarnych\/\"]}]},{\"@type\":\"ImageObject\",\"inLanguage\":\"pl-PL\",\"@id\":\"https:\/\/zgk.lubkow.pl\/zgk\/awaria-telefonow-stacjonarnych\/#primaryimage\",\"url\":\"https:\/\/gzgk.home.pl\/zgk\/wp-content\/uploads\/elementor\/thumbs\/wykrzyknik-pibguhf01jbhebtsb1yf31si38golp1gevo1jprls8.jpg\",\"contentUrl\":\"https:\/\/gzgk.home.pl\/zgk\/wp-content\/uploads\/elementor\/thumbs\/wykrzyknik-pibguhf01jbhebtsb1yf31si38golp1gevo1jprls8.jpg\"},{\"@type\":\"BreadcrumbList\",\"@id\":\"https:\/\/zgk.lubkow.pl\/zgk\/awaria-telefonow-stacjonarnych\/#breadcrumb\",\"itemListElement\":[{\"@type\":\"ListItem\",\"position\":1,\"name\":\"Strona g\u0142\u00f3wna\",\"item\":\"https:\/\/zgk.lubkow.pl\/zgk\/\"},{\"@type\":\"ListItem\",\"position\":2,\"name\":\"Awaria telefon\u00f3w stacjonarnych\"}]},{\"@type\":\"WebSite\",\"@id\":\"https:\/\/zgk.lubkow.pl\/zgk\/#website\",\"url\":\"https:\/\/zgk.lubkow.pl\/zgk\/\",\"name\":\"Zak\u0142ad Gospodarki Komunalnej w Lubkowie Sp\u00f3\u0142ka z o.o.\",\"description\":\"\",\"publisher\":{\"@id\":\"https:\/\/zgk.lubkow.pl\/zgk\/#organization\"},\"potentialAction\":[{\"@type\":\"SearchAction\",\"target\":{\"@type\":\"EntryPoint\",\"urlTemplate\":\"https:\/\/zgk.lubkow.pl\/zgk\/?s={search_term_string}\"},\"query-input\":{\"@type\":\"PropertyValueSpecification\",\"valueRequired\":true,\"valueName\":\"search_term_string\"}}],\"inLanguage\":\"pl-PL\"},{\"@type\":\"Organization\",\"@id\":\"https:\/\/zgk.lubkow.pl\/zgk\/#organization\",\"name\":\"Zak\u0142ad Gospodarki Komunalnej w Lubkowie Sp\u00f3\u0142ka z o.o.\",\"url\":\"https:\/\/zgk.lubkow.pl\/zgk\/\",\"logo\":{\"@type\":\"ImageObject\",\"inLanguage\":\"pl-PL\",\"@id\":\"https:\/\/zgk.lubkow.pl\/zgk\/#\/schema\/logo\/image\/\",\"url\":\"https:\/\/zgk.lubkow.pl\/zgk\/wp-content\/uploads\/2026\/02\/logo-copy.webp\",\"contentUrl\":\"https:\/\/zgk.lubkow.pl\/zgk\/wp-content\/uploads\/2026\/02\/logo-copy.webp\",\"width\":844,\"height\":115,\"caption\":\"Zak\u0142ad Gospodarki Komunalnej w Lubkowie Sp\u00f3\u0142ka z o.o.\"},\"image\":{\"@id\":\"https:\/\/zgk.lubkow.pl\/zgk\/#\/schema\/logo\/image\/\"}},{\"@type\":\"Person\",\"@id\":\"https:\/\/zgk.lubkow.pl\/zgk\/#\/schema\/person\/3c8ec62eec9a728021ed36790a53c88f\",\"name\":\"rpalczewski\",\"image\":{\"@type\":\"ImageObject\",\"inLanguage\":\"pl-PL\",\"@id\":\"https:\/\/secure.gravatar.com\/avatar\/?s=96&d=mm&r=g\",\"url\":\"https:\/\/secure.gravatar.com\/avatar\/?s=96&d=mm&r=g\",\"contentUrl\":\"https:\/\/secure.gravatar.com\/avatar\/?s=96&d=mm&r=g\",\"caption\":\"rpalczewski\"},\"url\":\"https:\/\/zgk.lubkow.pl\/zgk\/author\/rpalczewski\/\"}]}<\/script>\n<!-- \/ Yoast SEO plugin. -->","yoast_head_json":{"title":"Awaria telefon\u00f3w stacjonarnych - Zak\u0142ad Gospodarki Komunalnej w Lubkowie Sp\u00f3\u0142ka z o.o.","robots":{"index":"index","follow":"follow","max-snippet":"max-snippet:-1","max-image-preview":"max-image-preview:large","max-video-preview":"max-video-preview:-1"},"canonical":"https:\/\/zgk.lubkow.pl\/zgk\/awaria-telefonow-stacjonarnych\/","og_locale":"pl_PL","og_type":"article","og_title":"Awaria telefon\u00f3w stacjonarnych - Zak\u0142ad Gospodarki Komunalnej w Lubkowie Sp\u00f3\u0142ka z o.o.","og_description":"Szanowni Pa\u0144stwo informujemy, \u017ce z przyczyn od nas niezale\u017cnych wyst\u0119puj\u0105 problemy z komunikacj\u0105 telefoniczn\u0105. Z informacji przekazanej nam przez operatora nasze telefony stacjonarne mog\u0105 pozostawa\u0107 nieczynne do jutra (czwartek 21.11.2024) do godz. 16. W razie potrzeby prosimy o kierowanie poczty elektronicznej na adres sekretariat@lubkow.pl . Przepraszamy za utrudnienia","og_url":"https:\/\/zgk.lubkow.pl\/zgk\/awaria-telefonow-stacjonarnych\/","og_site_name":"Zak\u0142ad Gospodarki Komunalnej w Lubkowie Sp\u00f3\u0142ka z o.o.","article_published_time":"2024-11-20T07:10:31+00:00","article_modified_time":"2026-03-19T14:53:28+00:00","og_image":[{"url":"https:\/\/gzgk.home.pl\/zgk\/wp-content\/uploads\/elementor\/thumbs\/wykrzyknik-pibguhf01jbhebtsb1yf31si38golp1gevo1jprls8.jpg","type":"","width":"","height":""}],"author":"rpalczewski","twitter_card":"summary_large_image","twitter_misc":{"Napisane przez":"rpalczewski","Szacowany czas czytania":"1 minuta"},"schema":{"@context":"https:\/\/schema.org","@graph":[{"@type":"Article","@id":"https:\/\/zgk.lubkow.pl\/zgk\/awaria-telefonow-stacjonarnych\/#article","isPartOf":{"@id":"https:\/\/zgk.lubkow.pl\/zgk\/awaria-telefonow-stacjonarnych\/"},"author":{"name":"rpalczewski","@id":"https:\/\/zgk.lubkow.pl\/zgk\/#\/schema\/person\/3c8ec62eec9a728021ed36790a53c88f"},"headline":"Awaria telefon\u00f3w stacjonarnych","datePublished":"2024-11-20T07:10:31+00:00","dateModified":"2026-03-19T14:53:28+00:00","mainEntityOfPage":{"@id":"https:\/\/zgk.lubkow.pl\/zgk\/awaria-telefonow-stacjonarnych\/"},"wordCount":54,"publisher":{"@id":"https:\/\/zgk.lubkow.pl\/zgk\/#organization"},"image":{"@id":"https:\/\/zgk.lubkow.pl\/zgk\/awaria-telefonow-stacjonarnych\/#primaryimage"},"thumbnailUrl":"https:\/\/gzgk.home.pl\/zgk\/wp-content\/uploads\/elementor\/thumbs\/wykrzyknik-pibguhf01jbhebtsb1yf31si38golp1gevo1jprls8.jpg","articleSection":["Aktualno\u015bci","Awarie i wy\u0142\u0105czenia"],"inLanguage":"pl-PL"},{"@type":"WebPage","@id":"https:\/\/zgk.lubkow.pl\/zgk\/awaria-telefonow-stacjonarnych\/","url":"https:\/\/zgk.lubkow.pl\/zgk\/awaria-telefonow-stacjonarnych\/","name":"Awaria telefon\u00f3w stacjonarnych - Zak\u0142ad Gospodarki Komunalnej w Lubkowie Sp\u00f3\u0142ka z o.o.","isPartOf":{"@id":"https:\/\/zgk.lubkow.pl\/zgk\/#website"},"primaryImageOfPage":{"@id":"https:\/\/zgk.lubkow.pl\/zgk\/awaria-telefonow-stacjonarnych\/#primaryimage"},"image":{"@id":"https:\/\/zgk.lubkow.pl\/zgk\/awaria-telefonow-stacjonarnych\/#primaryimage"},"thumbnailUrl":"https:\/\/gzgk.home.pl\/zgk\/wp-content\/uploads\/elementor\/thumbs\/wykrzyknik-pibguhf01jbhebtsb1yf31si38golp1gevo1jprls8.jpg","datePublished":"2024-11-20T07:10:31+00:00","dateModified":"2026-03-19T14:53:28+00:00","breadcrumb":{"@id":"https:\/\/zgk.lubkow.pl\/zgk\/awaria-telefonow-stacjonarnych\/#breadcrumb"},"inLanguage":"pl-PL","potentialAction":[{"@type":"ReadAction","target":["https:\/\/zgk.lubkow.pl\/zgk\/awaria-telefonow-stacjonarnych\/"]}]},{"@type":"ImageObject","inLanguage":"pl-PL","@id":"https:\/\/zgk.lubkow.pl\/zgk\/awaria-telefonow-stacjonarnych\/#primaryimage","url":"https:\/\/gzgk.home.pl\/zgk\/wp-content\/uploads\/elementor\/thumbs\/wykrzyknik-pibguhf01jbhebtsb1yf31si38golp1gevo1jprls8.jpg","contentUrl":"https:\/\/gzgk.home.pl\/zgk\/wp-content\/uploads\/elementor\/thumbs\/wykrzyknik-pibguhf01jbhebtsb1yf31si38golp1gevo1jprls8.jpg"},{"@type":"BreadcrumbList","@id":"https:\/\/zgk.lubkow.pl\/zgk\/awaria-telefonow-stacjonarnych\/#breadcrumb","itemListElement":[{"@type":"ListItem","position":1,"name":"Strona g\u0142\u00f3wna","item":"https:\/\/zgk.lubkow.pl\/zgk\/"},{"@type":"ListItem","position":2,"name":"Awaria telefon\u00f3w stacjonarnych"}]},{"@type":"WebSite","@id":"https:\/\/zgk.lubkow.pl\/zgk\/#website","url":"https:\/\/zgk.lubkow.pl\/zgk\/","name":"Zak\u0142ad Gospodarki Komunalnej w Lubkowie Sp\u00f3\u0142ka z o.o.","description":"","publisher":{"@id":"https:\/\/zgk.lubkow.pl\/zgk\/#organization"},"potentialAction":[{"@type":"SearchAction","target":{"@type":"EntryPoint","urlTemplate":"https:\/\/zgk.lubkow.pl\/zgk\/?s={search_term_string}"},"query-input":{"@type":"PropertyValueSpecification","valueRequired":true,"valueName":"search_term_string"}}],"inLanguage":"pl-PL"},{"@type":"Organization","@id":"https:\/\/zgk.lubkow.pl\/zgk\/#organization","name":"Zak\u0142ad Gospodarki Komunalnej w Lubkowie Sp\u00f3\u0142ka z o.o.","url":"https:\/\/zgk.lubkow.pl\/zgk\/","logo":{"@type":"ImageObject","inLanguage":"pl-PL","@id":"https:\/\/zgk.lubkow.pl\/zgk\/#\/schema\/logo\/image\/","url":"https:\/\/zgk.lubkow.pl\/zgk\/wp-content\/uploads\/2026\/02\/logo-copy.webp","contentUrl":"https:\/\/zgk.lubkow.pl\/zgk\/wp-content\/uploads\/2026\/02\/logo-copy.webp","width":844,"height":115,"caption":"Zak\u0142ad Gospodarki Komunalnej w Lubkowie Sp\u00f3\u0142ka z o.o."},"image":{"@id":"https:\/\/zgk.lubkow.pl\/zgk\/#\/schema\/logo\/image\/"}},{"@type":"Person","@id":"https:\/\/zgk.lubkow.pl\/zgk\/#\/schema\/person\/3c8ec62eec9a728021ed36790a53c88f","name":"rpalczewski","image":{"@type":"ImageObject","inLanguage":"pl-PL","@id":"https:\/\/secure.gravatar.com\/avatar\/?s=96&d=mm&r=g","url":"https:\/\/secure.gravatar.com\/avatar\/?s=96&d=mm&r=g","contentUrl":"https:\/\/secure.gravatar.com\/avatar\/?s=96&d=mm&r=g","caption":"rpalczewski"},"url":"https:\/\/zgk.lubkow.pl\/zgk\/author\/rpalczewski\/"}]}},"_links":{"self":[{"href":"https:\/\/zgk.lubkow.pl\/zgk\/wp-json\/wp\/v2\/posts\/3395","targetHints":{"allow":["GET"]}}],"collection":[{"href":"https:\/\/zgk.lubkow.pl\/zgk\/wp-json\/wp\/v2\/posts"}],"about":[{"href":"https:\/\/zgk.lubkow.pl\/zgk\/wp-json\/wp\/v2\/types\/post"}],"author":[{"embeddable":true,"href":"https:\/\/zgk.lubkow.pl\/zgk\/wp-json\/wp\/v2\/users\/3"}],"replies":[{"embeddable":true,"href":"https:\/\/zgk.lubkow.pl\/zgk\/wp-json\/wp\/v2\/comments?post=3395"}],"version-history":[{"count":1,"href":"https:\/\/zgk.lubkow.pl\/zgk\/wp-json\/wp\/v2\/posts\/3395\/revisions"}],"predecessor-version":[{"id":4131,"href":"https:\/\/zgk.lubkow.pl\/zgk\/wp-json\/wp\/v2\/posts\/3395\/revisions\/4131"}],"wp:attachment":[{"href":"https:\/\/zgk.lubkow.pl\/zgk\/wp-json\/wp\/v2\/media?parent=3395"}],"wp:term":[{"taxonomy":"category","embeddable":true,"href":"https:\/\/zgk.lubkow.pl\/zgk\/wp-json\/wp\/v2\/categories?post=3395"},{"taxonomy":"post_tag","embeddable":true,"href":"https:\/\/zgk.lubkow.pl\/zgk\/wp-json\/wp\/v2\/tags?post=3395"}],"curies":[{"name":"wp","href":"https:\/\/api.w.org\/{rel}","templated":true}]}}