{"id":3058,"date":"2024-02-01T10:33:53","date_gmt":"2024-02-01T09:33:53","guid":{"rendered":"https:\/\/zgk.lubkow.pl\/zgk\/?p=3058"},"modified":"2026-03-20T09:20:59","modified_gmt":"2026-03-20T08:20:59","slug":"ogloszenie-o-prace-2","status":"publish","type":"post","link":"https:\/\/zgk.lubkow.pl\/zgk\/ogloszenie-o-prace-2\/","title":{"rendered":"Og\u0142oszenie o prac\u0119 !!!"},"content":{"rendered":"\t\t<div data-elementor-type=\"wp-post\" data-elementor-id=\"3058\" class=\"elementor elementor-3058\">\n\t\t\t\t\t\t<section class=\"elementor-section elementor-top-section elementor-element elementor-element-01dfdeb elementor-section-boxed elementor-section-height-default elementor-section-height-default\" data-id=\"01dfdeb\" data-element_type=\"section\" data-e-type=\"section\">\n\t\t\t\t\t\t<div class=\"elementor-container elementor-column-gap-default\">\n\t\t\t\t\t<div class=\"elementor-column elementor-col-100 elementor-top-column elementor-element elementor-element-0da17fe\" data-id=\"0da17fe\" data-element_type=\"column\" data-e-type=\"column\">\n\t\t\t<div class=\"elementor-widget-wrap elementor-element-populated\">\n\t\t\t\t\t\t<div class=\"elementor-element elementor-element-bf9b957 elementor-widget elementor-widget-text-editor\" data-id=\"bf9b957\" data-element_type=\"widget\" data-e-type=\"widget\" data-widget_type=\"text-editor.default\">\n\t\t\t\t\t\t\t\t\t<p><strong>Zak\u0142ad Gospodarki Komunalnej w Lubkowie Sp. z o.o. og\u0142asza nab\u00f3r na stanowisko :<\/strong><\/p><p><strong>\u00a0KSI\u0118GOWA \/ KSI\u0118GOWY<\/strong><\/p><p><strong>w wym. 1 etatu<\/strong><\/p><p><strong>Wymagania niezb\u0119dne:<\/strong><\/p><ol><li>Wykszta\u0142cenie wy\u017csze.<\/li><li>Wymagane do\u015bwiadczenie na stanowisku : co najmniej 1 rok.<\/li><li>Stan zdrowia pozwalaj\u0105cy na zatrudnienie na ww. stanowisku.<\/li><\/ol><p><strong>Wymagania dodatkowe:<\/strong><\/p><ol><li>Bieg\u0142a znajomo\u015b\u0107 obs\u0142ugi komputera (pakiet Microsoft Office, poczta elektroniczna).<\/li><li>Bardzo dobra organizacja czasu pracy.<\/li><li>Umiej\u0119tno\u015b\u0107 pracy w zespole.<\/li><li>Sumienno\u015b\u0107, rzetelno\u015b\u0107, odpowiedzialno\u015b\u0107.<\/li><li>Dyspozycyjno\u015b\u0107.<\/li><li>Wysoka kultura osobista.<\/li><\/ol><p>Dodatkowym atutem b\u0119dzie praca na samodzielnym stanowisku ksi\u0119gowego.<\/p><p><strong>Zakres wykonywanych zada\u0144:<\/strong><\/p><ol><li>Pe\u0142ny zakres czynno\u015bci w wyznaczonym zakresie obs\u0142ugi \u201ekont analitycznych\u201d i ich rozlicze\u0144 finansowych, uzgodnie\u0144, analiz, ewidencji w tym \u201e\u015brodki trwa\u0142e w budowie\u201d<\/li><li>Prowadzenie dokumentacji, ewidencji, pisanie pism, przygotowywanie materia\u0142\u00f3w pomocniczych do obs\u0142ugi Planu Finansowego Sp\u00f3\u0142ki.<\/li><li>Rozliczenia wskazanych: dop\u0142at, kont pozabilansowych, rozrachunk\u00f3w i rozlicze\u0144.<\/li><li>Przygotowywanie zestawie\u0144 i innej wskazanej dokumentacji w tym rozlicze\u0144 z podzia\u0142em na rodzaj dzia\u0142alno\u015bci w zakresie m. in.: zu\u017cycia paliwa, czasu pracy.<\/li><li>Przygotowywanie: dokumentacji inwentaryzacyjnej w zakresie prowadzonych operacji i zdarze\u0144 gospodarczych, przygotowanie i przekazanie odpowiednio dokumentacji do archiwum.<\/li><li>Prowadzenie rejestr\u00f3w, ewidencji, wydruk\u00f3w komputerowych, zestawie\u0144 i obs\u0142ugi ksi\u0119gowa\u0144 w zakresie magazynu.<\/li><li>Na polecenie prze\u0142o\u017conego zast\u0119powanie innego nieobecnego pracownika i wykonywanie innych zleconych zada\u0144 przez prze\u0142o\u017conych w zakresie rozlicze\u0144: zakupu, podzia\u0142u koszt\u00f3w dzia\u0142alno\u015bci, uzgodnie\u0144 pod wzgl\u0119dem formalno-rachunkowy, merytorycznym, opis VAT- zakup, prowadzenia rozlicze\u0144 m\/o koszt\u00f3w.<\/li><li>Sprawdzanie dowod\u00f3w zakupu pod wzgl\u0119dem finansowo-rachunkowym \u2013 w zast\u0119pstwie innego pracownika.<\/li><li>Obs\u0142uga ksi\u0119gowa wskazanych dowod\u00f3w bankowych i rozlicze\u0144 raportu banku w tym banku ZFS\u015a, lokat, masowe \u2013 w zast\u0119pstwie innego nieobecnego pracownika i docelowo pe\u0142ny zakres.<\/li><\/ol><p><strong>Informacja o warunkach pracy na stanowisku:<\/strong><\/p><ol><li>Miejsce \u015bwiadczenia pracy: Lubk\u00f3w 63.<\/li><li>Praca przy monitorze ekranowym co najmniej 4 godziny dziennie.<\/li><li>Czas pracy; 1\/1 etatu (przeci\u0119tnie 40 godzin tygodniowo).<\/li><li>Forma zatrudnienia: umowa o prace na zast\u0119pstwo.<\/li><\/ol><p>\u00a0<\/p><p>CV nale\u017cy sk\u0142ada\u0107 w sekretariacie ZGK w Lubkowie Sp. z o.o., w dni powszednie w godzinach od 7:00 do 15:00 lub przesy\u0142a\u0107 na adres <a href=\"mailto:sekretariat@lubkow.pl\">sekretariat@lubkow.pl<\/a> <strong>do 12 lutego 2024r<\/strong>.<\/p><p>Kandydaci spe\u0142niaj\u0105cy wymagania zostan\u0105 zaproszeni na rozmow\u0119 kwalifikacyjn\u0105.<\/p><p>\u00a0<\/p><p><strong>\u00a0Prezes Zarz\u0105du <\/strong><\/p><p><strong>\u00a0Rados\u0142aw Palczewski<\/strong><\/p><p><strong>\u00a0<\/strong><\/p><p><strong>Klauzula informacyjna dla kandydata do pracy<\/strong><\/p><p>Zgodnie z art. 13 ust. 1-2 Rozporz\u0105dzenia Parlamentu Europejskiego i Rady (UE) 2016\/679 z dnia 27\u00a0kwietnia 2016 r. w\u00a0sprawie ochrony os\u00f3b fizycznych w zwi\u0105zku z przetwarzaniem danych osobowych i w sprawie swobodnego przep\u0142ywu takich danych oraz uchylenia dyrektywy 95\/46\/WE (og\u00f3lne rozporz\u0105dzenie o ochronie danych) (dalej \u201e<strong>RODO<\/strong>\u201d) informujemy, \u017ce:<\/p><ol><li><strong>Administratorem Pani\/Pana danych osobowych\u00a0<\/strong>jest Zak\u0142ad Gospodarki Komunalnej <br \/>w Lubkowie Sp. z o.o. (adres: Lubk\u00f3w 63, 59-720 Raciborowice), zwany dalej<strong>Sp\u00f3\u0142k\u0105<\/strong>.<\/li><li>W sprawie ochrony danych osobowych mo\u017cna skontaktowa\u0107 si\u0119 ze\u00a0<strong>Specjalist\u0105 ds. Ochrony Danych<\/strong>pod adresem email:\u00a0<strong><u>odo@lubkow.pl\u00a0<\/u><\/strong><\/li><\/ol><ul><li><strong>Cele i podstawy przetwarzania<\/strong><\/li><\/ul><p>B\u0119dziemy przetwarza\u0107 Pani\/Pana dane osobowe w celu przeprowadzenia procesu rekrutacji. Dane takie jak imi\u0119 (imiona) i\u00a0nazwisko, dat\u0119 urodzenia, dane kontaktowe, wykszta\u0142cenia, kwalifikacje zawodowe i przebieg dotychczasowego zatrudnienia przetwarzamy zgodnie z art. 6 ust. 1 lit. c RODO &#8211; na podstawie art. 22<sup>1<\/sup> kodeksu pracy, <br \/>a pozosta\u0142e dane kt\u00f3re nam Pani\/Pan przekazuje w dokumentach przetwarzamy na podstawie art. 6 ust. 1 lit. a RODO (zgoda na przetwarzanie).<\/p><ol><li><strong>Prawa os\u00f3b, kt\u00f3rych dane dotycz\u0105<\/strong><\/li><\/ol><p>Zgodnie z RODO, przys\u0142uguje<strong>\u00a0Pani\/Panu prawo \u017c\u0105dania dost\u0119pu :<\/strong><\/p><ul><li><strong>do swoich danych osobowych<\/strong>oraz otrzymania ich kopii,<\/li><li>prawo \u017c\u0105dania ich\u00a0<strong>sprostowania<\/strong>(poprawiania),\u00a0<\/li><li><strong>usuni\u0119cia lub ograniczenia przetwarzania<\/strong>swoich danych osobowych,<\/li><li>a\u00a0tak\u017ce prawo do\u00a0<strong>przenoszenia\u00a0<\/strong>swoich danych osobowych.<\/li><\/ul><p>Ponadto, zgodnie z RODO przys\u0142uguje Pani\/Panu prawo do\u00a0<strong>wniesienia skargi<\/strong>\u00a0do Prezesa Urz\u0119du Ochrony Danych Osobowych.<\/p><ol><li><strong>Okres przechowywania danych<\/strong><\/li><\/ol><p>W zakresie wskazanym w pkt II Pani\/Pana dane b\u0119d\u0105 przechowywane przez czas niezb\u0119dny do przeprowadzenia niniejszej \u00a0rekrutacji, a nast\u0119pnie w terminie 3 m-cy od up\u0142ywu tego terminu zostan\u0105 usuni\u0119te.<\/p><ol><li><strong>Odbiorcy danych.<\/strong><\/li><\/ol><p>Pani\/Pana dane osobowe mog\u0105 zosta\u0107 przekazane uprawnionym instytucjom okre\u015blonym przez przepisy prawa oraz\u00a0podmiotom przetwarzaj\u0105cym, kt\u00f3re \u015bwiadcz\u0105 us\u0142ugi na rzecz Administratora danych i kt\u00f3rym te dane s\u0105 powierzane.<\/p><ul><li>Pani\/Pana dane osobowe nie b\u0119d\u0105 przekazywane do pa\u0144stwa trzeciego, czyli poza Europejski Obszar Gospodarczy (EOG)<\/li><li><strong>Podanie danych osobowych\u00a0<\/strong>w zakresie imienia i nazwiska, daty urodzenia, danych kontaktowych, wykszta\u0142cenia oraz przebiegu dotychczasowego zatrudnienia jest warunkiem wzi\u0119cia udzia\u0142u w danym procesie rekrutacyjnym. Nie podanie tych danych, podanie niepe\u0142nych danych skutkuje brakiem mo\u017cliwo\u015bci rozpatrzenia zg\u0142oszenia. Podanie innych danych jest dobrowolne. Nie podanie danych w pozosta\u0142ym zakresie nie wstrzymuje rozpoznania zg\u0142oszenia do rekrutacji.<\/li><\/ul><ol><li><strong>Zautomatyzowane podejmowanie decyzji<\/strong><\/li><\/ol><p>Informujemy, \u017ce\u00a0<strong>nie podejmujemy decyzji w spos\u00f3b zautomatyzowany, w tym w\u00a0formie profilowania.<\/strong><\/p><ol><li><strong>Zgoda oraz informacja o mo\u017cliwo\u015bci wycofania zgody<\/strong><\/li><\/ol><p style=\"text-align: center;\">W ka\u017cdej chwili przys\u0142uguje Pani\/Panu\u00a0<strong>prawo do wycofania zgody<\/strong>\u00a0na przetwarzanie danych osobowych innych ni\u017c okre\u015blone w art. 22<sup>1<\/sup> kodeksu pracy. Cofni\u0119cie zgody nie\u00a0wp\u0142ywa na\u00a0zgodno\u015b\u0107 z prawem przetwarzania, kt\u00f3rego dokonano na podstawie Pani\/Pana zgody przed jej wycofaniem. O\u015bwiadczenie o wycofaniu zgody na przetwarzanie danych osobowych mo\u017cna przes\u0142a\u0107 na adresy wskazane w pkt I.<\/p>\t\t\t\t\t\t\t\t<\/div>\n\t\t\t\t\t<\/div>\n\t\t<\/div>\n\t\t\t\t\t<\/div>\n\t\t<\/section>\n\t\t\t\t<\/div>\n\t\t","protected":false},"excerpt":{"rendered":"<p>Zak\u0142ad Gospodarki Komunalnej w Lubkowie Sp. z o.o. og\u0142asza nab\u00f3r na stanowisko : \u00a0KSI\u0118GOWA \/ KSI\u0118GOWY w wym. 1 etatu Wymagania niezb\u0119dne: Wykszta\u0142cenie wy\u017csze. Wymagane do\u015bwiadczenie na stanowisku : co najmniej 1 rok. Stan zdrowia pozwalaj\u0105cy na zatrudnienie na ww. stanowisku. Wymagania dodatkowe: Bieg\u0142a znajomo\u015b\u0107 obs\u0142ugi komputera (pakiet Microsoft Office, poczta elektroniczna). Bardzo dobra organizacja [&hellip;]<\/p>\n","protected":false},"author":3,"featured_media":0,"comment_status":"closed","ping_status":"closed","sticky":false,"template":"","format":"standard","meta":{"footnotes":""},"categories":[8],"tags":[],"class_list":["post-3058","post","type-post","status-publish","format-standard","hentry","category-aktualnosci"],"yoast_head":"<!-- This site is optimized with the Yoast SEO plugin v27.2 - https:\/\/yoast.com\/product\/yoast-seo-wordpress\/ -->\n<title>Og\u0142oszenie o prac\u0119 !!! - Zak\u0142ad Gospodarki Komunalnej w Lubkowie Sp\u00f3\u0142ka z o.o.<\/title>\n<meta name=\"robots\" content=\"index, follow, max-snippet:-1, max-image-preview:large, max-video-preview:-1\" \/>\n<link rel=\"canonical\" href=\"https:\/\/zgk.lubkow.pl\/zgk\/ogloszenie-o-prace-2\/\" \/>\n<meta property=\"og:locale\" content=\"pl_PL\" \/>\n<meta property=\"og:type\" content=\"article\" \/>\n<meta property=\"og:title\" content=\"Og\u0142oszenie o prac\u0119 !!! - Zak\u0142ad Gospodarki Komunalnej w Lubkowie Sp\u00f3\u0142ka z o.o.\" \/>\n<meta property=\"og:description\" content=\"Zak\u0142ad Gospodarki Komunalnej w Lubkowie Sp. z o.o. og\u0142asza nab\u00f3r na stanowisko : \u00a0KSI\u0118GOWA \/ KSI\u0118GOWY w wym. 1 etatu Wymagania niezb\u0119dne: Wykszta\u0142cenie wy\u017csze. Wymagane do\u015bwiadczenie na stanowisku : co najmniej 1 rok. Stan zdrowia pozwalaj\u0105cy na zatrudnienie na ww. stanowisku. Wymagania dodatkowe: Bieg\u0142a znajomo\u015b\u0107 obs\u0142ugi komputera (pakiet Microsoft Office, poczta elektroniczna). Bardzo dobra organizacja [&hellip;]\" \/>\n<meta property=\"og:url\" content=\"https:\/\/zgk.lubkow.pl\/zgk\/ogloszenie-o-prace-2\/\" \/>\n<meta property=\"og:site_name\" content=\"Zak\u0142ad Gospodarki Komunalnej w Lubkowie Sp\u00f3\u0142ka z o.o.\" \/>\n<meta property=\"article:published_time\" content=\"2024-02-01T09:33:53+00:00\" \/>\n<meta property=\"article:modified_time\" content=\"2026-03-20T08:20:59+00:00\" \/>\n<meta name=\"author\" content=\"rpalczewski\" \/>\n<meta name=\"twitter:card\" content=\"summary_large_image\" \/>\n<meta name=\"twitter:label1\" content=\"Napisane przez\" \/>\n\t<meta name=\"twitter:data1\" content=\"rpalczewski\" \/>\n<script type=\"application\/ld+json\" class=\"yoast-schema-graph\">{\"@context\":\"https:\/\/schema.org\",\"@graph\":[{\"@type\":\"Article\",\"@id\":\"https:\/\/zgk.lubkow.pl\/zgk\/ogloszenie-o-prace-2\/#article\",\"isPartOf\":{\"@id\":\"https:\/\/zgk.lubkow.pl\/zgk\/ogloszenie-o-prace-2\/\"},\"author\":{\"name\":\"rpalczewski\",\"@id\":\"https:\/\/zgk.lubkow.pl\/zgk\/#\/schema\/person\/3c8ec62eec9a728021ed36790a53c88f\"},\"headline\":\"Og\u0142oszenie o prac\u0119 !!!\",\"datePublished\":\"2024-02-01T09:33:53+00:00\",\"dateModified\":\"2026-03-20T08:20:59+00:00\",\"mainEntityOfPage\":{\"@id\":\"https:\/\/zgk.lubkow.pl\/zgk\/ogloszenie-o-prace-2\/\"},\"wordCount\":857,\"publisher\":{\"@id\":\"https:\/\/zgk.lubkow.pl\/zgk\/#organization\"},\"articleSection\":[\"Aktualno\u015bci\"],\"inLanguage\":\"pl-PL\"},{\"@type\":\"WebPage\",\"@id\":\"https:\/\/zgk.lubkow.pl\/zgk\/ogloszenie-o-prace-2\/\",\"url\":\"https:\/\/zgk.lubkow.pl\/zgk\/ogloszenie-o-prace-2\/\",\"name\":\"Og\u0142oszenie o prac\u0119 !!! - Zak\u0142ad Gospodarki Komunalnej w Lubkowie Sp\u00f3\u0142ka z o.o.\",\"isPartOf\":{\"@id\":\"https:\/\/zgk.lubkow.pl\/zgk\/#website\"},\"datePublished\":\"2024-02-01T09:33:53+00:00\",\"dateModified\":\"2026-03-20T08:20:59+00:00\",\"breadcrumb\":{\"@id\":\"https:\/\/zgk.lubkow.pl\/zgk\/ogloszenie-o-prace-2\/#breadcrumb\"},\"inLanguage\":\"pl-PL\",\"potentialAction\":[{\"@type\":\"ReadAction\",\"target\":[\"https:\/\/zgk.lubkow.pl\/zgk\/ogloszenie-o-prace-2\/\"]}]},{\"@type\":\"BreadcrumbList\",\"@id\":\"https:\/\/zgk.lubkow.pl\/zgk\/ogloszenie-o-prace-2\/#breadcrumb\",\"itemListElement\":[{\"@type\":\"ListItem\",\"position\":1,\"name\":\"Strona g\u0142\u00f3wna\",\"item\":\"https:\/\/zgk.lubkow.pl\/zgk\/\"},{\"@type\":\"ListItem\",\"position\":2,\"name\":\"Og\u0142oszenie o prac\u0119 !!!\"}]},{\"@type\":\"WebSite\",\"@id\":\"https:\/\/zgk.lubkow.pl\/zgk\/#website\",\"url\":\"https:\/\/zgk.lubkow.pl\/zgk\/\",\"name\":\"Zak\u0142ad Gospodarki Komunalnej w Lubkowie Sp\u00f3\u0142ka z o.o.\",\"description\":\"\",\"publisher\":{\"@id\":\"https:\/\/zgk.lubkow.pl\/zgk\/#organization\"},\"potentialAction\":[{\"@type\":\"SearchAction\",\"target\":{\"@type\":\"EntryPoint\",\"urlTemplate\":\"https:\/\/zgk.lubkow.pl\/zgk\/?s={search_term_string}\"},\"query-input\":{\"@type\":\"PropertyValueSpecification\",\"valueRequired\":true,\"valueName\":\"search_term_string\"}}],\"inLanguage\":\"pl-PL\"},{\"@type\":\"Organization\",\"@id\":\"https:\/\/zgk.lubkow.pl\/zgk\/#organization\",\"name\":\"Zak\u0142ad Gospodarki Komunalnej w Lubkowie Sp\u00f3\u0142ka z o.o.\",\"url\":\"https:\/\/zgk.lubkow.pl\/zgk\/\",\"logo\":{\"@type\":\"ImageObject\",\"inLanguage\":\"pl-PL\",\"@id\":\"https:\/\/zgk.lubkow.pl\/zgk\/#\/schema\/logo\/image\/\",\"url\":\"https:\/\/zgk.lubkow.pl\/zgk\/wp-content\/uploads\/2026\/02\/logo-copy.webp\",\"contentUrl\":\"https:\/\/zgk.lubkow.pl\/zgk\/wp-content\/uploads\/2026\/02\/logo-copy.webp\",\"width\":844,\"height\":115,\"caption\":\"Zak\u0142ad Gospodarki Komunalnej w Lubkowie Sp\u00f3\u0142ka z o.o.\"},\"image\":{\"@id\":\"https:\/\/zgk.lubkow.pl\/zgk\/#\/schema\/logo\/image\/\"}},{\"@type\":\"Person\",\"@id\":\"https:\/\/zgk.lubkow.pl\/zgk\/#\/schema\/person\/3c8ec62eec9a728021ed36790a53c88f\",\"name\":\"rpalczewski\",\"image\":{\"@type\":\"ImageObject\",\"inLanguage\":\"pl-PL\",\"@id\":\"https:\/\/secure.gravatar.com\/avatar\/?s=96&d=mm&r=g\",\"url\":\"https:\/\/secure.gravatar.com\/avatar\/?s=96&d=mm&r=g\",\"contentUrl\":\"https:\/\/secure.gravatar.com\/avatar\/?s=96&d=mm&r=g\",\"caption\":\"rpalczewski\"},\"url\":\"https:\/\/zgk.lubkow.pl\/zgk\/author\/rpalczewski\/\"}]}<\/script>\n<!-- \/ Yoast SEO plugin. -->","yoast_head_json":{"title":"Og\u0142oszenie o prac\u0119 !!! - Zak\u0142ad Gospodarki Komunalnej w Lubkowie Sp\u00f3\u0142ka z o.o.","robots":{"index":"index","follow":"follow","max-snippet":"max-snippet:-1","max-image-preview":"max-image-preview:large","max-video-preview":"max-video-preview:-1"},"canonical":"https:\/\/zgk.lubkow.pl\/zgk\/ogloszenie-o-prace-2\/","og_locale":"pl_PL","og_type":"article","og_title":"Og\u0142oszenie o prac\u0119 !!! - Zak\u0142ad Gospodarki Komunalnej w Lubkowie Sp\u00f3\u0142ka z o.o.","og_description":"Zak\u0142ad Gospodarki Komunalnej w Lubkowie Sp. z o.o. og\u0142asza nab\u00f3r na stanowisko : \u00a0KSI\u0118GOWA \/ KSI\u0118GOWY w wym. 1 etatu Wymagania niezb\u0119dne: Wykszta\u0142cenie wy\u017csze. Wymagane do\u015bwiadczenie na stanowisku : co najmniej 1 rok. Stan zdrowia pozwalaj\u0105cy na zatrudnienie na ww. stanowisku. Wymagania dodatkowe: Bieg\u0142a znajomo\u015b\u0107 obs\u0142ugi komputera (pakiet Microsoft Office, poczta elektroniczna). Bardzo dobra organizacja [&hellip;]","og_url":"https:\/\/zgk.lubkow.pl\/zgk\/ogloszenie-o-prace-2\/","og_site_name":"Zak\u0142ad Gospodarki Komunalnej w Lubkowie Sp\u00f3\u0142ka z o.o.","article_published_time":"2024-02-01T09:33:53+00:00","article_modified_time":"2026-03-20T08:20:59+00:00","author":"rpalczewski","twitter_card":"summary_large_image","twitter_misc":{"Napisane przez":"rpalczewski"},"schema":{"@context":"https:\/\/schema.org","@graph":[{"@type":"Article","@id":"https:\/\/zgk.lubkow.pl\/zgk\/ogloszenie-o-prace-2\/#article","isPartOf":{"@id":"https:\/\/zgk.lubkow.pl\/zgk\/ogloszenie-o-prace-2\/"},"author":{"name":"rpalczewski","@id":"https:\/\/zgk.lubkow.pl\/zgk\/#\/schema\/person\/3c8ec62eec9a728021ed36790a53c88f"},"headline":"Og\u0142oszenie o prac\u0119 !!!","datePublished":"2024-02-01T09:33:53+00:00","dateModified":"2026-03-20T08:20:59+00:00","mainEntityOfPage":{"@id":"https:\/\/zgk.lubkow.pl\/zgk\/ogloszenie-o-prace-2\/"},"wordCount":857,"publisher":{"@id":"https:\/\/zgk.lubkow.pl\/zgk\/#organization"},"articleSection":["Aktualno\u015bci"],"inLanguage":"pl-PL"},{"@type":"WebPage","@id":"https:\/\/zgk.lubkow.pl\/zgk\/ogloszenie-o-prace-2\/","url":"https:\/\/zgk.lubkow.pl\/zgk\/ogloszenie-o-prace-2\/","name":"Og\u0142oszenie o prac\u0119 !!! - Zak\u0142ad Gospodarki Komunalnej w Lubkowie Sp\u00f3\u0142ka z o.o.","isPartOf":{"@id":"https:\/\/zgk.lubkow.pl\/zgk\/#website"},"datePublished":"2024-02-01T09:33:53+00:00","dateModified":"2026-03-20T08:20:59+00:00","breadcrumb":{"@id":"https:\/\/zgk.lubkow.pl\/zgk\/ogloszenie-o-prace-2\/#breadcrumb"},"inLanguage":"pl-PL","potentialAction":[{"@type":"ReadAction","target":["https:\/\/zgk.lubkow.pl\/zgk\/ogloszenie-o-prace-2\/"]}]},{"@type":"BreadcrumbList","@id":"https:\/\/zgk.lubkow.pl\/zgk\/ogloszenie-o-prace-2\/#breadcrumb","itemListElement":[{"@type":"ListItem","position":1,"name":"Strona g\u0142\u00f3wna","item":"https:\/\/zgk.lubkow.pl\/zgk\/"},{"@type":"ListItem","position":2,"name":"Og\u0142oszenie o prac\u0119 !!!"}]},{"@type":"WebSite","@id":"https:\/\/zgk.lubkow.pl\/zgk\/#website","url":"https:\/\/zgk.lubkow.pl\/zgk\/","name":"Zak\u0142ad Gospodarki Komunalnej w Lubkowie Sp\u00f3\u0142ka z o.o.","description":"","publisher":{"@id":"https:\/\/zgk.lubkow.pl\/zgk\/#organization"},"potentialAction":[{"@type":"SearchAction","target":{"@type":"EntryPoint","urlTemplate":"https:\/\/zgk.lubkow.pl\/zgk\/?s={search_term_string}"},"query-input":{"@type":"PropertyValueSpecification","valueRequired":true,"valueName":"search_term_string"}}],"inLanguage":"pl-PL"},{"@type":"Organization","@id":"https:\/\/zgk.lubkow.pl\/zgk\/#organization","name":"Zak\u0142ad Gospodarki Komunalnej w Lubkowie Sp\u00f3\u0142ka z o.o.","url":"https:\/\/zgk.lubkow.pl\/zgk\/","logo":{"@type":"ImageObject","inLanguage":"pl-PL","@id":"https:\/\/zgk.lubkow.pl\/zgk\/#\/schema\/logo\/image\/","url":"https:\/\/zgk.lubkow.pl\/zgk\/wp-content\/uploads\/2026\/02\/logo-copy.webp","contentUrl":"https:\/\/zgk.lubkow.pl\/zgk\/wp-content\/uploads\/2026\/02\/logo-copy.webp","width":844,"height":115,"caption":"Zak\u0142ad Gospodarki Komunalnej w Lubkowie Sp\u00f3\u0142ka z o.o."},"image":{"@id":"https:\/\/zgk.lubkow.pl\/zgk\/#\/schema\/logo\/image\/"}},{"@type":"Person","@id":"https:\/\/zgk.lubkow.pl\/zgk\/#\/schema\/person\/3c8ec62eec9a728021ed36790a53c88f","name":"rpalczewski","image":{"@type":"ImageObject","inLanguage":"pl-PL","@id":"https:\/\/secure.gravatar.com\/avatar\/?s=96&d=mm&r=g","url":"https:\/\/secure.gravatar.com\/avatar\/?s=96&d=mm&r=g","contentUrl":"https:\/\/secure.gravatar.com\/avatar\/?s=96&d=mm&r=g","caption":"rpalczewski"},"url":"https:\/\/zgk.lubkow.pl\/zgk\/author\/rpalczewski\/"}]}},"_links":{"self":[{"href":"https:\/\/zgk.lubkow.pl\/zgk\/wp-json\/wp\/v2\/posts\/3058","targetHints":{"allow":["GET"]}}],"collection":[{"href":"https:\/\/zgk.lubkow.pl\/zgk\/wp-json\/wp\/v2\/posts"}],"about":[{"href":"https:\/\/zgk.lubkow.pl\/zgk\/wp-json\/wp\/v2\/types\/post"}],"author":[{"embeddable":true,"href":"https:\/\/zgk.lubkow.pl\/zgk\/wp-json\/wp\/v2\/users\/3"}],"replies":[{"embeddable":true,"href":"https:\/\/zgk.lubkow.pl\/zgk\/wp-json\/wp\/v2\/comments?post=3058"}],"version-history":[{"count":1,"href":"https:\/\/zgk.lubkow.pl\/zgk\/wp-json\/wp\/v2\/posts\/3058\/revisions"}],"predecessor-version":[{"id":4143,"href":"https:\/\/zgk.lubkow.pl\/zgk\/wp-json\/wp\/v2\/posts\/3058\/revisions\/4143"}],"wp:attachment":[{"href":"https:\/\/zgk.lubkow.pl\/zgk\/wp-json\/wp\/v2\/media?parent=3058"}],"wp:term":[{"taxonomy":"category","embeddable":true,"href":"https:\/\/zgk.lubkow.pl\/zgk\/wp-json\/wp\/v2\/categories?post=3058"},{"taxonomy":"post_tag","embeddable":true,"href":"https:\/\/zgk.lubkow.pl\/zgk\/wp-json\/wp\/v2\/tags?post=3058"}],"curies":[{"name":"wp","href":"https:\/\/api.w.org\/{rel}","templated":true}]}}