{"id":3018,"date":"2024-01-08T09:18:18","date_gmt":"2024-01-08T08:18:18","guid":{"rendered":"https:\/\/zgk.lubkow.pl\/zgk\/?p=3018"},"modified":"2026-03-20T09:20:46","modified_gmt":"2026-03-20T08:20:46","slug":"nowa-taryfa-za-wode-i-scieki","status":"publish","type":"post","link":"https:\/\/zgk.lubkow.pl\/zgk\/nowa-taryfa-za-wode-i-scieki\/","title":{"rendered":"Nowa taryfa za wod\u0119 i \u015bcieki"},"content":{"rendered":"\t\t<div data-elementor-type=\"wp-post\" data-elementor-id=\"3018\" class=\"elementor elementor-3018\">\n\t\t\t\t\t\t<section class=\"elementor-section elementor-top-section elementor-element elementor-element-acc02e1 elementor-section-boxed elementor-section-height-default elementor-section-height-default\" data-id=\"acc02e1\" data-element_type=\"section\" data-e-type=\"section\">\n\t\t\t\t\t\t<div class=\"elementor-container elementor-column-gap-default\">\n\t\t\t\t\t<div class=\"elementor-column elementor-col-100 elementor-top-column elementor-element elementor-element-596ba45\" data-id=\"596ba45\" data-element_type=\"column\" data-e-type=\"column\">\n\t\t\t<div class=\"elementor-widget-wrap elementor-element-populated\">\n\t\t\t\t\t\t<div class=\"elementor-element elementor-element-c1580a3 elementor-widget elementor-widget-text-editor\" data-id=\"c1580a3\" data-element_type=\"widget\" data-e-type=\"widget\" data-widget_type=\"text-editor.default\">\n\t\t\t\t\t\t\t\t\t<p>Szanowni Pa\u0144stwo informujemy, \u017ce organ nadzoru \u2013 jakim jest Dyrektor Regionalnego Zarz\u0105du Gospodarki Wodnej we Wroc\u0142awiu Pa\u0144stwowego Gospodarstwa Wodnego Wody Polskie decyzj\u0105 z dnia 29.12.2023 r. r. zatwierdzi\u0142 taryf\u0119 dla zbiorowego zaopatrzenia w wod\u0119 i zbiorowego odprowadzania \u015bciek\u00f3w na terenie gminy Warta Boles\u0142awiecka na okres 3 lat.<\/p><p>W dniu 04.01.2024 r.\u00a0 niniejsza decyzja zosta\u0142a opublikowana na stronie\u00a0<a href=\"https:\/\/wodypolskie.bip.gov.pl\/rzgw-w-wroclawiu-taryfy\/decyzja-wr-rzt-70-105-2023.html\" target=\"_blank\" rel=\"noopener\">Biuletynu Informacji Publicznej PGW Wody Polskie<\/a>. Zgodnie z art. 24 e ust. 1 z dnia 7 czerwca 2001 r. o zbiorowym zaopatrzeniu w wod\u0119 i zbiorowym odprowadzaniu \u015bciek\u00f3w (t.j. Dz. U. z 2020 r. poz. 2028). nowe ceny taryf wchodz\u0105 w \u017cycie po up\u0142ywie 7 dni od daty opublikowania taryf przez PGW Wody Polskie. Tym samym od dnia 12 stycznia 2024 r. wchodz\u0105 w \u017cycie nowe ceny za dostaw\u0119 wody i odbi\u00f3r \u015bciek\u00f3w przez Zak\u0142ad Gospodarki Komunalnej w Lubkowie. Nowe ceny i podzia\u0142 na nowe grupy taryfowe w zak\u0142adce\u00a0<a href=\"https:\/\/gzgk.home.pl\/zgk\/taryfa-dla-zbiorowego-zaopatrzenia-w-wode-i-zbiorowego-odprowadzania-sciekow\/\">Taryfy wodno-kanalizacyjne.<\/a><\/p>\t\t\t\t\t\t\t\t<\/div>\n\t\t\t\t\t<\/div>\n\t\t<\/div>\n\t\t\t\t\t<\/div>\n\t\t<\/section>\n\t\t\t\t<\/div>\n\t\t","protected":false},"excerpt":{"rendered":"<p>Szanowni Pa\u0144stwo informujemy, \u017ce organ nadzoru \u2013 jakim jest Dyrektor Regionalnego Zarz\u0105du Gospodarki Wodnej we Wroc\u0142awiu Pa\u0144stwowego Gospodarstwa Wodnego Wody Polskie decyzj\u0105 z dnia 29.12.2023 r. r. zatwierdzi\u0142 taryf\u0119 dla zbiorowego zaopatrzenia w wod\u0119 i zbiorowego odprowadzania \u015bciek\u00f3w na terenie gminy Warta Boles\u0142awiecka na okres 3 lat. W dniu 04.01.2024 r.\u00a0 niniejsza decyzja zosta\u0142a opublikowana [&hellip;]<\/p>\n","protected":false},"author":3,"featured_media":0,"comment_status":"closed","ping_status":"closed","sticky":false,"template":"","format":"standard","meta":{"footnotes":""},"categories":[8],"tags":[],"class_list":["post-3018","post","type-post","status-publish","format-standard","hentry","category-aktualnosci"],"yoast_head":"<!-- This site is optimized with the Yoast SEO plugin v27.2 - https:\/\/yoast.com\/product\/yoast-seo-wordpress\/ -->\n<title>Nowa taryfa za wod\u0119 i \u015bcieki - Zak\u0142ad Gospodarki Komunalnej w Lubkowie Sp\u00f3\u0142ka z o.o.<\/title>\n<meta name=\"robots\" content=\"index, follow, max-snippet:-1, max-image-preview:large, max-video-preview:-1\" \/>\n<link rel=\"canonical\" href=\"https:\/\/zgk.lubkow.pl\/zgk\/nowa-taryfa-za-wode-i-scieki\/\" \/>\n<meta property=\"og:locale\" content=\"pl_PL\" \/>\n<meta property=\"og:type\" content=\"article\" \/>\n<meta property=\"og:title\" content=\"Nowa taryfa za wod\u0119 i \u015bcieki - Zak\u0142ad Gospodarki Komunalnej w Lubkowie Sp\u00f3\u0142ka z o.o.\" \/>\n<meta property=\"og:description\" content=\"Szanowni Pa\u0144stwo informujemy, \u017ce organ nadzoru \u2013 jakim jest Dyrektor Regionalnego Zarz\u0105du Gospodarki Wodnej we Wroc\u0142awiu Pa\u0144stwowego Gospodarstwa Wodnego Wody Polskie decyzj\u0105 z dnia 29.12.2023 r. r. zatwierdzi\u0142 taryf\u0119 dla zbiorowego zaopatrzenia w wod\u0119 i zbiorowego odprowadzania \u015bciek\u00f3w na terenie gminy Warta Boles\u0142awiecka na okres 3 lat. W dniu 04.01.2024 r.\u00a0 niniejsza decyzja zosta\u0142a opublikowana [&hellip;]\" \/>\n<meta property=\"og:url\" content=\"https:\/\/zgk.lubkow.pl\/zgk\/nowa-taryfa-za-wode-i-scieki\/\" \/>\n<meta property=\"og:site_name\" content=\"Zak\u0142ad Gospodarki Komunalnej w Lubkowie Sp\u00f3\u0142ka z o.o.\" \/>\n<meta property=\"article:published_time\" content=\"2024-01-08T08:18:18+00:00\" \/>\n<meta property=\"article:modified_time\" content=\"2026-03-20T08:20:46+00:00\" \/>\n<meta name=\"author\" content=\"rpalczewski\" \/>\n<meta name=\"twitter:card\" content=\"summary_large_image\" \/>\n<meta name=\"twitter:label1\" content=\"Napisane przez\" \/>\n\t<meta name=\"twitter:data1\" content=\"rpalczewski\" \/>\n\t<meta name=\"twitter:label2\" content=\"Szacowany czas czytania\" \/>\n\t<meta name=\"twitter:data2\" content=\"1 minuta\" \/>\n<script type=\"application\/ld+json\" class=\"yoast-schema-graph\">{\"@context\":\"https:\/\/schema.org\",\"@graph\":[{\"@type\":\"Article\",\"@id\":\"https:\/\/zgk.lubkow.pl\/zgk\/nowa-taryfa-za-wode-i-scieki\/#article\",\"isPartOf\":{\"@id\":\"https:\/\/zgk.lubkow.pl\/zgk\/nowa-taryfa-za-wode-i-scieki\/\"},\"author\":{\"name\":\"rpalczewski\",\"@id\":\"https:\/\/zgk.lubkow.pl\/zgk\/#\/schema\/person\/3c8ec62eec9a728021ed36790a53c88f\"},\"headline\":\"Nowa taryfa za wod\u0119 i \u015bcieki\",\"datePublished\":\"2024-01-08T08:18:18+00:00\",\"dateModified\":\"2026-03-20T08:20:46+00:00\",\"mainEntityOfPage\":{\"@id\":\"https:\/\/zgk.lubkow.pl\/zgk\/nowa-taryfa-za-wode-i-scieki\/\"},\"wordCount\":155,\"publisher\":{\"@id\":\"https:\/\/zgk.lubkow.pl\/zgk\/#organization\"},\"articleSection\":[\"Aktualno\u015bci\"],\"inLanguage\":\"pl-PL\"},{\"@type\":\"WebPage\",\"@id\":\"https:\/\/zgk.lubkow.pl\/zgk\/nowa-taryfa-za-wode-i-scieki\/\",\"url\":\"https:\/\/zgk.lubkow.pl\/zgk\/nowa-taryfa-za-wode-i-scieki\/\",\"name\":\"Nowa taryfa za wod\u0119 i \u015bcieki - Zak\u0142ad Gospodarki Komunalnej w Lubkowie Sp\u00f3\u0142ka z o.o.\",\"isPartOf\":{\"@id\":\"https:\/\/zgk.lubkow.pl\/zgk\/#website\"},\"datePublished\":\"2024-01-08T08:18:18+00:00\",\"dateModified\":\"2026-03-20T08:20:46+00:00\",\"breadcrumb\":{\"@id\":\"https:\/\/zgk.lubkow.pl\/zgk\/nowa-taryfa-za-wode-i-scieki\/#breadcrumb\"},\"inLanguage\":\"pl-PL\",\"potentialAction\":[{\"@type\":\"ReadAction\",\"target\":[\"https:\/\/zgk.lubkow.pl\/zgk\/nowa-taryfa-za-wode-i-scieki\/\"]}]},{\"@type\":\"BreadcrumbList\",\"@id\":\"https:\/\/zgk.lubkow.pl\/zgk\/nowa-taryfa-za-wode-i-scieki\/#breadcrumb\",\"itemListElement\":[{\"@type\":\"ListItem\",\"position\":1,\"name\":\"Strona g\u0142\u00f3wna\",\"item\":\"https:\/\/zgk.lubkow.pl\/zgk\/\"},{\"@type\":\"ListItem\",\"position\":2,\"name\":\"Nowa taryfa za wod\u0119 i \u015bcieki\"}]},{\"@type\":\"WebSite\",\"@id\":\"https:\/\/zgk.lubkow.pl\/zgk\/#website\",\"url\":\"https:\/\/zgk.lubkow.pl\/zgk\/\",\"name\":\"Zak\u0142ad Gospodarki Komunalnej w Lubkowie Sp\u00f3\u0142ka z o.o.\",\"description\":\"\",\"publisher\":{\"@id\":\"https:\/\/zgk.lubkow.pl\/zgk\/#organization\"},\"potentialAction\":[{\"@type\":\"SearchAction\",\"target\":{\"@type\":\"EntryPoint\",\"urlTemplate\":\"https:\/\/zgk.lubkow.pl\/zgk\/?s={search_term_string}\"},\"query-input\":{\"@type\":\"PropertyValueSpecification\",\"valueRequired\":true,\"valueName\":\"search_term_string\"}}],\"inLanguage\":\"pl-PL\"},{\"@type\":\"Organization\",\"@id\":\"https:\/\/zgk.lubkow.pl\/zgk\/#organization\",\"name\":\"Zak\u0142ad Gospodarki Komunalnej w Lubkowie Sp\u00f3\u0142ka z o.o.\",\"url\":\"https:\/\/zgk.lubkow.pl\/zgk\/\",\"logo\":{\"@type\":\"ImageObject\",\"inLanguage\":\"pl-PL\",\"@id\":\"https:\/\/zgk.lubkow.pl\/zgk\/#\/schema\/logo\/image\/\",\"url\":\"https:\/\/zgk.lubkow.pl\/zgk\/wp-content\/uploads\/2026\/02\/logo-copy.webp\",\"contentUrl\":\"https:\/\/zgk.lubkow.pl\/zgk\/wp-content\/uploads\/2026\/02\/logo-copy.webp\",\"width\":844,\"height\":115,\"caption\":\"Zak\u0142ad Gospodarki Komunalnej w Lubkowie Sp\u00f3\u0142ka z o.o.\"},\"image\":{\"@id\":\"https:\/\/zgk.lubkow.pl\/zgk\/#\/schema\/logo\/image\/\"}},{\"@type\":\"Person\",\"@id\":\"https:\/\/zgk.lubkow.pl\/zgk\/#\/schema\/person\/3c8ec62eec9a728021ed36790a53c88f\",\"name\":\"rpalczewski\",\"image\":{\"@type\":\"ImageObject\",\"inLanguage\":\"pl-PL\",\"@id\":\"https:\/\/secure.gravatar.com\/avatar\/?s=96&d=mm&r=g\",\"url\":\"https:\/\/secure.gravatar.com\/avatar\/?s=96&d=mm&r=g\",\"contentUrl\":\"https:\/\/secure.gravatar.com\/avatar\/?s=96&d=mm&r=g\",\"caption\":\"rpalczewski\"},\"url\":\"https:\/\/zgk.lubkow.pl\/zgk\/author\/rpalczewski\/\"}]}<\/script>\n<!-- \/ Yoast SEO plugin. -->","yoast_head_json":{"title":"Nowa taryfa za wod\u0119 i \u015bcieki - Zak\u0142ad Gospodarki Komunalnej w Lubkowie Sp\u00f3\u0142ka z o.o.","robots":{"index":"index","follow":"follow","max-snippet":"max-snippet:-1","max-image-preview":"max-image-preview:large","max-video-preview":"max-video-preview:-1"},"canonical":"https:\/\/zgk.lubkow.pl\/zgk\/nowa-taryfa-za-wode-i-scieki\/","og_locale":"pl_PL","og_type":"article","og_title":"Nowa taryfa za wod\u0119 i \u015bcieki - Zak\u0142ad Gospodarki Komunalnej w Lubkowie Sp\u00f3\u0142ka z o.o.","og_description":"Szanowni Pa\u0144stwo informujemy, \u017ce organ nadzoru \u2013 jakim jest Dyrektor Regionalnego Zarz\u0105du Gospodarki Wodnej we Wroc\u0142awiu Pa\u0144stwowego Gospodarstwa Wodnego Wody Polskie decyzj\u0105 z dnia 29.12.2023 r. r. zatwierdzi\u0142 taryf\u0119 dla zbiorowego zaopatrzenia w wod\u0119 i zbiorowego odprowadzania \u015bciek\u00f3w na terenie gminy Warta Boles\u0142awiecka na okres 3 lat. W dniu 04.01.2024 r.\u00a0 niniejsza decyzja zosta\u0142a opublikowana [&hellip;]","og_url":"https:\/\/zgk.lubkow.pl\/zgk\/nowa-taryfa-za-wode-i-scieki\/","og_site_name":"Zak\u0142ad Gospodarki Komunalnej w Lubkowie Sp\u00f3\u0142ka z o.o.","article_published_time":"2024-01-08T08:18:18+00:00","article_modified_time":"2026-03-20T08:20:46+00:00","author":"rpalczewski","twitter_card":"summary_large_image","twitter_misc":{"Napisane przez":"rpalczewski","Szacowany czas czytania":"1 minuta"},"schema":{"@context":"https:\/\/schema.org","@graph":[{"@type":"Article","@id":"https:\/\/zgk.lubkow.pl\/zgk\/nowa-taryfa-za-wode-i-scieki\/#article","isPartOf":{"@id":"https:\/\/zgk.lubkow.pl\/zgk\/nowa-taryfa-za-wode-i-scieki\/"},"author":{"name":"rpalczewski","@id":"https:\/\/zgk.lubkow.pl\/zgk\/#\/schema\/person\/3c8ec62eec9a728021ed36790a53c88f"},"headline":"Nowa taryfa za wod\u0119 i \u015bcieki","datePublished":"2024-01-08T08:18:18+00:00","dateModified":"2026-03-20T08:20:46+00:00","mainEntityOfPage":{"@id":"https:\/\/zgk.lubkow.pl\/zgk\/nowa-taryfa-za-wode-i-scieki\/"},"wordCount":155,"publisher":{"@id":"https:\/\/zgk.lubkow.pl\/zgk\/#organization"},"articleSection":["Aktualno\u015bci"],"inLanguage":"pl-PL"},{"@type":"WebPage","@id":"https:\/\/zgk.lubkow.pl\/zgk\/nowa-taryfa-za-wode-i-scieki\/","url":"https:\/\/zgk.lubkow.pl\/zgk\/nowa-taryfa-za-wode-i-scieki\/","name":"Nowa taryfa za wod\u0119 i \u015bcieki - Zak\u0142ad Gospodarki Komunalnej w Lubkowie Sp\u00f3\u0142ka z o.o.","isPartOf":{"@id":"https:\/\/zgk.lubkow.pl\/zgk\/#website"},"datePublished":"2024-01-08T08:18:18+00:00","dateModified":"2026-03-20T08:20:46+00:00","breadcrumb":{"@id":"https:\/\/zgk.lubkow.pl\/zgk\/nowa-taryfa-za-wode-i-scieki\/#breadcrumb"},"inLanguage":"pl-PL","potentialAction":[{"@type":"ReadAction","target":["https:\/\/zgk.lubkow.pl\/zgk\/nowa-taryfa-za-wode-i-scieki\/"]}]},{"@type":"BreadcrumbList","@id":"https:\/\/zgk.lubkow.pl\/zgk\/nowa-taryfa-za-wode-i-scieki\/#breadcrumb","itemListElement":[{"@type":"ListItem","position":1,"name":"Strona g\u0142\u00f3wna","item":"https:\/\/zgk.lubkow.pl\/zgk\/"},{"@type":"ListItem","position":2,"name":"Nowa taryfa za wod\u0119 i \u015bcieki"}]},{"@type":"WebSite","@id":"https:\/\/zgk.lubkow.pl\/zgk\/#website","url":"https:\/\/zgk.lubkow.pl\/zgk\/","name":"Zak\u0142ad Gospodarki Komunalnej w Lubkowie Sp\u00f3\u0142ka z o.o.","description":"","publisher":{"@id":"https:\/\/zgk.lubkow.pl\/zgk\/#organization"},"potentialAction":[{"@type":"SearchAction","target":{"@type":"EntryPoint","urlTemplate":"https:\/\/zgk.lubkow.pl\/zgk\/?s={search_term_string}"},"query-input":{"@type":"PropertyValueSpecification","valueRequired":true,"valueName":"search_term_string"}}],"inLanguage":"pl-PL"},{"@type":"Organization","@id":"https:\/\/zgk.lubkow.pl\/zgk\/#organization","name":"Zak\u0142ad Gospodarki Komunalnej w Lubkowie Sp\u00f3\u0142ka z o.o.","url":"https:\/\/zgk.lubkow.pl\/zgk\/","logo":{"@type":"ImageObject","inLanguage":"pl-PL","@id":"https:\/\/zgk.lubkow.pl\/zgk\/#\/schema\/logo\/image\/","url":"https:\/\/zgk.lubkow.pl\/zgk\/wp-content\/uploads\/2026\/02\/logo-copy.webp","contentUrl":"https:\/\/zgk.lubkow.pl\/zgk\/wp-content\/uploads\/2026\/02\/logo-copy.webp","width":844,"height":115,"caption":"Zak\u0142ad Gospodarki Komunalnej w Lubkowie Sp\u00f3\u0142ka z o.o."},"image":{"@id":"https:\/\/zgk.lubkow.pl\/zgk\/#\/schema\/logo\/image\/"}},{"@type":"Person","@id":"https:\/\/zgk.lubkow.pl\/zgk\/#\/schema\/person\/3c8ec62eec9a728021ed36790a53c88f","name":"rpalczewski","image":{"@type":"ImageObject","inLanguage":"pl-PL","@id":"https:\/\/secure.gravatar.com\/avatar\/?s=96&d=mm&r=g","url":"https:\/\/secure.gravatar.com\/avatar\/?s=96&d=mm&r=g","contentUrl":"https:\/\/secure.gravatar.com\/avatar\/?s=96&d=mm&r=g","caption":"rpalczewski"},"url":"https:\/\/zgk.lubkow.pl\/zgk\/author\/rpalczewski\/"}]}},"_links":{"self":[{"href":"https:\/\/zgk.lubkow.pl\/zgk\/wp-json\/wp\/v2\/posts\/3018","targetHints":{"allow":["GET"]}}],"collection":[{"href":"https:\/\/zgk.lubkow.pl\/zgk\/wp-json\/wp\/v2\/posts"}],"about":[{"href":"https:\/\/zgk.lubkow.pl\/zgk\/wp-json\/wp\/v2\/types\/post"}],"author":[{"embeddable":true,"href":"https:\/\/zgk.lubkow.pl\/zgk\/wp-json\/wp\/v2\/users\/3"}],"replies":[{"embeddable":true,"href":"https:\/\/zgk.lubkow.pl\/zgk\/wp-json\/wp\/v2\/comments?post=3018"}],"version-history":[{"count":1,"href":"https:\/\/zgk.lubkow.pl\/zgk\/wp-json\/wp\/v2\/posts\/3018\/revisions"}],"predecessor-version":[{"id":4145,"href":"https:\/\/zgk.lubkow.pl\/zgk\/wp-json\/wp\/v2\/posts\/3018\/revisions\/4145"}],"wp:attachment":[{"href":"https:\/\/zgk.lubkow.pl\/zgk\/wp-json\/wp\/v2\/media?parent=3018"}],"wp:term":[{"taxonomy":"category","embeddable":true,"href":"https:\/\/zgk.lubkow.pl\/zgk\/wp-json\/wp\/v2\/categories?post=3018"},{"taxonomy":"post_tag","embeddable":true,"href":"https:\/\/zgk.lubkow.pl\/zgk\/wp-json\/wp\/v2\/tags?post=3018"}],"curies":[{"name":"wp","href":"https:\/\/api.w.org\/{rel}","templated":true}]}}