{"id":2994,"date":"2023-12-21T10:03:30","date_gmt":"2023-12-21T09:03:30","guid":{"rendered":"https:\/\/zgk.lubkow.pl\/zgk\/?p=2994"},"modified":"2026-03-20T09:20:37","modified_gmt":"2026-03-20T08:20:37","slug":"zyczenia-swiateczne-5","status":"publish","type":"post","link":"https:\/\/zgk.lubkow.pl\/zgk\/zyczenia-swiateczne-5\/","title":{"rendered":"\u017byczenia \u015awi\u0105teczne"},"content":{"rendered":"\t\t<div data-elementor-type=\"wp-post\" data-elementor-id=\"2994\" class=\"elementor elementor-2994\">\n\t\t\t\t\t\t<section class=\"elementor-section elementor-top-section elementor-element elementor-element-0efa631 elementor-section-boxed elementor-section-height-default elementor-section-height-default\" data-id=\"0efa631\" data-element_type=\"section\" data-e-type=\"section\">\n\t\t\t\t\t\t<div class=\"elementor-container elementor-column-gap-default\">\n\t\t\t\t\t<div class=\"elementor-column elementor-col-100 elementor-top-column elementor-element elementor-element-ca4ec35\" data-id=\"ca4ec35\" data-element_type=\"column\" data-e-type=\"column\">\n\t\t\t<div class=\"elementor-widget-wrap\">\n\t\t\t\t\t\t\t<\/div>\n\t\t<\/div>\n\t\t\t\t\t<\/div>\n\t\t<\/section>\n\t\t\t\t<section class=\"elementor-section elementor-top-section elementor-element elementor-element-cb42197 elementor-section-boxed elementor-section-height-default elementor-section-height-default\" data-id=\"cb42197\" data-element_type=\"section\" data-e-type=\"section\">\n\t\t\t\t\t\t<div class=\"elementor-container elementor-column-gap-default\">\n\t\t\t\t\t<div class=\"elementor-column elementor-col-100 elementor-top-column elementor-element elementor-element-50a78bb\" data-id=\"50a78bb\" data-element_type=\"column\" data-e-type=\"column\">\n\t\t\t<div class=\"elementor-widget-wrap elementor-element-populated\">\n\t\t\t\t\t\t<div class=\"elementor-element elementor-element-7e8c76f elementor-widget elementor-widget-image\" data-id=\"7e8c76f\" data-element_type=\"widget\" data-e-type=\"widget\" data-widget_type=\"image.default\">\n\t\t\t\t\t\t\t\t\t\t\t\t\t\t\t<img fetchpriority=\"high\" decoding=\"async\" width=\"800\" height=\"543\" src=\"https:\/\/zgk.lubkow.pl\/zgk\/wp-content\/uploads\/2023\/12\/zyczenia-swiateczne_2024-1-1024x695.jpg\" class=\"attachment-large size-large wp-image-3000\" alt=\"\" srcset=\"https:\/\/zgk.lubkow.pl\/zgk\/wp-content\/uploads\/2023\/12\/zyczenia-swiateczne_2024-1-1024x695.jpg 1024w, https:\/\/zgk.lubkow.pl\/zgk\/wp-content\/uploads\/2023\/12\/zyczenia-swiateczne_2024-1-300x204.jpg 300w, https:\/\/zgk.lubkow.pl\/zgk\/wp-content\/uploads\/2023\/12\/zyczenia-swiateczne_2024-1-768x521.jpg 768w, https:\/\/zgk.lubkow.pl\/zgk\/wp-content\/uploads\/2023\/12\/zyczenia-swiateczne_2024-1.jpg 1143w\" sizes=\"(max-width: 800px) 100vw, 800px\" \/>\t\t\t\t\t\t\t\t\t\t\t\t\t\t\t<\/div>\n\t\t\t\t\t<\/div>\n\t\t<\/div>\n\t\t\t\t\t<\/div>\n\t\t<\/section>\n\t\t\t\t<\/div>\n\t\t","protected":false},"excerpt":{"rendered":"","protected":false},"author":3,"featured_media":0,"comment_status":"closed","ping_status":"closed","sticky":false,"template":"","format":"standard","meta":{"footnotes":""},"categories":[8],"tags":[],"class_list":["post-2994","post","type-post","status-publish","format-standard","hentry","category-aktualnosci"],"yoast_head":"<!-- This site is optimized with the Yoast SEO plugin v27.2 - https:\/\/yoast.com\/product\/yoast-seo-wordpress\/ -->\n<title>\u017byczenia \u015awi\u0105teczne - Zak\u0142ad Gospodarki Komunalnej w Lubkowie Sp\u00f3\u0142ka z o.o.<\/title>\n<meta name=\"robots\" content=\"index, follow, max-snippet:-1, max-image-preview:large, max-video-preview:-1\" \/>\n<link rel=\"canonical\" href=\"https:\/\/zgk.lubkow.pl\/zgk\/zyczenia-swiateczne-5\/\" \/>\n<meta property=\"og:locale\" content=\"pl_PL\" \/>\n<meta property=\"og:type\" content=\"article\" \/>\n<meta property=\"og:title\" content=\"\u017byczenia \u015awi\u0105teczne - Zak\u0142ad Gospodarki Komunalnej w Lubkowie Sp\u00f3\u0142ka z o.o.\" \/>\n<meta property=\"og:url\" content=\"https:\/\/zgk.lubkow.pl\/zgk\/zyczenia-swiateczne-5\/\" \/>\n<meta property=\"og:site_name\" content=\"Zak\u0142ad Gospodarki Komunalnej w Lubkowie Sp\u00f3\u0142ka z o.o.\" \/>\n<meta property=\"article:published_time\" content=\"2023-12-21T09:03:30+00:00\" \/>\n<meta property=\"article:modified_time\" content=\"2026-03-20T08:20:37+00:00\" \/>\n<meta property=\"og:image\" content=\"https:\/\/gzgk.home.pl\/zgk\/wp-content\/uploads\/2023\/12\/zyczenia-swiateczne_2024-1-1024x695.jpg\" \/>\n<meta name=\"author\" content=\"rpalczewski\" \/>\n<meta name=\"twitter:card\" content=\"summary_large_image\" \/>\n<meta name=\"twitter:label1\" content=\"Napisane przez\" \/>\n\t<meta name=\"twitter:data1\" content=\"rpalczewski\" \/>\n<script type=\"application\/ld+json\" class=\"yoast-schema-graph\">{\"@context\":\"https:\/\/schema.org\",\"@graph\":[{\"@type\":\"Article\",\"@id\":\"https:\/\/zgk.lubkow.pl\/zgk\/zyczenia-swiateczne-5\/#article\",\"isPartOf\":{\"@id\":\"https:\/\/zgk.lubkow.pl\/zgk\/zyczenia-swiateczne-5\/\"},\"author\":{\"name\":\"rpalczewski\",\"@id\":\"https:\/\/zgk.lubkow.pl\/zgk\/#\/schema\/person\/3c8ec62eec9a728021ed36790a53c88f\"},\"headline\":\"\u017byczenia \u015awi\u0105teczne\",\"datePublished\":\"2023-12-21T09:03:30+00:00\",\"dateModified\":\"2026-03-20T08:20:37+00:00\",\"mainEntityOfPage\":{\"@id\":\"https:\/\/zgk.lubkow.pl\/zgk\/zyczenia-swiateczne-5\/\"},\"wordCount\":3,\"publisher\":{\"@id\":\"https:\/\/zgk.lubkow.pl\/zgk\/#organization\"},\"image\":{\"@id\":\"https:\/\/zgk.lubkow.pl\/zgk\/zyczenia-swiateczne-5\/#primaryimage\"},\"thumbnailUrl\":\"https:\/\/gzgk.home.pl\/zgk\/wp-content\/uploads\/2023\/12\/zyczenia-swiateczne_2024-1-1024x695.jpg\",\"articleSection\":[\"Aktualno\u015bci\"],\"inLanguage\":\"pl-PL\"},{\"@type\":\"WebPage\",\"@id\":\"https:\/\/zgk.lubkow.pl\/zgk\/zyczenia-swiateczne-5\/\",\"url\":\"https:\/\/zgk.lubkow.pl\/zgk\/zyczenia-swiateczne-5\/\",\"name\":\"\u017byczenia \u015awi\u0105teczne - Zak\u0142ad Gospodarki Komunalnej w Lubkowie Sp\u00f3\u0142ka z o.o.\",\"isPartOf\":{\"@id\":\"https:\/\/zgk.lubkow.pl\/zgk\/#website\"},\"primaryImageOfPage\":{\"@id\":\"https:\/\/zgk.lubkow.pl\/zgk\/zyczenia-swiateczne-5\/#primaryimage\"},\"image\":{\"@id\":\"https:\/\/zgk.lubkow.pl\/zgk\/zyczenia-swiateczne-5\/#primaryimage\"},\"thumbnailUrl\":\"https:\/\/gzgk.home.pl\/zgk\/wp-content\/uploads\/2023\/12\/zyczenia-swiateczne_2024-1-1024x695.jpg\",\"datePublished\":\"2023-12-21T09:03:30+00:00\",\"dateModified\":\"2026-03-20T08:20:37+00:00\",\"breadcrumb\":{\"@id\":\"https:\/\/zgk.lubkow.pl\/zgk\/zyczenia-swiateczne-5\/#breadcrumb\"},\"inLanguage\":\"pl-PL\",\"potentialAction\":[{\"@type\":\"ReadAction\",\"target\":[\"https:\/\/zgk.lubkow.pl\/zgk\/zyczenia-swiateczne-5\/\"]}]},{\"@type\":\"ImageObject\",\"inLanguage\":\"pl-PL\",\"@id\":\"https:\/\/zgk.lubkow.pl\/zgk\/zyczenia-swiateczne-5\/#primaryimage\",\"url\":\"https:\/\/gzgk.home.pl\/zgk\/wp-content\/uploads\/2023\/12\/zyczenia-swiateczne_2024-1-1024x695.jpg\",\"contentUrl\":\"https:\/\/gzgk.home.pl\/zgk\/wp-content\/uploads\/2023\/12\/zyczenia-swiateczne_2024-1-1024x695.jpg\"},{\"@type\":\"BreadcrumbList\",\"@id\":\"https:\/\/zgk.lubkow.pl\/zgk\/zyczenia-swiateczne-5\/#breadcrumb\",\"itemListElement\":[{\"@type\":\"ListItem\",\"position\":1,\"name\":\"Strona g\u0142\u00f3wna\",\"item\":\"https:\/\/zgk.lubkow.pl\/zgk\/\"},{\"@type\":\"ListItem\",\"position\":2,\"name\":\"\u017byczenia \u015awi\u0105teczne\"}]},{\"@type\":\"WebSite\",\"@id\":\"https:\/\/zgk.lubkow.pl\/zgk\/#website\",\"url\":\"https:\/\/zgk.lubkow.pl\/zgk\/\",\"name\":\"Zak\u0142ad Gospodarki Komunalnej w Lubkowie Sp\u00f3\u0142ka z o.o.\",\"description\":\"\",\"publisher\":{\"@id\":\"https:\/\/zgk.lubkow.pl\/zgk\/#organization\"},\"potentialAction\":[{\"@type\":\"SearchAction\",\"target\":{\"@type\":\"EntryPoint\",\"urlTemplate\":\"https:\/\/zgk.lubkow.pl\/zgk\/?s={search_term_string}\"},\"query-input\":{\"@type\":\"PropertyValueSpecification\",\"valueRequired\":true,\"valueName\":\"search_term_string\"}}],\"inLanguage\":\"pl-PL\"},{\"@type\":\"Organization\",\"@id\":\"https:\/\/zgk.lubkow.pl\/zgk\/#organization\",\"name\":\"Zak\u0142ad Gospodarki Komunalnej w Lubkowie Sp\u00f3\u0142ka z o.o.\",\"url\":\"https:\/\/zgk.lubkow.pl\/zgk\/\",\"logo\":{\"@type\":\"ImageObject\",\"inLanguage\":\"pl-PL\",\"@id\":\"https:\/\/zgk.lubkow.pl\/zgk\/#\/schema\/logo\/image\/\",\"url\":\"https:\/\/zgk.lubkow.pl\/zgk\/wp-content\/uploads\/2026\/02\/logo-copy.webp\",\"contentUrl\":\"https:\/\/zgk.lubkow.pl\/zgk\/wp-content\/uploads\/2026\/02\/logo-copy.webp\",\"width\":844,\"height\":115,\"caption\":\"Zak\u0142ad Gospodarki Komunalnej w Lubkowie Sp\u00f3\u0142ka z o.o.\"},\"image\":{\"@id\":\"https:\/\/zgk.lubkow.pl\/zgk\/#\/schema\/logo\/image\/\"}},{\"@type\":\"Person\",\"@id\":\"https:\/\/zgk.lubkow.pl\/zgk\/#\/schema\/person\/3c8ec62eec9a728021ed36790a53c88f\",\"name\":\"rpalczewski\",\"image\":{\"@type\":\"ImageObject\",\"inLanguage\":\"pl-PL\",\"@id\":\"https:\/\/secure.gravatar.com\/avatar\/?s=96&d=mm&r=g\",\"url\":\"https:\/\/secure.gravatar.com\/avatar\/?s=96&d=mm&r=g\",\"contentUrl\":\"https:\/\/secure.gravatar.com\/avatar\/?s=96&d=mm&r=g\",\"caption\":\"rpalczewski\"},\"url\":\"https:\/\/zgk.lubkow.pl\/zgk\/author\/rpalczewski\/\"}]}<\/script>\n<!-- \/ Yoast SEO plugin. -->","yoast_head_json":{"title":"\u017byczenia \u015awi\u0105teczne - Zak\u0142ad Gospodarki Komunalnej w Lubkowie Sp\u00f3\u0142ka z o.o.","robots":{"index":"index","follow":"follow","max-snippet":"max-snippet:-1","max-image-preview":"max-image-preview:large","max-video-preview":"max-video-preview:-1"},"canonical":"https:\/\/zgk.lubkow.pl\/zgk\/zyczenia-swiateczne-5\/","og_locale":"pl_PL","og_type":"article","og_title":"\u017byczenia \u015awi\u0105teczne - Zak\u0142ad Gospodarki Komunalnej w Lubkowie Sp\u00f3\u0142ka z o.o.","og_url":"https:\/\/zgk.lubkow.pl\/zgk\/zyczenia-swiateczne-5\/","og_site_name":"Zak\u0142ad Gospodarki Komunalnej w Lubkowie Sp\u00f3\u0142ka z o.o.","article_published_time":"2023-12-21T09:03:30+00:00","article_modified_time":"2026-03-20T08:20:37+00:00","og_image":[{"url":"https:\/\/gzgk.home.pl\/zgk\/wp-content\/uploads\/2023\/12\/zyczenia-swiateczne_2024-1-1024x695.jpg","type":"","width":"","height":""}],"author":"rpalczewski","twitter_card":"summary_large_image","twitter_misc":{"Napisane przez":"rpalczewski"},"schema":{"@context":"https:\/\/schema.org","@graph":[{"@type":"Article","@id":"https:\/\/zgk.lubkow.pl\/zgk\/zyczenia-swiateczne-5\/#article","isPartOf":{"@id":"https:\/\/zgk.lubkow.pl\/zgk\/zyczenia-swiateczne-5\/"},"author":{"name":"rpalczewski","@id":"https:\/\/zgk.lubkow.pl\/zgk\/#\/schema\/person\/3c8ec62eec9a728021ed36790a53c88f"},"headline":"\u017byczenia \u015awi\u0105teczne","datePublished":"2023-12-21T09:03:30+00:00","dateModified":"2026-03-20T08:20:37+00:00","mainEntityOfPage":{"@id":"https:\/\/zgk.lubkow.pl\/zgk\/zyczenia-swiateczne-5\/"},"wordCount":3,"publisher":{"@id":"https:\/\/zgk.lubkow.pl\/zgk\/#organization"},"image":{"@id":"https:\/\/zgk.lubkow.pl\/zgk\/zyczenia-swiateczne-5\/#primaryimage"},"thumbnailUrl":"https:\/\/gzgk.home.pl\/zgk\/wp-content\/uploads\/2023\/12\/zyczenia-swiateczne_2024-1-1024x695.jpg","articleSection":["Aktualno\u015bci"],"inLanguage":"pl-PL"},{"@type":"WebPage","@id":"https:\/\/zgk.lubkow.pl\/zgk\/zyczenia-swiateczne-5\/","url":"https:\/\/zgk.lubkow.pl\/zgk\/zyczenia-swiateczne-5\/","name":"\u017byczenia \u015awi\u0105teczne - Zak\u0142ad Gospodarki Komunalnej w Lubkowie Sp\u00f3\u0142ka z o.o.","isPartOf":{"@id":"https:\/\/zgk.lubkow.pl\/zgk\/#website"},"primaryImageOfPage":{"@id":"https:\/\/zgk.lubkow.pl\/zgk\/zyczenia-swiateczne-5\/#primaryimage"},"image":{"@id":"https:\/\/zgk.lubkow.pl\/zgk\/zyczenia-swiateczne-5\/#primaryimage"},"thumbnailUrl":"https:\/\/gzgk.home.pl\/zgk\/wp-content\/uploads\/2023\/12\/zyczenia-swiateczne_2024-1-1024x695.jpg","datePublished":"2023-12-21T09:03:30+00:00","dateModified":"2026-03-20T08:20:37+00:00","breadcrumb":{"@id":"https:\/\/zgk.lubkow.pl\/zgk\/zyczenia-swiateczne-5\/#breadcrumb"},"inLanguage":"pl-PL","potentialAction":[{"@type":"ReadAction","target":["https:\/\/zgk.lubkow.pl\/zgk\/zyczenia-swiateczne-5\/"]}]},{"@type":"ImageObject","inLanguage":"pl-PL","@id":"https:\/\/zgk.lubkow.pl\/zgk\/zyczenia-swiateczne-5\/#primaryimage","url":"https:\/\/gzgk.home.pl\/zgk\/wp-content\/uploads\/2023\/12\/zyczenia-swiateczne_2024-1-1024x695.jpg","contentUrl":"https:\/\/gzgk.home.pl\/zgk\/wp-content\/uploads\/2023\/12\/zyczenia-swiateczne_2024-1-1024x695.jpg"},{"@type":"BreadcrumbList","@id":"https:\/\/zgk.lubkow.pl\/zgk\/zyczenia-swiateczne-5\/#breadcrumb","itemListElement":[{"@type":"ListItem","position":1,"name":"Strona g\u0142\u00f3wna","item":"https:\/\/zgk.lubkow.pl\/zgk\/"},{"@type":"ListItem","position":2,"name":"\u017byczenia \u015awi\u0105teczne"}]},{"@type":"WebSite","@id":"https:\/\/zgk.lubkow.pl\/zgk\/#website","url":"https:\/\/zgk.lubkow.pl\/zgk\/","name":"Zak\u0142ad Gospodarki Komunalnej w Lubkowie Sp\u00f3\u0142ka z o.o.","description":"","publisher":{"@id":"https:\/\/zgk.lubkow.pl\/zgk\/#organization"},"potentialAction":[{"@type":"SearchAction","target":{"@type":"EntryPoint","urlTemplate":"https:\/\/zgk.lubkow.pl\/zgk\/?s={search_term_string}"},"query-input":{"@type":"PropertyValueSpecification","valueRequired":true,"valueName":"search_term_string"}}],"inLanguage":"pl-PL"},{"@type":"Organization","@id":"https:\/\/zgk.lubkow.pl\/zgk\/#organization","name":"Zak\u0142ad Gospodarki Komunalnej w Lubkowie Sp\u00f3\u0142ka z o.o.","url":"https:\/\/zgk.lubkow.pl\/zgk\/","logo":{"@type":"ImageObject","inLanguage":"pl-PL","@id":"https:\/\/zgk.lubkow.pl\/zgk\/#\/schema\/logo\/image\/","url":"https:\/\/zgk.lubkow.pl\/zgk\/wp-content\/uploads\/2026\/02\/logo-copy.webp","contentUrl":"https:\/\/zgk.lubkow.pl\/zgk\/wp-content\/uploads\/2026\/02\/logo-copy.webp","width":844,"height":115,"caption":"Zak\u0142ad Gospodarki Komunalnej w Lubkowie Sp\u00f3\u0142ka z o.o."},"image":{"@id":"https:\/\/zgk.lubkow.pl\/zgk\/#\/schema\/logo\/image\/"}},{"@type":"Person","@id":"https:\/\/zgk.lubkow.pl\/zgk\/#\/schema\/person\/3c8ec62eec9a728021ed36790a53c88f","name":"rpalczewski","image":{"@type":"ImageObject","inLanguage":"pl-PL","@id":"https:\/\/secure.gravatar.com\/avatar\/?s=96&d=mm&r=g","url":"https:\/\/secure.gravatar.com\/avatar\/?s=96&d=mm&r=g","contentUrl":"https:\/\/secure.gravatar.com\/avatar\/?s=96&d=mm&r=g","caption":"rpalczewski"},"url":"https:\/\/zgk.lubkow.pl\/zgk\/author\/rpalczewski\/"}]}},"_links":{"self":[{"href":"https:\/\/zgk.lubkow.pl\/zgk\/wp-json\/wp\/v2\/posts\/2994","targetHints":{"allow":["GET"]}}],"collection":[{"href":"https:\/\/zgk.lubkow.pl\/zgk\/wp-json\/wp\/v2\/posts"}],"about":[{"href":"https:\/\/zgk.lubkow.pl\/zgk\/wp-json\/wp\/v2\/types\/post"}],"author":[{"embeddable":true,"href":"https:\/\/zgk.lubkow.pl\/zgk\/wp-json\/wp\/v2\/users\/3"}],"replies":[{"embeddable":true,"href":"https:\/\/zgk.lubkow.pl\/zgk\/wp-json\/wp\/v2\/comments?post=2994"}],"version-history":[{"count":1,"href":"https:\/\/zgk.lubkow.pl\/zgk\/wp-json\/wp\/v2\/posts\/2994\/revisions"}],"predecessor-version":[{"id":4147,"href":"https:\/\/zgk.lubkow.pl\/zgk\/wp-json\/wp\/v2\/posts\/2994\/revisions\/4147"}],"wp:attachment":[{"href":"https:\/\/zgk.lubkow.pl\/zgk\/wp-json\/wp\/v2\/media?parent=2994"}],"wp:term":[{"taxonomy":"category","embeddable":true,"href":"https:\/\/zgk.lubkow.pl\/zgk\/wp-json\/wp\/v2\/categories?post=2994"},{"taxonomy":"post_tag","embeddable":true,"href":"https:\/\/zgk.lubkow.pl\/zgk\/wp-json\/wp\/v2\/tags?post=2994"}],"curies":[{"name":"wp","href":"https:\/\/api.w.org\/{rel}","templated":true}]}}