{"id":2970,"date":"2023-12-12T13:56:56","date_gmt":"2023-12-12T12:56:56","guid":{"rendered":"https:\/\/zgk.lubkow.pl\/zgk\/?p=2970"},"modified":"2026-03-20T09:20:29","modified_gmt":"2026-03-20T08:20:29","slug":"nowy-budynek-do-skladowania-osadu-oddany","status":"publish","type":"post","link":"https:\/\/zgk.lubkow.pl\/zgk\/nowy-budynek-do-skladowania-osadu-oddany\/","title":{"rendered":"Nowy budynek do sk\u0142adowania osadu oddany !"},"content":{"rendered":"\t\t<div data-elementor-type=\"wp-post\" data-elementor-id=\"2970\" class=\"elementor elementor-2970\">\n\t\t\t\t\t\t<section class=\"elementor-section elementor-top-section elementor-element elementor-element-8b0de45 elementor-section-boxed elementor-section-height-default elementor-section-height-default\" data-id=\"8b0de45\" data-element_type=\"section\" data-e-type=\"section\">\n\t\t\t\t\t\t<div class=\"elementor-container elementor-column-gap-default\">\n\t\t\t\t\t<div class=\"elementor-column elementor-col-100 elementor-top-column elementor-element elementor-element-4712e83\" data-id=\"4712e83\" data-element_type=\"column\" data-e-type=\"column\">\n\t\t\t<div class=\"elementor-widget-wrap elementor-element-populated\">\n\t\t\t\t\t\t<div class=\"elementor-element elementor-element-3ca3182 elementor-position-top elementor-widget elementor-widget-image-box\" data-id=\"3ca3182\" data-element_type=\"widget\" data-e-type=\"widget\" data-widget_type=\"image-box.default\">\n\t\t\t\t\t<div class=\"elementor-image-box-wrapper\"><figure class=\"elementor-image-box-img\"><img fetchpriority=\"high\" decoding=\"async\" width=\"2560\" height=\"1154\" src=\"https:\/\/zgk.lubkow.pl\/zgk\/wp-content\/uploads\/2023\/12\/20231212_092750-scaled-1.jpg\" class=\"attachment-full size-full wp-image-2973\" alt=\"\" srcset=\"https:\/\/zgk.lubkow.pl\/zgk\/wp-content\/uploads\/2023\/12\/20231212_092750-scaled-1.jpg 2560w, https:\/\/zgk.lubkow.pl\/zgk\/wp-content\/uploads\/2023\/12\/20231212_092750-scaled-1-300x135.jpg 300w, https:\/\/zgk.lubkow.pl\/zgk\/wp-content\/uploads\/2023\/12\/20231212_092750-scaled-1-1024x462.jpg 1024w, https:\/\/zgk.lubkow.pl\/zgk\/wp-content\/uploads\/2023\/12\/20231212_092750-scaled-1-768x346.jpg 768w, https:\/\/zgk.lubkow.pl\/zgk\/wp-content\/uploads\/2023\/12\/20231212_092750-scaled-1-1536x692.jpg 1536w, https:\/\/zgk.lubkow.pl\/zgk\/wp-content\/uploads\/2023\/12\/20231212_092750-scaled-1-2048x923.jpg 2048w\" sizes=\"(max-width: 2560px) 100vw, 2560px\" \/><\/figure><div class=\"elementor-image-box-content\"><h3 class=\"elementor-image-box-title\">Magazyn osadu gotowy !<\/h3><p class=\"elementor-image-box-description\">W dniu dzisiejszym zako\u0144czono inwestycj\u0119 pn. Budowa budynku do sk\u0142adowania osadu komunalnego na Oczyszczalni w Tomaszowie Boles\u0142awieckim. Dzi\u0119ki wsparciu Gminy Warta Boles\u0142awiecka \u015brodkom z rz\u0105dowego Funduszu Inwestycji Strategicznych Polski \u0141ad, ZGK w Lubkowie Sp. z o.o. wzbogaci\u0142 si\u0119 o profesjonalny magazyn osadu komunalnego. Otrzymali\u015bmy mo\u017cliwo\u015b\u0107 sk\u0142adowania osadu w spos\u00f3b zabezpieczaj\u0105cy go przed warunkami atmosferycznymi, i wydawania go w ustalonym czasie do cel\u00f3w rolniczych. Dzi\u0119kujemy Panu W\u00f3jtowi Miros\u0142awowi Haniszewskiemu za wsparcie i zgod\u0119 na realizacj\u0119 inwestycji. Dzi\u0119kujemy wykonawcy - firmie Budobratex Sp. z o.o. z Legnicy, Inspektorom nadzoru z firmy Ekokarat s.c. za bezproblemowe wykonanie inwestycji. Dzi\u0119kujemy pracownikom Urz\u0119du Gminy w Warcie Boles\u0142awieckiej za czuwanie nad inwestycj\u0105.<\/p><\/div><\/div>\t\t\t\t<\/div>\n\t\t\t\t\t<\/div>\n\t\t<\/div>\n\t\t\t\t\t<\/div>\n\t\t<\/section>\n\t\t\t\t<section class=\"elementor-section elementor-top-section elementor-element elementor-element-8d530e1 elementor-section-boxed elementor-section-height-default elementor-section-height-default\" data-id=\"8d530e1\" data-element_type=\"section\" data-e-type=\"section\">\n\t\t\t\t\t\t<div class=\"elementor-container elementor-column-gap-default\">\n\t\t\t\t\t<div class=\"elementor-column elementor-col-100 elementor-top-column elementor-element elementor-element-1bb7a13\" data-id=\"1bb7a13\" data-element_type=\"column\" data-e-type=\"column\">\n\t\t\t<div class=\"elementor-widget-wrap elementor-element-populated\">\n\t\t\t\t\t\t<div class=\"elementor-element elementor-element-67ff74d elementor-arrows-position-inside elementor-pagination-position-outside elementor-widget elementor-widget-image-carousel\" data-id=\"67ff74d\" data-element_type=\"widget\" data-e-type=\"widget\" data-settings=\"{&quot;navigation&quot;:&quot;both&quot;,&quot;autoplay&quot;:&quot;yes&quot;,&quot;pause_on_hover&quot;:&quot;yes&quot;,&quot;pause_on_interaction&quot;:&quot;yes&quot;,&quot;autoplay_speed&quot;:5000,&quot;infinite&quot;:&quot;yes&quot;,&quot;speed&quot;:500}\" data-widget_type=\"image-carousel.default\">\n\t\t\t\t\t\t\t<div class=\"elementor-image-carousel-wrapper swiper\" role=\"region\" aria-roledescription=\"carousel\" aria-label=\"Karuzela obrazk\u00f3w\" dir=\"ltr\">\n\t\t\t<div class=\"elementor-image-carousel swiper-wrapper\" aria-live=\"off\">\n\t\t\t\t\t\t\t\t<div class=\"swiper-slide\" role=\"group\" aria-roledescription=\"slide\" aria-label=\"1 z 5\"><figure class=\"swiper-slide-inner\"><img decoding=\"async\" class=\"swiper-slide-image\" src=\"https:\/\/zgk.lubkow.pl\/zgk\/wp-content\/uploads\/2023\/12\/20231212_092804-scaled-1-150x150.jpg\" alt=\"20231212_092804\" \/><\/figure><\/div><div class=\"swiper-slide\" role=\"group\" aria-roledescription=\"slide\" aria-label=\"2 z 5\"><figure class=\"swiper-slide-inner\"><img decoding=\"async\" class=\"swiper-slide-image\" src=\"https:\/\/zgk.lubkow.pl\/zgk\/wp-content\/uploads\/2023\/12\/20231212_092750-scaled-1-150x150.jpg\" alt=\"20231212_092750\" \/><\/figure><\/div><div class=\"swiper-slide\" role=\"group\" aria-roledescription=\"slide\" aria-label=\"3 z 5\"><figure class=\"swiper-slide-inner\"><img decoding=\"async\" class=\"swiper-slide-image\" src=\"https:\/\/zgk.lubkow.pl\/zgk\/wp-content\/uploads\/2023\/12\/20231212_093603-scaled-1-150x150.jpg\" alt=\"20231212_093603\" \/><\/figure><\/div><div class=\"swiper-slide\" role=\"group\" aria-roledescription=\"slide\" aria-label=\"4 z 5\"><figure class=\"swiper-slide-inner\"><img decoding=\"async\" class=\"swiper-slide-image\" src=\"https:\/\/zgk.lubkow.pl\/zgk\/wp-content\/uploads\/2023\/12\/20231212_092750-1-scaled-1-150x150.jpg\" alt=\"20231212_092750\" \/><\/figure><\/div><div class=\"swiper-slide\" role=\"group\" aria-roledescription=\"slide\" aria-label=\"5 z 5\"><figure class=\"swiper-slide-inner\"><img decoding=\"async\" class=\"swiper-slide-image\" src=\"https:\/\/zgk.lubkow.pl\/zgk\/wp-content\/uploads\/2023\/12\/20231212_093332-scaled-1-150x150.jpg\" alt=\"20231212_093332\" \/><\/figure><\/div>\t\t\t<\/div>\n\t\t\t\t\t\t\t\t\t\t\t\t<div class=\"elementor-swiper-button elementor-swiper-button-prev\" role=\"button\" tabindex=\"0\">\n\t\t\t\t\t\t<svg aria-hidden=\"true\" class=\"e-font-icon-svg e-eicon-chevron-left\" viewBox=\"0 0 1000 1000\" xmlns=\"http:\/\/www.w3.org\/2000\/svg\"><path d=\"M646 125C629 125 613 133 604 142L308 442C296 454 292 471 292 487 292 504 296 521 308 533L604 854C617 867 629 875 646 875 663 875 679 871 692 858 704 846 713 829 713 812 713 796 708 779 692 767L438 487 692 225C700 217 708 204 708 187 708 171 704 154 692 142 675 129 663 125 646 125Z\"><\/path><\/svg>\t\t\t\t\t<\/div>\n\t\t\t\t\t<div class=\"elementor-swiper-button elementor-swiper-button-next\" role=\"button\" tabindex=\"0\">\n\t\t\t\t\t\t<svg aria-hidden=\"true\" class=\"e-font-icon-svg e-eicon-chevron-right\" viewBox=\"0 0 1000 1000\" xmlns=\"http:\/\/www.w3.org\/2000\/svg\"><path d=\"M696 533C708 521 713 504 713 487 713 471 708 454 696 446L400 146C388 133 375 125 354 125 338 125 325 129 313 142 300 154 292 171 292 187 292 204 296 221 308 233L563 492 304 771C292 783 288 800 288 817 288 833 296 850 308 863 321 871 338 875 354 875 371 875 388 867 400 854L696 533Z\"><\/path><\/svg>\t\t\t\t\t<\/div>\n\t\t\t\t\n\t\t\t\t\t\t\t\t\t<div class=\"swiper-pagination\"><\/div>\n\t\t\t\t\t\t\t\t\t<\/div>\n\t\t\t\t\t\t<\/div>\n\t\t\t\t\t<\/div>\n\t\t<\/div>\n\t\t\t\t\t<\/div>\n\t\t<\/section>\n\t\t\t\t<\/div>\n\t\t","protected":false},"excerpt":{"rendered":"<p>Magazyn osadu gotowy ! W dniu dzisiejszym zako\u0144czono inwestycj\u0119 pn. Budowa budynku do sk\u0142adowania osadu komunalnego na Oczyszczalni w Tomaszowie Boles\u0142awieckim. Dzi\u0119ki wsparciu Gminy Warta Boles\u0142awiecka \u015brodkom z rz\u0105dowego Funduszu Inwestycji Strategicznych Polski \u0141ad, ZGK w Lubkowie Sp. z o.o. wzbogaci\u0142 si\u0119 o profesjonalny magazyn osadu komunalnego. Otrzymali\u015bmy mo\u017cliwo\u015b\u0107 sk\u0142adowania osadu w spos\u00f3b zabezpieczaj\u0105cy go [&hellip;]<\/p>\n","protected":false},"author":3,"featured_media":0,"comment_status":"closed","ping_status":"closed","sticky":false,"template":"","format":"standard","meta":{"footnotes":""},"categories":[8],"tags":[],"class_list":["post-2970","post","type-post","status-publish","format-standard","hentry","category-aktualnosci"],"yoast_head":"<!-- This site is optimized with the Yoast SEO plugin v27.2 - https:\/\/yoast.com\/product\/yoast-seo-wordpress\/ -->\n<title>Nowy budynek do sk\u0142adowania osadu oddany ! - Zak\u0142ad Gospodarki Komunalnej w Lubkowie Sp\u00f3\u0142ka z o.o.<\/title>\n<meta name=\"robots\" content=\"index, follow, max-snippet:-1, max-image-preview:large, max-video-preview:-1\" \/>\n<link rel=\"canonical\" href=\"https:\/\/zgk.lubkow.pl\/zgk\/nowy-budynek-do-skladowania-osadu-oddany\/\" \/>\n<meta property=\"og:locale\" content=\"pl_PL\" \/>\n<meta property=\"og:type\" content=\"article\" \/>\n<meta property=\"og:title\" content=\"Nowy budynek do sk\u0142adowania osadu oddany ! - Zak\u0142ad Gospodarki Komunalnej w Lubkowie Sp\u00f3\u0142ka z o.o.\" \/>\n<meta property=\"og:description\" content=\"Magazyn osadu gotowy ! W dniu dzisiejszym zako\u0144czono inwestycj\u0119 pn. Budowa budynku do sk\u0142adowania osadu komunalnego na Oczyszczalni w Tomaszowie Boles\u0142awieckim. Dzi\u0119ki wsparciu Gminy Warta Boles\u0142awiecka \u015brodkom z rz\u0105dowego Funduszu Inwestycji Strategicznych Polski \u0141ad, ZGK w Lubkowie Sp. z o.o. wzbogaci\u0142 si\u0119 o profesjonalny magazyn osadu komunalnego. Otrzymali\u015bmy mo\u017cliwo\u015b\u0107 sk\u0142adowania osadu w spos\u00f3b zabezpieczaj\u0105cy go [&hellip;]\" \/>\n<meta property=\"og:url\" content=\"https:\/\/zgk.lubkow.pl\/zgk\/nowy-budynek-do-skladowania-osadu-oddany\/\" \/>\n<meta property=\"og:site_name\" content=\"Zak\u0142ad Gospodarki Komunalnej w Lubkowie Sp\u00f3\u0142ka z o.o.\" \/>\n<meta property=\"article:published_time\" content=\"2023-12-12T12:56:56+00:00\" \/>\n<meta property=\"article:modified_time\" content=\"2026-03-20T08:20:29+00:00\" \/>\n<meta property=\"og:image\" content=\"https:\/\/gzgk.home.pl\/zgk\/wp-content\/uploads\/2023\/12\/20231212_092750-scaled-1.jpg\" \/>\n<meta name=\"author\" content=\"rpalczewski\" \/>\n<meta name=\"twitter:card\" content=\"summary_large_image\" \/>\n<meta name=\"twitter:label1\" content=\"Napisane przez\" \/>\n\t<meta name=\"twitter:data1\" content=\"rpalczewski\" \/>\n<script type=\"application\/ld+json\" class=\"yoast-schema-graph\">{\"@context\":\"https:\/\/schema.org\",\"@graph\":[{\"@type\":\"Article\",\"@id\":\"https:\/\/zgk.lubkow.pl\/zgk\/nowy-budynek-do-skladowania-osadu-oddany\/#article\",\"isPartOf\":{\"@id\":\"https:\/\/zgk.lubkow.pl\/zgk\/nowy-budynek-do-skladowania-osadu-oddany\/\"},\"author\":{\"name\":\"rpalczewski\",\"@id\":\"https:\/\/zgk.lubkow.pl\/zgk\/#\/schema\/person\/3c8ec62eec9a728021ed36790a53c88f\"},\"headline\":\"Nowy budynek do sk\u0142adowania osadu oddany !\",\"datePublished\":\"2023-12-12T12:56:56+00:00\",\"dateModified\":\"2026-03-20T08:20:29+00:00\",\"mainEntityOfPage\":{\"@id\":\"https:\/\/zgk.lubkow.pl\/zgk\/nowy-budynek-do-skladowania-osadu-oddany\/\"},\"wordCount\":141,\"publisher\":{\"@id\":\"https:\/\/zgk.lubkow.pl\/zgk\/#organization\"},\"image\":{\"@id\":\"https:\/\/zgk.lubkow.pl\/zgk\/nowy-budynek-do-skladowania-osadu-oddany\/#primaryimage\"},\"thumbnailUrl\":\"https:\/\/gzgk.home.pl\/zgk\/wp-content\/uploads\/2023\/12\/20231212_092750-scaled-1.jpg\",\"articleSection\":[\"Aktualno\u015bci\"],\"inLanguage\":\"pl-PL\"},{\"@type\":\"WebPage\",\"@id\":\"https:\/\/zgk.lubkow.pl\/zgk\/nowy-budynek-do-skladowania-osadu-oddany\/\",\"url\":\"https:\/\/zgk.lubkow.pl\/zgk\/nowy-budynek-do-skladowania-osadu-oddany\/\",\"name\":\"Nowy budynek do sk\u0142adowania osadu oddany ! - Zak\u0142ad Gospodarki Komunalnej w Lubkowie Sp\u00f3\u0142ka z o.o.\",\"isPartOf\":{\"@id\":\"https:\/\/zgk.lubkow.pl\/zgk\/#website\"},\"primaryImageOfPage\":{\"@id\":\"https:\/\/zgk.lubkow.pl\/zgk\/nowy-budynek-do-skladowania-osadu-oddany\/#primaryimage\"},\"image\":{\"@id\":\"https:\/\/zgk.lubkow.pl\/zgk\/nowy-budynek-do-skladowania-osadu-oddany\/#primaryimage\"},\"thumbnailUrl\":\"https:\/\/gzgk.home.pl\/zgk\/wp-content\/uploads\/2023\/12\/20231212_092750-scaled-1.jpg\",\"datePublished\":\"2023-12-12T12:56:56+00:00\",\"dateModified\":\"2026-03-20T08:20:29+00:00\",\"breadcrumb\":{\"@id\":\"https:\/\/zgk.lubkow.pl\/zgk\/nowy-budynek-do-skladowania-osadu-oddany\/#breadcrumb\"},\"inLanguage\":\"pl-PL\",\"potentialAction\":[{\"@type\":\"ReadAction\",\"target\":[\"https:\/\/zgk.lubkow.pl\/zgk\/nowy-budynek-do-skladowania-osadu-oddany\/\"]}]},{\"@type\":\"ImageObject\",\"inLanguage\":\"pl-PL\",\"@id\":\"https:\/\/zgk.lubkow.pl\/zgk\/nowy-budynek-do-skladowania-osadu-oddany\/#primaryimage\",\"url\":\"https:\/\/gzgk.home.pl\/zgk\/wp-content\/uploads\/2023\/12\/20231212_092750-scaled-1.jpg\",\"contentUrl\":\"https:\/\/gzgk.home.pl\/zgk\/wp-content\/uploads\/2023\/12\/20231212_092750-scaled-1.jpg\"},{\"@type\":\"BreadcrumbList\",\"@id\":\"https:\/\/zgk.lubkow.pl\/zgk\/nowy-budynek-do-skladowania-osadu-oddany\/#breadcrumb\",\"itemListElement\":[{\"@type\":\"ListItem\",\"position\":1,\"name\":\"Strona g\u0142\u00f3wna\",\"item\":\"https:\/\/zgk.lubkow.pl\/zgk\/\"},{\"@type\":\"ListItem\",\"position\":2,\"name\":\"Nowy budynek do sk\u0142adowania osadu oddany !\"}]},{\"@type\":\"WebSite\",\"@id\":\"https:\/\/zgk.lubkow.pl\/zgk\/#website\",\"url\":\"https:\/\/zgk.lubkow.pl\/zgk\/\",\"name\":\"Zak\u0142ad Gospodarki Komunalnej w Lubkowie Sp\u00f3\u0142ka z o.o.\",\"description\":\"\",\"publisher\":{\"@id\":\"https:\/\/zgk.lubkow.pl\/zgk\/#organization\"},\"potentialAction\":[{\"@type\":\"SearchAction\",\"target\":{\"@type\":\"EntryPoint\",\"urlTemplate\":\"https:\/\/zgk.lubkow.pl\/zgk\/?s={search_term_string}\"},\"query-input\":{\"@type\":\"PropertyValueSpecification\",\"valueRequired\":true,\"valueName\":\"search_term_string\"}}],\"inLanguage\":\"pl-PL\"},{\"@type\":\"Organization\",\"@id\":\"https:\/\/zgk.lubkow.pl\/zgk\/#organization\",\"name\":\"Zak\u0142ad Gospodarki Komunalnej w Lubkowie Sp\u00f3\u0142ka z o.o.\",\"url\":\"https:\/\/zgk.lubkow.pl\/zgk\/\",\"logo\":{\"@type\":\"ImageObject\",\"inLanguage\":\"pl-PL\",\"@id\":\"https:\/\/zgk.lubkow.pl\/zgk\/#\/schema\/logo\/image\/\",\"url\":\"https:\/\/zgk.lubkow.pl\/zgk\/wp-content\/uploads\/2026\/02\/logo-copy.webp\",\"contentUrl\":\"https:\/\/zgk.lubkow.pl\/zgk\/wp-content\/uploads\/2026\/02\/logo-copy.webp\",\"width\":844,\"height\":115,\"caption\":\"Zak\u0142ad Gospodarki Komunalnej w Lubkowie Sp\u00f3\u0142ka z o.o.\"},\"image\":{\"@id\":\"https:\/\/zgk.lubkow.pl\/zgk\/#\/schema\/logo\/image\/\"}},{\"@type\":\"Person\",\"@id\":\"https:\/\/zgk.lubkow.pl\/zgk\/#\/schema\/person\/3c8ec62eec9a728021ed36790a53c88f\",\"name\":\"rpalczewski\",\"image\":{\"@type\":\"ImageObject\",\"inLanguage\":\"pl-PL\",\"@id\":\"https:\/\/secure.gravatar.com\/avatar\/?s=96&d=mm&r=g\",\"url\":\"https:\/\/secure.gravatar.com\/avatar\/?s=96&d=mm&r=g\",\"contentUrl\":\"https:\/\/secure.gravatar.com\/avatar\/?s=96&d=mm&r=g\",\"caption\":\"rpalczewski\"},\"url\":\"https:\/\/zgk.lubkow.pl\/zgk\/author\/rpalczewski\/\"}]}<\/script>\n<!-- \/ Yoast SEO plugin. -->","yoast_head_json":{"title":"Nowy budynek do sk\u0142adowania osadu oddany ! - Zak\u0142ad Gospodarki Komunalnej w Lubkowie Sp\u00f3\u0142ka z o.o.","robots":{"index":"index","follow":"follow","max-snippet":"max-snippet:-1","max-image-preview":"max-image-preview:large","max-video-preview":"max-video-preview:-1"},"canonical":"https:\/\/zgk.lubkow.pl\/zgk\/nowy-budynek-do-skladowania-osadu-oddany\/","og_locale":"pl_PL","og_type":"article","og_title":"Nowy budynek do sk\u0142adowania osadu oddany ! - Zak\u0142ad Gospodarki Komunalnej w Lubkowie Sp\u00f3\u0142ka z o.o.","og_description":"Magazyn osadu gotowy ! W dniu dzisiejszym zako\u0144czono inwestycj\u0119 pn. Budowa budynku do sk\u0142adowania osadu komunalnego na Oczyszczalni w Tomaszowie Boles\u0142awieckim. Dzi\u0119ki wsparciu Gminy Warta Boles\u0142awiecka \u015brodkom z rz\u0105dowego Funduszu Inwestycji Strategicznych Polski \u0141ad, ZGK w Lubkowie Sp. z o.o. wzbogaci\u0142 si\u0119 o profesjonalny magazyn osadu komunalnego. Otrzymali\u015bmy mo\u017cliwo\u015b\u0107 sk\u0142adowania osadu w spos\u00f3b zabezpieczaj\u0105cy go [&hellip;]","og_url":"https:\/\/zgk.lubkow.pl\/zgk\/nowy-budynek-do-skladowania-osadu-oddany\/","og_site_name":"Zak\u0142ad Gospodarki Komunalnej w Lubkowie Sp\u00f3\u0142ka z o.o.","article_published_time":"2023-12-12T12:56:56+00:00","article_modified_time":"2026-03-20T08:20:29+00:00","og_image":[{"url":"https:\/\/gzgk.home.pl\/zgk\/wp-content\/uploads\/2023\/12\/20231212_092750-scaled-1.jpg","type":"","width":"","height":""}],"author":"rpalczewski","twitter_card":"summary_large_image","twitter_misc":{"Napisane przez":"rpalczewski"},"schema":{"@context":"https:\/\/schema.org","@graph":[{"@type":"Article","@id":"https:\/\/zgk.lubkow.pl\/zgk\/nowy-budynek-do-skladowania-osadu-oddany\/#article","isPartOf":{"@id":"https:\/\/zgk.lubkow.pl\/zgk\/nowy-budynek-do-skladowania-osadu-oddany\/"},"author":{"name":"rpalczewski","@id":"https:\/\/zgk.lubkow.pl\/zgk\/#\/schema\/person\/3c8ec62eec9a728021ed36790a53c88f"},"headline":"Nowy budynek do sk\u0142adowania osadu oddany !","datePublished":"2023-12-12T12:56:56+00:00","dateModified":"2026-03-20T08:20:29+00:00","mainEntityOfPage":{"@id":"https:\/\/zgk.lubkow.pl\/zgk\/nowy-budynek-do-skladowania-osadu-oddany\/"},"wordCount":141,"publisher":{"@id":"https:\/\/zgk.lubkow.pl\/zgk\/#organization"},"image":{"@id":"https:\/\/zgk.lubkow.pl\/zgk\/nowy-budynek-do-skladowania-osadu-oddany\/#primaryimage"},"thumbnailUrl":"https:\/\/gzgk.home.pl\/zgk\/wp-content\/uploads\/2023\/12\/20231212_092750-scaled-1.jpg","articleSection":["Aktualno\u015bci"],"inLanguage":"pl-PL"},{"@type":"WebPage","@id":"https:\/\/zgk.lubkow.pl\/zgk\/nowy-budynek-do-skladowania-osadu-oddany\/","url":"https:\/\/zgk.lubkow.pl\/zgk\/nowy-budynek-do-skladowania-osadu-oddany\/","name":"Nowy budynek do sk\u0142adowania osadu oddany ! - Zak\u0142ad Gospodarki Komunalnej w Lubkowie Sp\u00f3\u0142ka z o.o.","isPartOf":{"@id":"https:\/\/zgk.lubkow.pl\/zgk\/#website"},"primaryImageOfPage":{"@id":"https:\/\/zgk.lubkow.pl\/zgk\/nowy-budynek-do-skladowania-osadu-oddany\/#primaryimage"},"image":{"@id":"https:\/\/zgk.lubkow.pl\/zgk\/nowy-budynek-do-skladowania-osadu-oddany\/#primaryimage"},"thumbnailUrl":"https:\/\/gzgk.home.pl\/zgk\/wp-content\/uploads\/2023\/12\/20231212_092750-scaled-1.jpg","datePublished":"2023-12-12T12:56:56+00:00","dateModified":"2026-03-20T08:20:29+00:00","breadcrumb":{"@id":"https:\/\/zgk.lubkow.pl\/zgk\/nowy-budynek-do-skladowania-osadu-oddany\/#breadcrumb"},"inLanguage":"pl-PL","potentialAction":[{"@type":"ReadAction","target":["https:\/\/zgk.lubkow.pl\/zgk\/nowy-budynek-do-skladowania-osadu-oddany\/"]}]},{"@type":"ImageObject","inLanguage":"pl-PL","@id":"https:\/\/zgk.lubkow.pl\/zgk\/nowy-budynek-do-skladowania-osadu-oddany\/#primaryimage","url":"https:\/\/gzgk.home.pl\/zgk\/wp-content\/uploads\/2023\/12\/20231212_092750-scaled-1.jpg","contentUrl":"https:\/\/gzgk.home.pl\/zgk\/wp-content\/uploads\/2023\/12\/20231212_092750-scaled-1.jpg"},{"@type":"BreadcrumbList","@id":"https:\/\/zgk.lubkow.pl\/zgk\/nowy-budynek-do-skladowania-osadu-oddany\/#breadcrumb","itemListElement":[{"@type":"ListItem","position":1,"name":"Strona g\u0142\u00f3wna","item":"https:\/\/zgk.lubkow.pl\/zgk\/"},{"@type":"ListItem","position":2,"name":"Nowy budynek do sk\u0142adowania osadu oddany !"}]},{"@type":"WebSite","@id":"https:\/\/zgk.lubkow.pl\/zgk\/#website","url":"https:\/\/zgk.lubkow.pl\/zgk\/","name":"Zak\u0142ad Gospodarki Komunalnej w Lubkowie Sp\u00f3\u0142ka z o.o.","description":"","publisher":{"@id":"https:\/\/zgk.lubkow.pl\/zgk\/#organization"},"potentialAction":[{"@type":"SearchAction","target":{"@type":"EntryPoint","urlTemplate":"https:\/\/zgk.lubkow.pl\/zgk\/?s={search_term_string}"},"query-input":{"@type":"PropertyValueSpecification","valueRequired":true,"valueName":"search_term_string"}}],"inLanguage":"pl-PL"},{"@type":"Organization","@id":"https:\/\/zgk.lubkow.pl\/zgk\/#organization","name":"Zak\u0142ad Gospodarki Komunalnej w Lubkowie Sp\u00f3\u0142ka z o.o.","url":"https:\/\/zgk.lubkow.pl\/zgk\/","logo":{"@type":"ImageObject","inLanguage":"pl-PL","@id":"https:\/\/zgk.lubkow.pl\/zgk\/#\/schema\/logo\/image\/","url":"https:\/\/zgk.lubkow.pl\/zgk\/wp-content\/uploads\/2026\/02\/logo-copy.webp","contentUrl":"https:\/\/zgk.lubkow.pl\/zgk\/wp-content\/uploads\/2026\/02\/logo-copy.webp","width":844,"height":115,"caption":"Zak\u0142ad Gospodarki Komunalnej w Lubkowie Sp\u00f3\u0142ka z o.o."},"image":{"@id":"https:\/\/zgk.lubkow.pl\/zgk\/#\/schema\/logo\/image\/"}},{"@type":"Person","@id":"https:\/\/zgk.lubkow.pl\/zgk\/#\/schema\/person\/3c8ec62eec9a728021ed36790a53c88f","name":"rpalczewski","image":{"@type":"ImageObject","inLanguage":"pl-PL","@id":"https:\/\/secure.gravatar.com\/avatar\/?s=96&d=mm&r=g","url":"https:\/\/secure.gravatar.com\/avatar\/?s=96&d=mm&r=g","contentUrl":"https:\/\/secure.gravatar.com\/avatar\/?s=96&d=mm&r=g","caption":"rpalczewski"},"url":"https:\/\/zgk.lubkow.pl\/zgk\/author\/rpalczewski\/"}]}},"_links":{"self":[{"href":"https:\/\/zgk.lubkow.pl\/zgk\/wp-json\/wp\/v2\/posts\/2970","targetHints":{"allow":["GET"]}}],"collection":[{"href":"https:\/\/zgk.lubkow.pl\/zgk\/wp-json\/wp\/v2\/posts"}],"about":[{"href":"https:\/\/zgk.lubkow.pl\/zgk\/wp-json\/wp\/v2\/types\/post"}],"author":[{"embeddable":true,"href":"https:\/\/zgk.lubkow.pl\/zgk\/wp-json\/wp\/v2\/users\/3"}],"replies":[{"embeddable":true,"href":"https:\/\/zgk.lubkow.pl\/zgk\/wp-json\/wp\/v2\/comments?post=2970"}],"version-history":[{"count":1,"href":"https:\/\/zgk.lubkow.pl\/zgk\/wp-json\/wp\/v2\/posts\/2970\/revisions"}],"predecessor-version":[{"id":4148,"href":"https:\/\/zgk.lubkow.pl\/zgk\/wp-json\/wp\/v2\/posts\/2970\/revisions\/4148"}],"wp:attachment":[{"href":"https:\/\/zgk.lubkow.pl\/zgk\/wp-json\/wp\/v2\/media?parent=2970"}],"wp:term":[{"taxonomy":"category","embeddable":true,"href":"https:\/\/zgk.lubkow.pl\/zgk\/wp-json\/wp\/v2\/categories?post=2970"},{"taxonomy":"post_tag","embeddable":true,"href":"https:\/\/zgk.lubkow.pl\/zgk\/wp-json\/wp\/v2\/tags?post=2970"}],"curies":[{"name":"wp","href":"https:\/\/api.w.org\/{rel}","templated":true}]}}