{"id":2861,"date":"2023-08-21T14:30:04","date_gmt":"2023-08-21T12:30:04","guid":{"rendered":"https:\/\/zgk.lubkow.pl\/zgk\/?p=2861"},"modified":"2026-03-19T15:54:52","modified_gmt":"2026-03-19T14:54:52","slug":"mozemy-dostarczyc-ci-osad-komunalny","status":"publish","type":"post","link":"https:\/\/zgk.lubkow.pl\/zgk\/mozemy-dostarczyc-ci-osad-komunalny\/","title":{"rendered":"Mo\u017cemy dostarczy\u0107 Ci osad komunalny"},"content":{"rendered":"\t\t<div data-elementor-type=\"wp-post\" data-elementor-id=\"2861\" class=\"elementor elementor-2861\">\n\t\t\t\t\t\t<section class=\"elementor-section elementor-top-section elementor-element elementor-element-4dc289d elementor-section-boxed elementor-section-height-default elementor-section-height-default\" data-id=\"4dc289d\" data-element_type=\"section\" data-e-type=\"section\">\n\t\t\t\t\t\t<div class=\"elementor-container elementor-column-gap-default\">\n\t\t\t\t\t<div class=\"elementor-column elementor-col-100 elementor-top-column elementor-element elementor-element-7e14be8\" data-id=\"7e14be8\" data-element_type=\"column\" data-e-type=\"column\">\n\t\t\t<div class=\"elementor-widget-wrap elementor-element-populated\">\n\t\t\t\t\t\t<div class=\"elementor-element elementor-element-e371962 elementor-widget elementor-widget-text-editor\" data-id=\"e371962\" data-element_type=\"widget\" data-e-type=\"widget\" data-widget_type=\"text-editor.default\">\n\t\t\t\t\t\t\t\t\t<p style=\"text-indent: 35.4pt; margin: 0cm 0cm 8.25pt; text-align: center;\"><b><i><span style=\"font-family: 'Open Sans',sans-serif; color: #504f4f;\">Zak\u0142ad Gospodarki Komunalnej w Lubkowie sp. z o.o. informuje, <\/span><\/i><\/b><\/p><p style=\"text-indent: 35.4pt; margin: 0cm 0cm 8.25pt; text-align: center;\"><b><i><span style=\"font-family: 'Open Sans',sans-serif; color: #504f4f;\">\u017ce istnieje mo\u017cliwo\u015b\u0107 podj\u0119cia wsp\u00f3\u0142pracy w zakresie m.in. rolniczego wykorzystania komunalnych osad\u00f3w \u015bciekowych wytworzonych w Oczyszczalni \u015aciek\u00f3w w Tomaszowie Boles\u0142awieckim.<\/span><\/i><\/b><\/p><p style=\"text-align: start; box-sizing: border-box; font-variant-ligatures: normal; font-variant-caps: normal; orphans: 2; widows: 2; -webkit-text-stroke-width: 0px; text-decoration-thickness: initial; text-decoration-style: initial; text-decoration-color: initial; word-spacing: 0px; margin: 0cm 0cm 8.25pt 0cm;\"><i><span style=\"font-family: 'Open Sans',sans-serif; color: #504f4f;\">Wytworzony w oczyszczalni osad \u015bciekowy jest bogaty w substancje organiczne i mineralne, a jednocze\u015bnie jest bezpieczny sanitarnie. Osad umo\u017cliwia zachowanie odpowiedniej struktury gleby, dostarcza ro\u015blinom substancji od\u017cywczych oraz makro- i mikroelement\u00f3w dzia\u0142aj\u0105c jako dobrej jako\u015bci naw\u00f3z organiczny, a jego dodatek do wierzchniej warstwy gruntu ma bardzo pozytywny wp\u0142yw na procesy glebotw\u00f3rcze. Jako\u015b\u0107 i sk\u0142ad osad\u00f3w s\u0105 regularnie monitorowane przez Sp\u00f3\u0142k\u0119.<\/span><\/i><\/p><p style=\"text-align: start; box-sizing: border-box; font-variant-ligatures: normal; font-variant-caps: normal; orphans: 2; widows: 2; -webkit-text-stroke-width: 0px; text-decoration-thickness: initial; text-decoration-style: initial; text-decoration-color: initial; word-spacing: 0px; margin: 0cm 0cm 8.25pt 0cm;\"><i><span style=\"font-family: 'Open Sans',sans-serif; color: #504f4f;\">Przekazanie ustabilizowanych komunalnych osad\u00f3w \u015bciekowych odbywa si\u0119 zgodnie z ustaw\u0105 o odpadach oraz przepisami Rozporz\u0105dzenia Ministra \u015arodowiska w sprawie komunalnych osad\u00f3w \u015bciekowych.<\/span><\/i><\/p><p style=\"text-align: start; text-indent: 35.4pt; box-sizing: border-box; font-variant-ligatures: normal; font-variant-caps: normal; orphans: 2; widows: 2; -webkit-text-stroke-width: 0px; text-decoration-thickness: initial; text-decoration-style: initial; text-decoration-color: initial; word-spacing: 0px; margin: 0cm 0cm 8.25pt 0cm;\"><b><i><span style=\"font-family: 'Open Sans',sans-serif; color: #504f4f;\">Zapewniamy za\u0142adunek osadu, bezp\u0142atne badania osad\u00f3w \u015bciekowych, bezp\u0142atne badania grunt\u00f3w, na kt\u00f3rych osady \u015bciekowe maj\u0105 by\u0107 stosowane oraz udost\u0119pnienie wynik\u00f3w bada\u0144 osad\u00f3w i grunt\u00f3w wraz z informacj\u0105 o dawkach osadu.<\/span><\/i><\/b><\/p><p style=\"text-align: start; text-indent: 35.4pt; box-sizing: border-box; font-variant-ligatures: normal; font-variant-caps: normal; orphans: 2; widows: 2; -webkit-text-stroke-width: 0px; text-decoration-thickness: initial; text-decoration-style: initial; text-decoration-color: initial; word-spacing: 0px; margin: 0cm 0cm 8.25pt 0cm;\"><b><i><span style=\"font-family: 'Open Sans',sans-serif; color: #504f4f;\">Wszystkich zainteresowanych podj\u0119ciem wsp\u00f3\u0142pracy zapraszamy do kontaktu pod numerem telefonu: 75\u00a0738 93 43 lub e-mail: sekretariat@lubkow.pl<\/span><\/i><\/b><\/p>\t\t\t\t\t\t\t\t<\/div>\n\t\t\t\t\t<\/div>\n\t\t<\/div>\n\t\t\t\t\t<\/div>\n\t\t<\/section>\n\t\t\t\t<\/div>\n\t\t","protected":false},"excerpt":{"rendered":"<p>Zak\u0142ad Gospodarki Komunalnej w Lubkowie sp. z o.o. informuje, \u017ce istnieje mo\u017cliwo\u015b\u0107 podj\u0119cia wsp\u00f3\u0142pracy w zakresie m.in. rolniczego wykorzystania komunalnych osad\u00f3w \u015bciekowych wytworzonych w Oczyszczalni \u015aciek\u00f3w w Tomaszowie Boles\u0142awieckim. Wytworzony w oczyszczalni osad \u015bciekowy jest bogaty w substancje organiczne i mineralne, a jednocze\u015bnie jest bezpieczny sanitarnie. Osad umo\u017cliwia zachowanie odpowiedniej struktury gleby, dostarcza ro\u015blinom substancji [&hellip;]<\/p>\n","protected":false},"author":3,"featured_media":0,"comment_status":"closed","ping_status":"closed","sticky":false,"template":"","format":"standard","meta":{"footnotes":""},"categories":[8],"tags":[],"class_list":["post-2861","post","type-post","status-publish","format-standard","hentry","category-aktualnosci"],"yoast_head":"<!-- This site is optimized with the Yoast SEO plugin v27.2 - https:\/\/yoast.com\/product\/yoast-seo-wordpress\/ -->\n<title>Mo\u017cemy dostarczy\u0107 Ci osad komunalny - Zak\u0142ad Gospodarki Komunalnej w Lubkowie Sp\u00f3\u0142ka z o.o.<\/title>\n<meta name=\"robots\" content=\"index, follow, max-snippet:-1, max-image-preview:large, max-video-preview:-1\" \/>\n<link rel=\"canonical\" href=\"https:\/\/zgk.lubkow.pl\/zgk\/mozemy-dostarczyc-ci-osad-komunalny\/\" \/>\n<meta property=\"og:locale\" content=\"pl_PL\" \/>\n<meta property=\"og:type\" content=\"article\" \/>\n<meta property=\"og:title\" content=\"Mo\u017cemy dostarczy\u0107 Ci osad komunalny - Zak\u0142ad Gospodarki Komunalnej w Lubkowie Sp\u00f3\u0142ka z o.o.\" \/>\n<meta property=\"og:description\" content=\"Zak\u0142ad Gospodarki Komunalnej w Lubkowie sp. z o.o. informuje, \u017ce istnieje mo\u017cliwo\u015b\u0107 podj\u0119cia wsp\u00f3\u0142pracy w zakresie m.in. rolniczego wykorzystania komunalnych osad\u00f3w \u015bciekowych wytworzonych w Oczyszczalni \u015aciek\u00f3w w Tomaszowie Boles\u0142awieckim. Wytworzony w oczyszczalni osad \u015bciekowy jest bogaty w substancje organiczne i mineralne, a jednocze\u015bnie jest bezpieczny sanitarnie. Osad umo\u017cliwia zachowanie odpowiedniej struktury gleby, dostarcza ro\u015blinom substancji [&hellip;]\" \/>\n<meta property=\"og:url\" content=\"https:\/\/zgk.lubkow.pl\/zgk\/mozemy-dostarczyc-ci-osad-komunalny\/\" \/>\n<meta property=\"og:site_name\" content=\"Zak\u0142ad Gospodarki Komunalnej w Lubkowie Sp\u00f3\u0142ka z o.o.\" \/>\n<meta property=\"article:published_time\" content=\"2023-08-21T12:30:04+00:00\" \/>\n<meta property=\"article:modified_time\" content=\"2026-03-19T14:54:52+00:00\" \/>\n<meta name=\"author\" content=\"rpalczewski\" \/>\n<meta name=\"twitter:card\" content=\"summary_large_image\" \/>\n<meta name=\"twitter:label1\" content=\"Napisane przez\" \/>\n\t<meta name=\"twitter:data1\" content=\"rpalczewski\" \/>\n\t<meta name=\"twitter:label2\" content=\"Szacowany czas czytania\" \/>\n\t<meta name=\"twitter:data2\" content=\"1 minuta\" \/>\n<script type=\"application\/ld+json\" class=\"yoast-schema-graph\">{\"@context\":\"https:\/\/schema.org\",\"@graph\":[{\"@type\":\"Article\",\"@id\":\"https:\/\/zgk.lubkow.pl\/zgk\/mozemy-dostarczyc-ci-osad-komunalny\/#article\",\"isPartOf\":{\"@id\":\"https:\/\/zgk.lubkow.pl\/zgk\/mozemy-dostarczyc-ci-osad-komunalny\/\"},\"author\":{\"name\":\"rpalczewski\",\"@id\":\"https:\/\/zgk.lubkow.pl\/zgk\/#\/schema\/person\/3c8ec62eec9a728021ed36790a53c88f\"},\"headline\":\"Mo\u017cemy dostarczy\u0107 Ci osad komunalny\",\"datePublished\":\"2023-08-21T12:30:04+00:00\",\"dateModified\":\"2026-03-19T14:54:52+00:00\",\"mainEntityOfPage\":{\"@id\":\"https:\/\/zgk.lubkow.pl\/zgk\/mozemy-dostarczyc-ci-osad-komunalny\/\"},\"wordCount\":200,\"publisher\":{\"@id\":\"https:\/\/zgk.lubkow.pl\/zgk\/#organization\"},\"articleSection\":[\"Aktualno\u015bci\"],\"inLanguage\":\"pl-PL\"},{\"@type\":\"WebPage\",\"@id\":\"https:\/\/zgk.lubkow.pl\/zgk\/mozemy-dostarczyc-ci-osad-komunalny\/\",\"url\":\"https:\/\/zgk.lubkow.pl\/zgk\/mozemy-dostarczyc-ci-osad-komunalny\/\",\"name\":\"Mo\u017cemy dostarczy\u0107 Ci osad komunalny - Zak\u0142ad Gospodarki Komunalnej w Lubkowie Sp\u00f3\u0142ka z o.o.\",\"isPartOf\":{\"@id\":\"https:\/\/zgk.lubkow.pl\/zgk\/#website\"},\"datePublished\":\"2023-08-21T12:30:04+00:00\",\"dateModified\":\"2026-03-19T14:54:52+00:00\",\"breadcrumb\":{\"@id\":\"https:\/\/zgk.lubkow.pl\/zgk\/mozemy-dostarczyc-ci-osad-komunalny\/#breadcrumb\"},\"inLanguage\":\"pl-PL\",\"potentialAction\":[{\"@type\":\"ReadAction\",\"target\":[\"https:\/\/zgk.lubkow.pl\/zgk\/mozemy-dostarczyc-ci-osad-komunalny\/\"]}]},{\"@type\":\"BreadcrumbList\",\"@id\":\"https:\/\/zgk.lubkow.pl\/zgk\/mozemy-dostarczyc-ci-osad-komunalny\/#breadcrumb\",\"itemListElement\":[{\"@type\":\"ListItem\",\"position\":1,\"name\":\"Strona g\u0142\u00f3wna\",\"item\":\"https:\/\/zgk.lubkow.pl\/zgk\/\"},{\"@type\":\"ListItem\",\"position\":2,\"name\":\"Mo\u017cemy dostarczy\u0107 Ci osad komunalny\"}]},{\"@type\":\"WebSite\",\"@id\":\"https:\/\/zgk.lubkow.pl\/zgk\/#website\",\"url\":\"https:\/\/zgk.lubkow.pl\/zgk\/\",\"name\":\"Zak\u0142ad Gospodarki Komunalnej w Lubkowie Sp\u00f3\u0142ka z o.o.\",\"description\":\"\",\"publisher\":{\"@id\":\"https:\/\/zgk.lubkow.pl\/zgk\/#organization\"},\"potentialAction\":[{\"@type\":\"SearchAction\",\"target\":{\"@type\":\"EntryPoint\",\"urlTemplate\":\"https:\/\/zgk.lubkow.pl\/zgk\/?s={search_term_string}\"},\"query-input\":{\"@type\":\"PropertyValueSpecification\",\"valueRequired\":true,\"valueName\":\"search_term_string\"}}],\"inLanguage\":\"pl-PL\"},{\"@type\":\"Organization\",\"@id\":\"https:\/\/zgk.lubkow.pl\/zgk\/#organization\",\"name\":\"Zak\u0142ad Gospodarki Komunalnej w Lubkowie Sp\u00f3\u0142ka z o.o.\",\"url\":\"https:\/\/zgk.lubkow.pl\/zgk\/\",\"logo\":{\"@type\":\"ImageObject\",\"inLanguage\":\"pl-PL\",\"@id\":\"https:\/\/zgk.lubkow.pl\/zgk\/#\/schema\/logo\/image\/\",\"url\":\"https:\/\/zgk.lubkow.pl\/zgk\/wp-content\/uploads\/2026\/02\/logo-copy.webp\",\"contentUrl\":\"https:\/\/zgk.lubkow.pl\/zgk\/wp-content\/uploads\/2026\/02\/logo-copy.webp\",\"width\":844,\"height\":115,\"caption\":\"Zak\u0142ad Gospodarki Komunalnej w Lubkowie Sp\u00f3\u0142ka z o.o.\"},\"image\":{\"@id\":\"https:\/\/zgk.lubkow.pl\/zgk\/#\/schema\/logo\/image\/\"}},{\"@type\":\"Person\",\"@id\":\"https:\/\/zgk.lubkow.pl\/zgk\/#\/schema\/person\/3c8ec62eec9a728021ed36790a53c88f\",\"name\":\"rpalczewski\",\"image\":{\"@type\":\"ImageObject\",\"inLanguage\":\"pl-PL\",\"@id\":\"https:\/\/secure.gravatar.com\/avatar\/?s=96&d=mm&r=g\",\"url\":\"https:\/\/secure.gravatar.com\/avatar\/?s=96&d=mm&r=g\",\"contentUrl\":\"https:\/\/secure.gravatar.com\/avatar\/?s=96&d=mm&r=g\",\"caption\":\"rpalczewski\"},\"url\":\"https:\/\/zgk.lubkow.pl\/zgk\/author\/rpalczewski\/\"}]}<\/script>\n<!-- \/ Yoast SEO plugin. -->","yoast_head_json":{"title":"Mo\u017cemy dostarczy\u0107 Ci osad komunalny - Zak\u0142ad Gospodarki Komunalnej w Lubkowie Sp\u00f3\u0142ka z o.o.","robots":{"index":"index","follow":"follow","max-snippet":"max-snippet:-1","max-image-preview":"max-image-preview:large","max-video-preview":"max-video-preview:-1"},"canonical":"https:\/\/zgk.lubkow.pl\/zgk\/mozemy-dostarczyc-ci-osad-komunalny\/","og_locale":"pl_PL","og_type":"article","og_title":"Mo\u017cemy dostarczy\u0107 Ci osad komunalny - Zak\u0142ad Gospodarki Komunalnej w Lubkowie Sp\u00f3\u0142ka z o.o.","og_description":"Zak\u0142ad Gospodarki Komunalnej w Lubkowie sp. z o.o. informuje, \u017ce istnieje mo\u017cliwo\u015b\u0107 podj\u0119cia wsp\u00f3\u0142pracy w zakresie m.in. rolniczego wykorzystania komunalnych osad\u00f3w \u015bciekowych wytworzonych w Oczyszczalni \u015aciek\u00f3w w Tomaszowie Boles\u0142awieckim. Wytworzony w oczyszczalni osad \u015bciekowy jest bogaty w substancje organiczne i mineralne, a jednocze\u015bnie jest bezpieczny sanitarnie. Osad umo\u017cliwia zachowanie odpowiedniej struktury gleby, dostarcza ro\u015blinom substancji [&hellip;]","og_url":"https:\/\/zgk.lubkow.pl\/zgk\/mozemy-dostarczyc-ci-osad-komunalny\/","og_site_name":"Zak\u0142ad Gospodarki Komunalnej w Lubkowie Sp\u00f3\u0142ka z o.o.","article_published_time":"2023-08-21T12:30:04+00:00","article_modified_time":"2026-03-19T14:54:52+00:00","author":"rpalczewski","twitter_card":"summary_large_image","twitter_misc":{"Napisane przez":"rpalczewski","Szacowany czas czytania":"1 minuta"},"schema":{"@context":"https:\/\/schema.org","@graph":[{"@type":"Article","@id":"https:\/\/zgk.lubkow.pl\/zgk\/mozemy-dostarczyc-ci-osad-komunalny\/#article","isPartOf":{"@id":"https:\/\/zgk.lubkow.pl\/zgk\/mozemy-dostarczyc-ci-osad-komunalny\/"},"author":{"name":"rpalczewski","@id":"https:\/\/zgk.lubkow.pl\/zgk\/#\/schema\/person\/3c8ec62eec9a728021ed36790a53c88f"},"headline":"Mo\u017cemy dostarczy\u0107 Ci osad komunalny","datePublished":"2023-08-21T12:30:04+00:00","dateModified":"2026-03-19T14:54:52+00:00","mainEntityOfPage":{"@id":"https:\/\/zgk.lubkow.pl\/zgk\/mozemy-dostarczyc-ci-osad-komunalny\/"},"wordCount":200,"publisher":{"@id":"https:\/\/zgk.lubkow.pl\/zgk\/#organization"},"articleSection":["Aktualno\u015bci"],"inLanguage":"pl-PL"},{"@type":"WebPage","@id":"https:\/\/zgk.lubkow.pl\/zgk\/mozemy-dostarczyc-ci-osad-komunalny\/","url":"https:\/\/zgk.lubkow.pl\/zgk\/mozemy-dostarczyc-ci-osad-komunalny\/","name":"Mo\u017cemy dostarczy\u0107 Ci osad komunalny - Zak\u0142ad Gospodarki Komunalnej w Lubkowie Sp\u00f3\u0142ka z o.o.","isPartOf":{"@id":"https:\/\/zgk.lubkow.pl\/zgk\/#website"},"datePublished":"2023-08-21T12:30:04+00:00","dateModified":"2026-03-19T14:54:52+00:00","breadcrumb":{"@id":"https:\/\/zgk.lubkow.pl\/zgk\/mozemy-dostarczyc-ci-osad-komunalny\/#breadcrumb"},"inLanguage":"pl-PL","potentialAction":[{"@type":"ReadAction","target":["https:\/\/zgk.lubkow.pl\/zgk\/mozemy-dostarczyc-ci-osad-komunalny\/"]}]},{"@type":"BreadcrumbList","@id":"https:\/\/zgk.lubkow.pl\/zgk\/mozemy-dostarczyc-ci-osad-komunalny\/#breadcrumb","itemListElement":[{"@type":"ListItem","position":1,"name":"Strona g\u0142\u00f3wna","item":"https:\/\/zgk.lubkow.pl\/zgk\/"},{"@type":"ListItem","position":2,"name":"Mo\u017cemy dostarczy\u0107 Ci osad komunalny"}]},{"@type":"WebSite","@id":"https:\/\/zgk.lubkow.pl\/zgk\/#website","url":"https:\/\/zgk.lubkow.pl\/zgk\/","name":"Zak\u0142ad Gospodarki Komunalnej w Lubkowie Sp\u00f3\u0142ka z o.o.","description":"","publisher":{"@id":"https:\/\/zgk.lubkow.pl\/zgk\/#organization"},"potentialAction":[{"@type":"SearchAction","target":{"@type":"EntryPoint","urlTemplate":"https:\/\/zgk.lubkow.pl\/zgk\/?s={search_term_string}"},"query-input":{"@type":"PropertyValueSpecification","valueRequired":true,"valueName":"search_term_string"}}],"inLanguage":"pl-PL"},{"@type":"Organization","@id":"https:\/\/zgk.lubkow.pl\/zgk\/#organization","name":"Zak\u0142ad Gospodarki Komunalnej w Lubkowie Sp\u00f3\u0142ka z o.o.","url":"https:\/\/zgk.lubkow.pl\/zgk\/","logo":{"@type":"ImageObject","inLanguage":"pl-PL","@id":"https:\/\/zgk.lubkow.pl\/zgk\/#\/schema\/logo\/image\/","url":"https:\/\/zgk.lubkow.pl\/zgk\/wp-content\/uploads\/2026\/02\/logo-copy.webp","contentUrl":"https:\/\/zgk.lubkow.pl\/zgk\/wp-content\/uploads\/2026\/02\/logo-copy.webp","width":844,"height":115,"caption":"Zak\u0142ad Gospodarki Komunalnej w Lubkowie Sp\u00f3\u0142ka z o.o."},"image":{"@id":"https:\/\/zgk.lubkow.pl\/zgk\/#\/schema\/logo\/image\/"}},{"@type":"Person","@id":"https:\/\/zgk.lubkow.pl\/zgk\/#\/schema\/person\/3c8ec62eec9a728021ed36790a53c88f","name":"rpalczewski","image":{"@type":"ImageObject","inLanguage":"pl-PL","@id":"https:\/\/secure.gravatar.com\/avatar\/?s=96&d=mm&r=g","url":"https:\/\/secure.gravatar.com\/avatar\/?s=96&d=mm&r=g","contentUrl":"https:\/\/secure.gravatar.com\/avatar\/?s=96&d=mm&r=g","caption":"rpalczewski"},"url":"https:\/\/zgk.lubkow.pl\/zgk\/author\/rpalczewski\/"}]}},"_links":{"self":[{"href":"https:\/\/zgk.lubkow.pl\/zgk\/wp-json\/wp\/v2\/posts\/2861","targetHints":{"allow":["GET"]}}],"collection":[{"href":"https:\/\/zgk.lubkow.pl\/zgk\/wp-json\/wp\/v2\/posts"}],"about":[{"href":"https:\/\/zgk.lubkow.pl\/zgk\/wp-json\/wp\/v2\/types\/post"}],"author":[{"embeddable":true,"href":"https:\/\/zgk.lubkow.pl\/zgk\/wp-json\/wp\/v2\/users\/3"}],"replies":[{"embeddable":true,"href":"https:\/\/zgk.lubkow.pl\/zgk\/wp-json\/wp\/v2\/comments?post=2861"}],"version-history":[{"count":1,"href":"https:\/\/zgk.lubkow.pl\/zgk\/wp-json\/wp\/v2\/posts\/2861\/revisions"}],"predecessor-version":[{"id":4154,"href":"https:\/\/zgk.lubkow.pl\/zgk\/wp-json\/wp\/v2\/posts\/2861\/revisions\/4154"}],"wp:attachment":[{"href":"https:\/\/zgk.lubkow.pl\/zgk\/wp-json\/wp\/v2\/media?parent=2861"}],"wp:term":[{"taxonomy":"category","embeddable":true,"href":"https:\/\/zgk.lubkow.pl\/zgk\/wp-json\/wp\/v2\/categories?post=2861"},{"taxonomy":"post_tag","embeddable":true,"href":"https:\/\/zgk.lubkow.pl\/zgk\/wp-json\/wp\/v2\/tags?post=2861"}],"curies":[{"name":"wp","href":"https:\/\/api.w.org\/{rel}","templated":true}]}}