{"id":2426,"date":"2023-03-06T13:34:12","date_gmt":"2023-03-06T12:34:12","guid":{"rendered":"https:\/\/zgk.lubkow.pl\/zgk\/?p=2426"},"modified":"2026-02-16T13:10:05","modified_gmt":"2026-02-16T12:10:05","slug":"dzierzawa-pojazdow-do-odbioru-odpadow-smieciarek","status":"publish","type":"post","link":"https:\/\/zgk.lubkow.pl\/zgk\/dzierzawa-pojazdow-do-odbioru-odpadow-smieciarek\/","title":{"rendered":"Dzier\u017cawa pojazd\u00f3w do odbioru odpad\u00f3w (\u015bmieciarek)"},"content":{"rendered":"\t\t<div data-elementor-type=\"wp-post\" data-elementor-id=\"2426\" class=\"elementor elementor-2426\">\n\t\t\t\t\t\t<section class=\"elementor-section elementor-top-section elementor-element elementor-element-6ef29286 elementor-section-boxed elementor-section-height-default elementor-section-height-default\" data-id=\"6ef29286\" data-element_type=\"section\" data-e-type=\"section\">\n\t\t\t\t\t\t<div class=\"elementor-container elementor-column-gap-default\">\n\t\t\t\t\t<div class=\"elementor-column elementor-col-100 elementor-top-column elementor-element elementor-element-5d8a46bd\" data-id=\"5d8a46bd\" data-element_type=\"column\" data-e-type=\"column\">\n\t\t\t<div class=\"elementor-widget-wrap elementor-element-populated\">\n\t\t\t\t\t\t<div class=\"elementor-element elementor-element-1adce8eb elementor-widget elementor-widget-text-editor\" data-id=\"1adce8eb\" data-element_type=\"widget\" data-e-type=\"widget\" data-widget_type=\"text-editor.default\">\n\t\t\t\t\t\t\t\t\t\n<p><\/p>\n\n\n\n<p><\/p>\n\t\t\t\t\t\t\t\t<\/div>\n\t\t\t\t\t<\/div>\n\t\t<\/div>\n\t\t\t\t\t<\/div>\n\t\t<\/section>\n\t\t\t\t<section class=\"elementor-section elementor-top-section elementor-element elementor-element-df1f2b1 elementor-section-boxed elementor-section-height-default elementor-section-height-default\" data-id=\"df1f2b1\" data-element_type=\"section\" data-e-type=\"section\">\n\t\t\t\t\t\t<div class=\"elementor-container elementor-column-gap-default\">\n\t\t\t\t\t<div class=\"elementor-column elementor-col-100 elementor-top-column elementor-element elementor-element-26225c7\" data-id=\"26225c7\" data-element_type=\"column\" data-e-type=\"column\">\n\t\t\t<div class=\"elementor-widget-wrap elementor-element-populated\">\n\t\t\t\t\t\t<div class=\"elementor-element elementor-element-5a7c5c7 elementor-arrows-position-inside elementor-pagination-position-outside elementor-widget elementor-widget-image-carousel\" data-id=\"5a7c5c7\" data-element_type=\"widget\" data-e-type=\"widget\" data-settings=\"{&quot;navigation&quot;:&quot;both&quot;,&quot;autoplay&quot;:&quot;yes&quot;,&quot;pause_on_hover&quot;:&quot;yes&quot;,&quot;pause_on_interaction&quot;:&quot;yes&quot;,&quot;autoplay_speed&quot;:5000,&quot;infinite&quot;:&quot;yes&quot;,&quot;speed&quot;:500}\" data-widget_type=\"image-carousel.default\">\n\t\t\t\t\t\t\t<div class=\"elementor-image-carousel-wrapper swiper\" role=\"region\" aria-roledescription=\"carousel\" aria-label=\"Karuzela obrazk\u00f3w\" dir=\"ltr\">\n\t\t\t<div class=\"elementor-image-carousel swiper-wrapper\" aria-live=\"off\">\n\t\t\t\t\t\t\t\t<div class=\"swiper-slide\" role=\"group\" aria-roledescription=\"slide\" aria-label=\"1 z 6\"><figure class=\"swiper-slide-inner\"><img decoding=\"async\" class=\"swiper-slide-image\" src=\"https:\/\/zgk.lubkow.pl\/zgk\/wp-content\/uploads\/2023\/03\/20230306_124859-scaled-1-150x150.jpg\" alt=\"20230306_124859\" \/><\/figure><\/div><div class=\"swiper-slide\" role=\"group\" aria-roledescription=\"slide\" aria-label=\"2 z 6\"><figure class=\"swiper-slide-inner\"><img decoding=\"async\" class=\"swiper-slide-image\" src=\"https:\/\/zgk.lubkow.pl\/zgk\/wp-content\/uploads\/2023\/03\/20230306_124926-scaled-1-150x150.jpg\" alt=\"20230306_124926\" \/><\/figure><\/div><div class=\"swiper-slide\" role=\"group\" aria-roledescription=\"slide\" aria-label=\"3 z 6\"><figure class=\"swiper-slide-inner\"><img decoding=\"async\" class=\"swiper-slide-image\" src=\"https:\/\/zgk.lubkow.pl\/zgk\/wp-content\/uploads\/2023\/03\/20230306_125121-scaled-1-150x150.jpg\" alt=\"20230306_125121\" \/><\/figure><\/div><div class=\"swiper-slide\" role=\"group\" aria-roledescription=\"slide\" aria-label=\"4 z 6\"><figure class=\"swiper-slide-inner\"><img decoding=\"async\" class=\"swiper-slide-image\" src=\"https:\/\/zgk.lubkow.pl\/zgk\/wp-content\/uploads\/2023\/03\/20230306_125208-scaled-1-150x150.jpg\" alt=\"20230306_125208\" \/><\/figure><\/div><div class=\"swiper-slide\" role=\"group\" aria-roledescription=\"slide\" aria-label=\"5 z 6\"><figure class=\"swiper-slide-inner\"><img decoding=\"async\" class=\"swiper-slide-image\" src=\"https:\/\/zgk.lubkow.pl\/zgk\/wp-content\/uploads\/2023\/03\/20230306_125224-scaled-1-150x150.jpg\" alt=\"20230306_125224\" \/><\/figure><\/div><div class=\"swiper-slide\" role=\"group\" aria-roledescription=\"slide\" aria-label=\"6 z 6\"><figure class=\"swiper-slide-inner\"><img decoding=\"async\" class=\"swiper-slide-image\" src=\"https:\/\/zgk.lubkow.pl\/zgk\/wp-content\/uploads\/2023\/03\/20230306_124950-scaled-1-150x150.jpg\" alt=\"20230306_124950\" \/><\/figure><\/div>\t\t\t<\/div>\n\t\t\t\t\t\t\t\t\t\t\t\t<div class=\"elementor-swiper-button elementor-swiper-button-prev\" role=\"button\" tabindex=\"0\">\n\t\t\t\t\t\t<svg aria-hidden=\"true\" class=\"e-font-icon-svg e-eicon-chevron-left\" viewBox=\"0 0 1000 1000\" xmlns=\"http:\/\/www.w3.org\/2000\/svg\"><path d=\"M646 125C629 125 613 133 604 142L308 442C296 454 292 471 292 487 292 504 296 521 308 533L604 854C617 867 629 875 646 875 663 875 679 871 692 858 704 846 713 829 713 812 713 796 708 779 692 767L438 487 692 225C700 217 708 204 708 187 708 171 704 154 692 142 675 129 663 125 646 125Z\"><\/path><\/svg>\t\t\t\t\t<\/div>\n\t\t\t\t\t<div class=\"elementor-swiper-button elementor-swiper-button-next\" role=\"button\" tabindex=\"0\">\n\t\t\t\t\t\t<svg aria-hidden=\"true\" class=\"e-font-icon-svg e-eicon-chevron-right\" viewBox=\"0 0 1000 1000\" xmlns=\"http:\/\/www.w3.org\/2000\/svg\"><path d=\"M696 533C708 521 713 504 713 487 713 471 708 454 696 446L400 146C388 133 375 125 354 125 338 125 325 129 313 142 300 154 292 171 292 187 292 204 296 221 308 233L563 492 304 771C292 783 288 800 288 817 288 833 296 850 308 863 321 871 338 875 354 875 371 875 388 867 400 854L696 533Z\"><\/path><\/svg>\t\t\t\t\t<\/div>\n\t\t\t\t\n\t\t\t\t\t\t\t\t\t<div class=\"swiper-pagination\"><\/div>\n\t\t\t\t\t\t\t\t\t<\/div>\n\t\t\t\t\t\t<\/div>\n\t\t\t\t<div class=\"elementor-element elementor-element-f7bae41 elementor-widget elementor-widget-text-editor\" data-id=\"f7bae41\" data-element_type=\"widget\" data-e-type=\"widget\" data-widget_type=\"text-editor.default\">\n\t\t\t\t\t\t\t\t\t<p><strong>Wydzier\u017cawiaj\u0105cy &#8211; Zak\u0142ad Gospodarki Komunalnej w Lubkowie Sp z o.o. z\/s \u00a0w Lubkowie 63, 59-720 Lubk\u00f3w, oferuje do wydzier\u017cawienia dwa samochody przystosowane do odbioru odpad\u00f3w komunalnych (\u015bmieciarki) :<\/strong><\/p>\n<p>\u00a0<\/p>\n<ol>\n<li><strong>SAMOCH\u00d3D M-RKI Scania P-320 , Zabudowa EKOCELL ZOELLER GROUP \u0142adowno\u015b\u0107 11 440 kg, rok prod. 2016, EURO6.<\/strong><\/li>\n<\/ol>\n<p>Dzier\u017cawca b\u0119dzie zobowi\u0105zany do ubezpieczenia samochodu w zakresie OC i AC \u2013 lub alternatywnie dop\u0142ata do miesi\u0119cznej op\u0142aty za dzier\u017caw\u0119 w wys. 1\/12 koszt\u00f3w ubezpieczenia ponoszonego przez Sp\u00f3\u0142k\u0119 przez czas trwania dzier\u017cawy (plus podatek Vat).<\/p>\n<p>Samoch\u00f3d posiada system GPS,<\/p>\n<p>Samoch\u00f3d nie posiada systemu ETOLL<\/p>\n<p>Naprawy i serwisy : koszty ponosi Dzier\u017cawca.<\/p>\n<p>Dzier\u017cawca jest ograniczony umownie w zakresie poddzier\u017cawiania innym.<\/p>\n<p>Umowa na okres nie mniejszy ni\u017c 12 miesi\u0119cy z opcj\u0105 przed\u0142u\u017cenia.<\/p>\n<p>\u00a0<\/p>\n<ol start=\"2\">\n<li><strong>SAMOCH\u00d3D M-RKI DAF LF55.220G18\/SM, zabudowa WUKO \u0142adowno\u015b\u0107 7085 kg, rok prod. 2008, EURO 4<\/strong><\/li>\n<\/ol>\n<p>Dzier\u017cawca b\u0119dzie zobowi\u0105zany do ubezpieczenia samochodu w zakresie OC i AC \u2013 lub alternatywnie dop\u0142ata do miesi\u0119cznej op\u0142aty za dzier\u017caw\u0119 w wys. 1\/12 koszt\u00f3w ubezpieczenia ponoszonego przez Sp\u00f3\u0142k\u0119 przez czas trwania dzier\u017cawy (plus podatek Vat).<\/p>\n<p>Samoch\u00f3d posiada system GPS,<\/p>\n<p>Samoch\u00f3d nie posiada systemu ETOLL<\/p>\n<p>Naprawy i serwisy : koszty ponosi Dzier\u017cawca.<\/p>\n<p>Wydzier\u017cawiaj\u0105cy ograniczony umownie w zakresie poddzier\u017cawiania innym.<\/p>\n<p>Umowa na okres nie mniejszy ni\u017c 12 miesi\u0119cy z opcj\u0105 przed\u0142u\u017cenia.<\/p>\n<p>\u00a0<\/p>\n<ol start=\"3\">\n<li><strong>POSTANOWIENIA OG\u00d3LNE:<\/strong><\/li>\n<\/ol>\n<p>Odbi\u00f3r samochod\u00f3w na bazie Sp\u00f3\u0142ki, na koszt dzier\u017cawcy<\/p>\n<p>Zainteresowani powinni z\u0142o\u017cy\u0107 ofert\u0119 na \u201ewydzier\u017cawienie samochodu\/samochod\u00f3w ze wskazaniem :<\/p>\n<ol>\n<li>Pe\u0142nych danych dzier\u017cawcy \u2013 w tym os\u00f3b do jego reprezentacji,<\/li>\n<li>Wysoko\u015b\u0107 miesi\u0119cznej op\u0142aty z tytu\u0142u umowy dzier\u017cawy za ka\u017cdy samoch\u00f3d odr\u0119bnie,<\/li>\n<li>Wskazanie wybranej formy ubezpieczenia,<\/li>\n<li>Okresu dzier\u017cawy (nie mniej ni\u017c na okres 12 miesi\u0119cy),<\/li>\n<\/ol>\n<p>Oferty mo\u017cna sk\u0142ada\u0107 pisemnie lub elektronicznie na adres <a href=\"mailto:sekretariat@lubk\u00f3w.pl\">sekretariat@lubkow.pl<\/a>\u00a0do dnia 10.03.2023 r. do godz. 15.<\/p>\n<p>\u00a0<\/p>\n<p>Do op\u0142aty zostanie doliczony podatek Vat.<\/p>\n<p>W przypadku wi\u0119cej ni\u017c jednej oferty na jeden pojazd decyduje zaproponowana wysoko\u015b\u0107 op\u0142aty miesiecznej.<\/p>\n<p>Warunkiem zawarcia umowy b\u0119dzie wp\u0142acenie kaucji za ka\u017cdy samoch\u00f3d w wysoko\u015bci 10\u00a0000 z\u0142 (s\u0142. dziesi\u0119\u0107 tysi\u0119cy z\u0142otych) za ka\u017cdy samoch\u00f3d. (Kaucja zwrotna po rozwi\u0105zaniu umowy).<\/p>\n<p>Wydzier\u017cawiaj\u0105cy zastrzega sobie prawo do nieprzyj\u0119cia oferty.<\/p>\n<p>\u00a0<\/p>\n<p>\u00a0 \u00a0 \u00a0 \u00a0 \u00a0 \u00a0 \u00a0 \u00a0 \u00a0 \u00a0 \u00a0 \u00a0 \u00a0 \u00a0 \u00a0 \u00a0 \u00a0 \u00a0 \u00a0 \u00a0 \u00a0 \u00a0 \u00a0 \u00a0 \u00a0 \u00a0 \u00a0 \u00a0 \u00a0 \u00a0 \u00a0 \u00a0 \u00a0 \u00a0 \u00a0 \u00a0 \u00a0 \u00a0 \u00a0 \u00a0 \u00a0 \u00a0 \u00a0 \u00a0 \u00a0 \u00a0 \u00a0 \u00a0 \u00a0 \u00a0 \u00a0 \u00a0 \u00a0 \u00a0 \u00a0<strong>PREZES ZARZ\u0104DU<\/strong><\/p>\n<p><strong>\u00a0\u00a0\u00a0\u00a0\u00a0\u00a0\u00a0\u00a0\u00a0\u00a0\u00a0\u00a0\u00a0\u00a0\u00a0\u00a0\u00a0\u00a0\u00a0\u00a0\u00a0\u00a0\u00a0\u00a0\u00a0\u00a0\u00a0\u00a0\u00a0\u00a0\u00a0\u00a0\u00a0\u00a0\u00a0\u00a0\u00a0\u00a0\u00a0\u00a0\u00a0\u00a0\u00a0\u00a0\u00a0\u00a0\u00a0\u00a0\u00a0\u00a0\u00a0\u00a0\u00a0\u00a0\u00a0\u00a0\u00a0\u00a0\u00a0\u00a0\u00a0\u00a0\u00a0\u00a0\u00a0\u00a0\u00a0\u00a0\u00a0\u00a0\u00a0\u00a0\u00a0\u00a0\u00a0\u00a0\u00a0\u00a0\u00a0\u00a0\u00a0\u00a0\u00a0\u00a0\u00a0\u00a0\u00a0\u00a0\u00a0\u00a0\u00a0\u00a0\u00a0\u00a0\u00a0\u00a0\u00a0\u00a0\u00a0 RADOS\u0141AW PALCZEWSKI<\/strong><\/p>\t\t\t\t\t\t\t\t<\/div>\n\t\t\t\t\t<\/div>\n\t\t<\/div>\n\t\t\t\t\t<\/div>\n\t\t<\/section>\n\t\t\t\t<\/div>\n\t\t","protected":false},"excerpt":{"rendered":"<p>Poprzednie Nast\u0119pne Wydzier\u017cawiaj\u0105cy &#8211; Zak\u0142ad Gospodarki Komunalnej w Lubkowie Sp z o.o. z\/s &nbsp;w Lubkowie 63, 59-720 Lubk\u00f3w, oferuje do wydzier\u017cawienia dwa samochody przystosowane do odbioru odpad\u00f3w komunalnych (\u015bmieciarki) : SAMOCH\u00d3D M-RKI Scania P-320 , Zabudowa EKOCELL ZOELLER GROUP \u0142adowno\u015b\u0107 11 440 kg, rok prod. 2016, EURO6. Dzier\u017cawca b\u0119dzie zobowi\u0105zany do ubezpieczenia samochodu w zakresie [&hellip;]<\/p>\n","protected":false},"author":3,"featured_media":0,"comment_status":"closed","ping_status":"closed","sticky":false,"template":"","format":"standard","meta":{"footnotes":""},"categories":[8],"tags":[],"class_list":["post-2426","post","type-post","status-publish","format-standard","hentry","category-aktualnosci"],"yoast_head":"<!-- This site is optimized with the Yoast SEO plugin v27.2 - https:\/\/yoast.com\/product\/yoast-seo-wordpress\/ -->\n<title>Dzier\u017cawa pojazd\u00f3w do odbioru odpad\u00f3w (\u015bmieciarek) - Zak\u0142ad Gospodarki Komunalnej w Lubkowie Sp\u00f3\u0142ka z o.o.<\/title>\n<meta name=\"robots\" content=\"index, follow, max-snippet:-1, max-image-preview:large, max-video-preview:-1\" \/>\n<link rel=\"canonical\" href=\"https:\/\/zgk.lubkow.pl\/zgk\/dzierzawa-pojazdow-do-odbioru-odpadow-smieciarek\/\" \/>\n<meta property=\"og:locale\" content=\"pl_PL\" \/>\n<meta property=\"og:type\" content=\"article\" \/>\n<meta property=\"og:title\" content=\"Dzier\u017cawa pojazd\u00f3w do odbioru odpad\u00f3w (\u015bmieciarek) - Zak\u0142ad Gospodarki Komunalnej w Lubkowie Sp\u00f3\u0142ka z o.o.\" \/>\n<meta property=\"og:description\" content=\"Poprzednie Nast\u0119pne Wydzier\u017cawiaj\u0105cy &#8211; Zak\u0142ad Gospodarki Komunalnej w Lubkowie Sp z o.o. z\/s &nbsp;w Lubkowie 63, 59-720 Lubk\u00f3w, oferuje do wydzier\u017cawienia dwa samochody przystosowane do odbioru odpad\u00f3w komunalnych (\u015bmieciarki) : SAMOCH\u00d3D M-RKI Scania P-320 , Zabudowa EKOCELL ZOELLER GROUP \u0142adowno\u015b\u0107 11 440 kg, rok prod. 2016, EURO6. Dzier\u017cawca b\u0119dzie zobowi\u0105zany do ubezpieczenia samochodu w zakresie [&hellip;]\" \/>\n<meta property=\"og:url\" content=\"https:\/\/zgk.lubkow.pl\/zgk\/dzierzawa-pojazdow-do-odbioru-odpadow-smieciarek\/\" \/>\n<meta property=\"og:site_name\" content=\"Zak\u0142ad Gospodarki Komunalnej w Lubkowie Sp\u00f3\u0142ka z o.o.\" \/>\n<meta property=\"article:published_time\" content=\"2023-03-06T12:34:12+00:00\" \/>\n<meta property=\"article:modified_time\" content=\"2026-02-16T12:10:05+00:00\" \/>\n<meta property=\"og:image\" content=\"https:\/\/gzgk.home.pl\/zgk\/wp-content\/uploads\/2023\/03\/20230306_124859-150x150.jpg\" \/>\n<meta name=\"author\" content=\"rpalczewski\" \/>\n<meta name=\"twitter:card\" content=\"summary_large_image\" \/>\n<meta name=\"twitter:label1\" content=\"Napisane przez\" \/>\n\t<meta name=\"twitter:data1\" content=\"rpalczewski\" \/>\n<script type=\"application\/ld+json\" class=\"yoast-schema-graph\">{\"@context\":\"https:\/\/schema.org\",\"@graph\":[{\"@type\":\"Article\",\"@id\":\"https:\/\/zgk.lubkow.pl\/zgk\/dzierzawa-pojazdow-do-odbioru-odpadow-smieciarek\/#article\",\"isPartOf\":{\"@id\":\"https:\/\/zgk.lubkow.pl\/zgk\/dzierzawa-pojazdow-do-odbioru-odpadow-smieciarek\/\"},\"author\":{\"name\":\"rpalczewski\",\"@id\":\"https:\/\/zgk.lubkow.pl\/zgk\/#\/schema\/person\/3c8ec62eec9a728021ed36790a53c88f\"},\"headline\":\"Dzier\u017cawa pojazd\u00f3w do odbioru odpad\u00f3w (\u015bmieciarek)\",\"datePublished\":\"2023-03-06T12:34:12+00:00\",\"dateModified\":\"2026-02-16T12:10:05+00:00\",\"mainEntityOfPage\":{\"@id\":\"https:\/\/zgk.lubkow.pl\/zgk\/dzierzawa-pojazdow-do-odbioru-odpadow-smieciarek\/\"},\"wordCount\":563,\"publisher\":{\"@id\":\"https:\/\/zgk.lubkow.pl\/zgk\/#organization\"},\"image\":{\"@id\":\"https:\/\/zgk.lubkow.pl\/zgk\/dzierzawa-pojazdow-do-odbioru-odpadow-smieciarek\/#primaryimage\"},\"thumbnailUrl\":\"https:\/\/gzgk.home.pl\/zgk\/wp-content\/uploads\/2023\/03\/20230306_124859-150x150.jpg\",\"articleSection\":[\"Aktualno\u015bci\"],\"inLanguage\":\"pl-PL\"},{\"@type\":\"WebPage\",\"@id\":\"https:\/\/zgk.lubkow.pl\/zgk\/dzierzawa-pojazdow-do-odbioru-odpadow-smieciarek\/\",\"url\":\"https:\/\/zgk.lubkow.pl\/zgk\/dzierzawa-pojazdow-do-odbioru-odpadow-smieciarek\/\",\"name\":\"Dzier\u017cawa pojazd\u00f3w do odbioru odpad\u00f3w (\u015bmieciarek) - Zak\u0142ad Gospodarki Komunalnej w Lubkowie Sp\u00f3\u0142ka z o.o.\",\"isPartOf\":{\"@id\":\"https:\/\/zgk.lubkow.pl\/zgk\/#website\"},\"primaryImageOfPage\":{\"@id\":\"https:\/\/zgk.lubkow.pl\/zgk\/dzierzawa-pojazdow-do-odbioru-odpadow-smieciarek\/#primaryimage\"},\"image\":{\"@id\":\"https:\/\/zgk.lubkow.pl\/zgk\/dzierzawa-pojazdow-do-odbioru-odpadow-smieciarek\/#primaryimage\"},\"thumbnailUrl\":\"https:\/\/gzgk.home.pl\/zgk\/wp-content\/uploads\/2023\/03\/20230306_124859-150x150.jpg\",\"datePublished\":\"2023-03-06T12:34:12+00:00\",\"dateModified\":\"2026-02-16T12:10:05+00:00\",\"breadcrumb\":{\"@id\":\"https:\/\/zgk.lubkow.pl\/zgk\/dzierzawa-pojazdow-do-odbioru-odpadow-smieciarek\/#breadcrumb\"},\"inLanguage\":\"pl-PL\",\"potentialAction\":[{\"@type\":\"ReadAction\",\"target\":[\"https:\/\/zgk.lubkow.pl\/zgk\/dzierzawa-pojazdow-do-odbioru-odpadow-smieciarek\/\"]}]},{\"@type\":\"ImageObject\",\"inLanguage\":\"pl-PL\",\"@id\":\"https:\/\/zgk.lubkow.pl\/zgk\/dzierzawa-pojazdow-do-odbioru-odpadow-smieciarek\/#primaryimage\",\"url\":\"https:\/\/gzgk.home.pl\/zgk\/wp-content\/uploads\/2023\/03\/20230306_124859-150x150.jpg\",\"contentUrl\":\"https:\/\/gzgk.home.pl\/zgk\/wp-content\/uploads\/2023\/03\/20230306_124859-150x150.jpg\"},{\"@type\":\"BreadcrumbList\",\"@id\":\"https:\/\/zgk.lubkow.pl\/zgk\/dzierzawa-pojazdow-do-odbioru-odpadow-smieciarek\/#breadcrumb\",\"itemListElement\":[{\"@type\":\"ListItem\",\"position\":1,\"name\":\"Strona g\u0142\u00f3wna\",\"item\":\"https:\/\/zgk.lubkow.pl\/zgk\/\"},{\"@type\":\"ListItem\",\"position\":2,\"name\":\"Dzier\u017cawa pojazd\u00f3w do odbioru odpad\u00f3w (\u015bmieciarek)\"}]},{\"@type\":\"WebSite\",\"@id\":\"https:\/\/zgk.lubkow.pl\/zgk\/#website\",\"url\":\"https:\/\/zgk.lubkow.pl\/zgk\/\",\"name\":\"Zak\u0142ad Gospodarki Komunalnej w Lubkowie Sp\u00f3\u0142ka z o.o.\",\"description\":\"\",\"publisher\":{\"@id\":\"https:\/\/zgk.lubkow.pl\/zgk\/#organization\"},\"potentialAction\":[{\"@type\":\"SearchAction\",\"target\":{\"@type\":\"EntryPoint\",\"urlTemplate\":\"https:\/\/zgk.lubkow.pl\/zgk\/?s={search_term_string}\"},\"query-input\":{\"@type\":\"PropertyValueSpecification\",\"valueRequired\":true,\"valueName\":\"search_term_string\"}}],\"inLanguage\":\"pl-PL\"},{\"@type\":\"Organization\",\"@id\":\"https:\/\/zgk.lubkow.pl\/zgk\/#organization\",\"name\":\"Zak\u0142ad Gospodarki Komunalnej w Lubkowie Sp\u00f3\u0142ka z o.o.\",\"url\":\"https:\/\/zgk.lubkow.pl\/zgk\/\",\"logo\":{\"@type\":\"ImageObject\",\"inLanguage\":\"pl-PL\",\"@id\":\"https:\/\/zgk.lubkow.pl\/zgk\/#\/schema\/logo\/image\/\",\"url\":\"https:\/\/zgk.lubkow.pl\/zgk\/wp-content\/uploads\/2026\/02\/logo-copy.webp\",\"contentUrl\":\"https:\/\/zgk.lubkow.pl\/zgk\/wp-content\/uploads\/2026\/02\/logo-copy.webp\",\"width\":844,\"height\":115,\"caption\":\"Zak\u0142ad Gospodarki Komunalnej w Lubkowie Sp\u00f3\u0142ka z o.o.\"},\"image\":{\"@id\":\"https:\/\/zgk.lubkow.pl\/zgk\/#\/schema\/logo\/image\/\"}},{\"@type\":\"Person\",\"@id\":\"https:\/\/zgk.lubkow.pl\/zgk\/#\/schema\/person\/3c8ec62eec9a728021ed36790a53c88f\",\"name\":\"rpalczewski\",\"image\":{\"@type\":\"ImageObject\",\"inLanguage\":\"pl-PL\",\"@id\":\"https:\/\/secure.gravatar.com\/avatar\/?s=96&d=mm&r=g\",\"url\":\"https:\/\/secure.gravatar.com\/avatar\/?s=96&d=mm&r=g\",\"contentUrl\":\"https:\/\/secure.gravatar.com\/avatar\/?s=96&d=mm&r=g\",\"caption\":\"rpalczewski\"},\"url\":\"https:\/\/zgk.lubkow.pl\/zgk\/author\/rpalczewski\/\"}]}<\/script>\n<!-- \/ Yoast SEO plugin. -->","yoast_head_json":{"title":"Dzier\u017cawa pojazd\u00f3w do odbioru odpad\u00f3w (\u015bmieciarek) - Zak\u0142ad Gospodarki Komunalnej w Lubkowie Sp\u00f3\u0142ka z o.o.","robots":{"index":"index","follow":"follow","max-snippet":"max-snippet:-1","max-image-preview":"max-image-preview:large","max-video-preview":"max-video-preview:-1"},"canonical":"https:\/\/zgk.lubkow.pl\/zgk\/dzierzawa-pojazdow-do-odbioru-odpadow-smieciarek\/","og_locale":"pl_PL","og_type":"article","og_title":"Dzier\u017cawa pojazd\u00f3w do odbioru odpad\u00f3w (\u015bmieciarek) - Zak\u0142ad Gospodarki Komunalnej w Lubkowie Sp\u00f3\u0142ka z o.o.","og_description":"Poprzednie Nast\u0119pne Wydzier\u017cawiaj\u0105cy &#8211; Zak\u0142ad Gospodarki Komunalnej w Lubkowie Sp z o.o. z\/s &nbsp;w Lubkowie 63, 59-720 Lubk\u00f3w, oferuje do wydzier\u017cawienia dwa samochody przystosowane do odbioru odpad\u00f3w komunalnych (\u015bmieciarki) : SAMOCH\u00d3D M-RKI Scania P-320 , Zabudowa EKOCELL ZOELLER GROUP \u0142adowno\u015b\u0107 11 440 kg, rok prod. 2016, EURO6. Dzier\u017cawca b\u0119dzie zobowi\u0105zany do ubezpieczenia samochodu w zakresie [&hellip;]","og_url":"https:\/\/zgk.lubkow.pl\/zgk\/dzierzawa-pojazdow-do-odbioru-odpadow-smieciarek\/","og_site_name":"Zak\u0142ad Gospodarki Komunalnej w Lubkowie Sp\u00f3\u0142ka z o.o.","article_published_time":"2023-03-06T12:34:12+00:00","article_modified_time":"2026-02-16T12:10:05+00:00","og_image":[{"url":"https:\/\/gzgk.home.pl\/zgk\/wp-content\/uploads\/2023\/03\/20230306_124859-150x150.jpg","type":"","width":"","height":""}],"author":"rpalczewski","twitter_card":"summary_large_image","twitter_misc":{"Napisane przez":"rpalczewski"},"schema":{"@context":"https:\/\/schema.org","@graph":[{"@type":"Article","@id":"https:\/\/zgk.lubkow.pl\/zgk\/dzierzawa-pojazdow-do-odbioru-odpadow-smieciarek\/#article","isPartOf":{"@id":"https:\/\/zgk.lubkow.pl\/zgk\/dzierzawa-pojazdow-do-odbioru-odpadow-smieciarek\/"},"author":{"name":"rpalczewski","@id":"https:\/\/zgk.lubkow.pl\/zgk\/#\/schema\/person\/3c8ec62eec9a728021ed36790a53c88f"},"headline":"Dzier\u017cawa pojazd\u00f3w do odbioru odpad\u00f3w (\u015bmieciarek)","datePublished":"2023-03-06T12:34:12+00:00","dateModified":"2026-02-16T12:10:05+00:00","mainEntityOfPage":{"@id":"https:\/\/zgk.lubkow.pl\/zgk\/dzierzawa-pojazdow-do-odbioru-odpadow-smieciarek\/"},"wordCount":563,"publisher":{"@id":"https:\/\/zgk.lubkow.pl\/zgk\/#organization"},"image":{"@id":"https:\/\/zgk.lubkow.pl\/zgk\/dzierzawa-pojazdow-do-odbioru-odpadow-smieciarek\/#primaryimage"},"thumbnailUrl":"https:\/\/gzgk.home.pl\/zgk\/wp-content\/uploads\/2023\/03\/20230306_124859-150x150.jpg","articleSection":["Aktualno\u015bci"],"inLanguage":"pl-PL"},{"@type":"WebPage","@id":"https:\/\/zgk.lubkow.pl\/zgk\/dzierzawa-pojazdow-do-odbioru-odpadow-smieciarek\/","url":"https:\/\/zgk.lubkow.pl\/zgk\/dzierzawa-pojazdow-do-odbioru-odpadow-smieciarek\/","name":"Dzier\u017cawa pojazd\u00f3w do odbioru odpad\u00f3w (\u015bmieciarek) - Zak\u0142ad Gospodarki Komunalnej w Lubkowie Sp\u00f3\u0142ka z o.o.","isPartOf":{"@id":"https:\/\/zgk.lubkow.pl\/zgk\/#website"},"primaryImageOfPage":{"@id":"https:\/\/zgk.lubkow.pl\/zgk\/dzierzawa-pojazdow-do-odbioru-odpadow-smieciarek\/#primaryimage"},"image":{"@id":"https:\/\/zgk.lubkow.pl\/zgk\/dzierzawa-pojazdow-do-odbioru-odpadow-smieciarek\/#primaryimage"},"thumbnailUrl":"https:\/\/gzgk.home.pl\/zgk\/wp-content\/uploads\/2023\/03\/20230306_124859-150x150.jpg","datePublished":"2023-03-06T12:34:12+00:00","dateModified":"2026-02-16T12:10:05+00:00","breadcrumb":{"@id":"https:\/\/zgk.lubkow.pl\/zgk\/dzierzawa-pojazdow-do-odbioru-odpadow-smieciarek\/#breadcrumb"},"inLanguage":"pl-PL","potentialAction":[{"@type":"ReadAction","target":["https:\/\/zgk.lubkow.pl\/zgk\/dzierzawa-pojazdow-do-odbioru-odpadow-smieciarek\/"]}]},{"@type":"ImageObject","inLanguage":"pl-PL","@id":"https:\/\/zgk.lubkow.pl\/zgk\/dzierzawa-pojazdow-do-odbioru-odpadow-smieciarek\/#primaryimage","url":"https:\/\/gzgk.home.pl\/zgk\/wp-content\/uploads\/2023\/03\/20230306_124859-150x150.jpg","contentUrl":"https:\/\/gzgk.home.pl\/zgk\/wp-content\/uploads\/2023\/03\/20230306_124859-150x150.jpg"},{"@type":"BreadcrumbList","@id":"https:\/\/zgk.lubkow.pl\/zgk\/dzierzawa-pojazdow-do-odbioru-odpadow-smieciarek\/#breadcrumb","itemListElement":[{"@type":"ListItem","position":1,"name":"Strona g\u0142\u00f3wna","item":"https:\/\/zgk.lubkow.pl\/zgk\/"},{"@type":"ListItem","position":2,"name":"Dzier\u017cawa pojazd\u00f3w do odbioru odpad\u00f3w (\u015bmieciarek)"}]},{"@type":"WebSite","@id":"https:\/\/zgk.lubkow.pl\/zgk\/#website","url":"https:\/\/zgk.lubkow.pl\/zgk\/","name":"Zak\u0142ad Gospodarki Komunalnej w Lubkowie Sp\u00f3\u0142ka z o.o.","description":"","publisher":{"@id":"https:\/\/zgk.lubkow.pl\/zgk\/#organization"},"potentialAction":[{"@type":"SearchAction","target":{"@type":"EntryPoint","urlTemplate":"https:\/\/zgk.lubkow.pl\/zgk\/?s={search_term_string}"},"query-input":{"@type":"PropertyValueSpecification","valueRequired":true,"valueName":"search_term_string"}}],"inLanguage":"pl-PL"},{"@type":"Organization","@id":"https:\/\/zgk.lubkow.pl\/zgk\/#organization","name":"Zak\u0142ad Gospodarki Komunalnej w Lubkowie Sp\u00f3\u0142ka z o.o.","url":"https:\/\/zgk.lubkow.pl\/zgk\/","logo":{"@type":"ImageObject","inLanguage":"pl-PL","@id":"https:\/\/zgk.lubkow.pl\/zgk\/#\/schema\/logo\/image\/","url":"https:\/\/zgk.lubkow.pl\/zgk\/wp-content\/uploads\/2026\/02\/logo-copy.webp","contentUrl":"https:\/\/zgk.lubkow.pl\/zgk\/wp-content\/uploads\/2026\/02\/logo-copy.webp","width":844,"height":115,"caption":"Zak\u0142ad Gospodarki Komunalnej w Lubkowie Sp\u00f3\u0142ka z o.o."},"image":{"@id":"https:\/\/zgk.lubkow.pl\/zgk\/#\/schema\/logo\/image\/"}},{"@type":"Person","@id":"https:\/\/zgk.lubkow.pl\/zgk\/#\/schema\/person\/3c8ec62eec9a728021ed36790a53c88f","name":"rpalczewski","image":{"@type":"ImageObject","inLanguage":"pl-PL","@id":"https:\/\/secure.gravatar.com\/avatar\/?s=96&d=mm&r=g","url":"https:\/\/secure.gravatar.com\/avatar\/?s=96&d=mm&r=g","contentUrl":"https:\/\/secure.gravatar.com\/avatar\/?s=96&d=mm&r=g","caption":"rpalczewski"},"url":"https:\/\/zgk.lubkow.pl\/zgk\/author\/rpalczewski\/"}]}},"_links":{"self":[{"href":"https:\/\/zgk.lubkow.pl\/zgk\/wp-json\/wp\/v2\/posts\/2426","targetHints":{"allow":["GET"]}}],"collection":[{"href":"https:\/\/zgk.lubkow.pl\/zgk\/wp-json\/wp\/v2\/posts"}],"about":[{"href":"https:\/\/zgk.lubkow.pl\/zgk\/wp-json\/wp\/v2\/types\/post"}],"author":[{"embeddable":true,"href":"https:\/\/zgk.lubkow.pl\/zgk\/wp-json\/wp\/v2\/users\/3"}],"replies":[{"embeddable":true,"href":"https:\/\/zgk.lubkow.pl\/zgk\/wp-json\/wp\/v2\/comments?post=2426"}],"version-history":[{"count":1,"href":"https:\/\/zgk.lubkow.pl\/zgk\/wp-json\/wp\/v2\/posts\/2426\/revisions"}],"predecessor-version":[{"id":4173,"href":"https:\/\/zgk.lubkow.pl\/zgk\/wp-json\/wp\/v2\/posts\/2426\/revisions\/4173"}],"wp:attachment":[{"href":"https:\/\/zgk.lubkow.pl\/zgk\/wp-json\/wp\/v2\/media?parent=2426"}],"wp:term":[{"taxonomy":"category","embeddable":true,"href":"https:\/\/zgk.lubkow.pl\/zgk\/wp-json\/wp\/v2\/categories?post=2426"},{"taxonomy":"post_tag","embeddable":true,"href":"https:\/\/zgk.lubkow.pl\/zgk\/wp-json\/wp\/v2\/tags?post=2426"}],"curies":[{"name":"wp","href":"https:\/\/api.w.org\/{rel}","templated":true}]}}