{"id":1634,"date":"2022-06-15T10:11:32","date_gmt":"2022-06-15T08:11:32","guid":{"rendered":"https:\/\/zgk.lubkow.pl\/zgk\/?p=1634"},"modified":"2026-02-16T13:10:20","modified_gmt":"2026-02-16T12:10:20","slug":"nowe-ceny-za-uslugi-od-1-lipca-2022-r","status":"publish","type":"post","link":"https:\/\/zgk.lubkow.pl\/zgk\/nowe-ceny-za-uslugi-od-1-lipca-2022-r\/","title":{"rendered":"Nowe ceny za us\u0142ugi od 1 lipca 2022r."},"content":{"rendered":"\t\t<div data-elementor-type=\"wp-post\" data-elementor-id=\"1634\" class=\"elementor elementor-1634\">\n\t\t\t\t\t\t<section class=\"elementor-section elementor-top-section elementor-element elementor-element-6b23463 elementor-section-boxed elementor-section-height-default elementor-section-height-default\" data-id=\"6b23463\" data-element_type=\"section\" data-e-type=\"section\">\n\t\t\t\t\t\t<div class=\"elementor-container elementor-column-gap-default\">\n\t\t\t\t\t<div class=\"elementor-column elementor-col-100 elementor-top-column elementor-element elementor-element-d3fa419\" data-id=\"d3fa419\" data-element_type=\"column\" data-e-type=\"column\">\n\t\t\t<div class=\"elementor-widget-wrap elementor-element-populated\">\n\t\t\t\t\t\t<div class=\"elementor-element elementor-element-7027e79 elementor-widget elementor-widget-text-editor\" data-id=\"7027e79\" data-element_type=\"widget\" data-e-type=\"widget\" data-widget_type=\"text-editor.default\">\n\t\t\t\t\t\t\t\t\t<p>Szanowni Pa\u0144stwo,<\/p><p>Z dniem 01.07.2022 r. zacznie obowi\u0105zywa\u0107 nowy cennik us\u0142ug \u015bwiadczonych przez Zak\u0142ad Gospodarki Komunalnej w Lubkowie Sp. z o.o. Wprowadzenie nowych cen za \u015bwiadczone przez nas us\u0142ugi jest podyktowane niespotykanym wzrostem cen towar\u00f3w i us\u0142ug a tym samym wzrostem koszt\u00f3w jakie ponosimy realizuj\u0105c swoj\u0105 dzia\u0142alno\u015b\u0107. Nowy cennik dost\u0119pny jest<a href=\"https:\/\/gzgk.home.pl\/zgk\/nowy-cennik-uslug-ustalany-przez-zarzad-spolki\/\"> TUTAJ.<\/a><\/p><p>\u00a0<\/p>\t\t\t\t\t\t\t\t<\/div>\n\t\t\t\t\t<\/div>\n\t\t<\/div>\n\t\t\t\t\t<\/div>\n\t\t<\/section>\n\t\t\t\t<\/div>\n\t\t","protected":false},"excerpt":{"rendered":"<p>Szanowni Pa\u0144stwo, Z dniem 01.07.2022 r. zacznie obowi\u0105zywa\u0107 nowy cennik us\u0142ug \u015bwiadczonych przez Zak\u0142ad Gospodarki Komunalnej w Lubkowie Sp. z o.o. Wprowadzenie nowych cen za \u015bwiadczone przez nas us\u0142ugi jest podyktowane niespotykanym wzrostem cen towar\u00f3w i us\u0142ug a tym samym wzrostem koszt\u00f3w jakie ponosimy realizuj\u0105c swoj\u0105 dzia\u0142alno\u015b\u0107. Nowy cennik dost\u0119pny jest TUTAJ.<\/p>\n","protected":false},"author":3,"featured_media":0,"comment_status":"closed","ping_status":"closed","sticky":false,"template":"","format":"standard","meta":{"footnotes":""},"categories":[8,9],"tags":[],"class_list":["post-1634","post","type-post","status-publish","format-standard","hentry","category-aktualnosci","category-ogloszenia"],"yoast_head":"<!-- This site is optimized with the Yoast SEO plugin v27.2 - https:\/\/yoast.com\/product\/yoast-seo-wordpress\/ -->\n<title>Nowe ceny za us\u0142ugi od 1 lipca 2022r. - Zak\u0142ad Gospodarki Komunalnej w Lubkowie Sp\u00f3\u0142ka z o.o.<\/title>\n<meta name=\"robots\" content=\"index, follow, max-snippet:-1, max-image-preview:large, max-video-preview:-1\" \/>\n<link rel=\"canonical\" href=\"https:\/\/zgk.lubkow.pl\/zgk\/nowe-ceny-za-uslugi-od-1-lipca-2022-r\/\" \/>\n<meta property=\"og:locale\" content=\"pl_PL\" \/>\n<meta property=\"og:type\" content=\"article\" \/>\n<meta property=\"og:title\" content=\"Nowe ceny za us\u0142ugi od 1 lipca 2022r. - Zak\u0142ad Gospodarki Komunalnej w Lubkowie Sp\u00f3\u0142ka z o.o.\" \/>\n<meta property=\"og:description\" content=\"Szanowni Pa\u0144stwo, Z dniem 01.07.2022 r. zacznie obowi\u0105zywa\u0107 nowy cennik us\u0142ug \u015bwiadczonych przez Zak\u0142ad Gospodarki Komunalnej w Lubkowie Sp. z o.o. Wprowadzenie nowych cen za \u015bwiadczone przez nas us\u0142ugi jest podyktowane niespotykanym wzrostem cen towar\u00f3w i us\u0142ug a tym samym wzrostem koszt\u00f3w jakie ponosimy realizuj\u0105c swoj\u0105 dzia\u0142alno\u015b\u0107. Nowy cennik dost\u0119pny jest TUTAJ.\" \/>\n<meta property=\"og:url\" content=\"https:\/\/zgk.lubkow.pl\/zgk\/nowe-ceny-za-uslugi-od-1-lipca-2022-r\/\" \/>\n<meta property=\"og:site_name\" content=\"Zak\u0142ad Gospodarki Komunalnej w Lubkowie Sp\u00f3\u0142ka z o.o.\" \/>\n<meta property=\"article:published_time\" content=\"2022-06-15T08:11:32+00:00\" \/>\n<meta property=\"article:modified_time\" content=\"2026-02-16T12:10:20+00:00\" \/>\n<meta name=\"author\" content=\"rpalczewski\" \/>\n<meta name=\"twitter:card\" content=\"summary_large_image\" \/>\n<meta name=\"twitter:label1\" content=\"Napisane przez\" \/>\n\t<meta name=\"twitter:data1\" content=\"rpalczewski\" \/>\n\t<meta name=\"twitter:label2\" content=\"Szacowany czas czytania\" \/>\n\t<meta name=\"twitter:data2\" content=\"1 minuta\" \/>\n<script type=\"application\/ld+json\" class=\"yoast-schema-graph\">{\"@context\":\"https:\/\/schema.org\",\"@graph\":[{\"@type\":\"Article\",\"@id\":\"https:\/\/zgk.lubkow.pl\/zgk\/nowe-ceny-za-uslugi-od-1-lipca-2022-r\/#article\",\"isPartOf\":{\"@id\":\"https:\/\/zgk.lubkow.pl\/zgk\/nowe-ceny-za-uslugi-od-1-lipca-2022-r\/\"},\"author\":{\"name\":\"rpalczewski\",\"@id\":\"https:\/\/zgk.lubkow.pl\/zgk\/#\/schema\/person\/3c8ec62eec9a728021ed36790a53c88f\"},\"headline\":\"Nowe ceny za us\u0142ugi od 1 lipca 2022r.\",\"datePublished\":\"2022-06-15T08:11:32+00:00\",\"dateModified\":\"2026-02-16T12:10:20+00:00\",\"mainEntityOfPage\":{\"@id\":\"https:\/\/zgk.lubkow.pl\/zgk\/nowe-ceny-za-uslugi-od-1-lipca-2022-r\/\"},\"wordCount\":71,\"publisher\":{\"@id\":\"https:\/\/zgk.lubkow.pl\/zgk\/#organization\"},\"articleSection\":[\"Aktualno\u015bci\",\"Og\u0142oszenia\"],\"inLanguage\":\"pl-PL\"},{\"@type\":\"WebPage\",\"@id\":\"https:\/\/zgk.lubkow.pl\/zgk\/nowe-ceny-za-uslugi-od-1-lipca-2022-r\/\",\"url\":\"https:\/\/zgk.lubkow.pl\/zgk\/nowe-ceny-za-uslugi-od-1-lipca-2022-r\/\",\"name\":\"Nowe ceny za us\u0142ugi od 1 lipca 2022r. - Zak\u0142ad Gospodarki Komunalnej w Lubkowie Sp\u00f3\u0142ka z o.o.\",\"isPartOf\":{\"@id\":\"https:\/\/zgk.lubkow.pl\/zgk\/#website\"},\"datePublished\":\"2022-06-15T08:11:32+00:00\",\"dateModified\":\"2026-02-16T12:10:20+00:00\",\"breadcrumb\":{\"@id\":\"https:\/\/zgk.lubkow.pl\/zgk\/nowe-ceny-za-uslugi-od-1-lipca-2022-r\/#breadcrumb\"},\"inLanguage\":\"pl-PL\",\"potentialAction\":[{\"@type\":\"ReadAction\",\"target\":[\"https:\/\/zgk.lubkow.pl\/zgk\/nowe-ceny-za-uslugi-od-1-lipca-2022-r\/\"]}]},{\"@type\":\"BreadcrumbList\",\"@id\":\"https:\/\/zgk.lubkow.pl\/zgk\/nowe-ceny-za-uslugi-od-1-lipca-2022-r\/#breadcrumb\",\"itemListElement\":[{\"@type\":\"ListItem\",\"position\":1,\"name\":\"Strona g\u0142\u00f3wna\",\"item\":\"https:\/\/zgk.lubkow.pl\/zgk\/\"},{\"@type\":\"ListItem\",\"position\":2,\"name\":\"Nowe ceny za us\u0142ugi od 1 lipca 2022r.\"}]},{\"@type\":\"WebSite\",\"@id\":\"https:\/\/zgk.lubkow.pl\/zgk\/#website\",\"url\":\"https:\/\/zgk.lubkow.pl\/zgk\/\",\"name\":\"Zak\u0142ad Gospodarki Komunalnej w Lubkowie Sp\u00f3\u0142ka z o.o.\",\"description\":\"\",\"publisher\":{\"@id\":\"https:\/\/zgk.lubkow.pl\/zgk\/#organization\"},\"potentialAction\":[{\"@type\":\"SearchAction\",\"target\":{\"@type\":\"EntryPoint\",\"urlTemplate\":\"https:\/\/zgk.lubkow.pl\/zgk\/?s={search_term_string}\"},\"query-input\":{\"@type\":\"PropertyValueSpecification\",\"valueRequired\":true,\"valueName\":\"search_term_string\"}}],\"inLanguage\":\"pl-PL\"},{\"@type\":\"Organization\",\"@id\":\"https:\/\/zgk.lubkow.pl\/zgk\/#organization\",\"name\":\"Zak\u0142ad Gospodarki Komunalnej w Lubkowie Sp\u00f3\u0142ka z o.o.\",\"url\":\"https:\/\/zgk.lubkow.pl\/zgk\/\",\"logo\":{\"@type\":\"ImageObject\",\"inLanguage\":\"pl-PL\",\"@id\":\"https:\/\/zgk.lubkow.pl\/zgk\/#\/schema\/logo\/image\/\",\"url\":\"https:\/\/zgk.lubkow.pl\/zgk\/wp-content\/uploads\/2026\/02\/logo-copy.webp\",\"contentUrl\":\"https:\/\/zgk.lubkow.pl\/zgk\/wp-content\/uploads\/2026\/02\/logo-copy.webp\",\"width\":844,\"height\":115,\"caption\":\"Zak\u0142ad Gospodarki Komunalnej w Lubkowie Sp\u00f3\u0142ka z o.o.\"},\"image\":{\"@id\":\"https:\/\/zgk.lubkow.pl\/zgk\/#\/schema\/logo\/image\/\"}},{\"@type\":\"Person\",\"@id\":\"https:\/\/zgk.lubkow.pl\/zgk\/#\/schema\/person\/3c8ec62eec9a728021ed36790a53c88f\",\"name\":\"rpalczewski\",\"image\":{\"@type\":\"ImageObject\",\"inLanguage\":\"pl-PL\",\"@id\":\"https:\/\/secure.gravatar.com\/avatar\/?s=96&d=mm&r=g\",\"url\":\"https:\/\/secure.gravatar.com\/avatar\/?s=96&d=mm&r=g\",\"contentUrl\":\"https:\/\/secure.gravatar.com\/avatar\/?s=96&d=mm&r=g\",\"caption\":\"rpalczewski\"},\"url\":\"https:\/\/zgk.lubkow.pl\/zgk\/author\/rpalczewski\/\"}]}<\/script>\n<!-- \/ Yoast SEO plugin. -->","yoast_head_json":{"title":"Nowe ceny za us\u0142ugi od 1 lipca 2022r. - Zak\u0142ad Gospodarki Komunalnej w Lubkowie Sp\u00f3\u0142ka z o.o.","robots":{"index":"index","follow":"follow","max-snippet":"max-snippet:-1","max-image-preview":"max-image-preview:large","max-video-preview":"max-video-preview:-1"},"canonical":"https:\/\/zgk.lubkow.pl\/zgk\/nowe-ceny-za-uslugi-od-1-lipca-2022-r\/","og_locale":"pl_PL","og_type":"article","og_title":"Nowe ceny za us\u0142ugi od 1 lipca 2022r. - Zak\u0142ad Gospodarki Komunalnej w Lubkowie Sp\u00f3\u0142ka z o.o.","og_description":"Szanowni Pa\u0144stwo, Z dniem 01.07.2022 r. zacznie obowi\u0105zywa\u0107 nowy cennik us\u0142ug \u015bwiadczonych przez Zak\u0142ad Gospodarki Komunalnej w Lubkowie Sp. z o.o. Wprowadzenie nowych cen za \u015bwiadczone przez nas us\u0142ugi jest podyktowane niespotykanym wzrostem cen towar\u00f3w i us\u0142ug a tym samym wzrostem koszt\u00f3w jakie ponosimy realizuj\u0105c swoj\u0105 dzia\u0142alno\u015b\u0107. Nowy cennik dost\u0119pny jest TUTAJ.","og_url":"https:\/\/zgk.lubkow.pl\/zgk\/nowe-ceny-za-uslugi-od-1-lipca-2022-r\/","og_site_name":"Zak\u0142ad Gospodarki Komunalnej w Lubkowie Sp\u00f3\u0142ka z o.o.","article_published_time":"2022-06-15T08:11:32+00:00","article_modified_time":"2026-02-16T12:10:20+00:00","author":"rpalczewski","twitter_card":"summary_large_image","twitter_misc":{"Napisane przez":"rpalczewski","Szacowany czas czytania":"1 minuta"},"schema":{"@context":"https:\/\/schema.org","@graph":[{"@type":"Article","@id":"https:\/\/zgk.lubkow.pl\/zgk\/nowe-ceny-za-uslugi-od-1-lipca-2022-r\/#article","isPartOf":{"@id":"https:\/\/zgk.lubkow.pl\/zgk\/nowe-ceny-za-uslugi-od-1-lipca-2022-r\/"},"author":{"name":"rpalczewski","@id":"https:\/\/zgk.lubkow.pl\/zgk\/#\/schema\/person\/3c8ec62eec9a728021ed36790a53c88f"},"headline":"Nowe ceny za us\u0142ugi od 1 lipca 2022r.","datePublished":"2022-06-15T08:11:32+00:00","dateModified":"2026-02-16T12:10:20+00:00","mainEntityOfPage":{"@id":"https:\/\/zgk.lubkow.pl\/zgk\/nowe-ceny-za-uslugi-od-1-lipca-2022-r\/"},"wordCount":71,"publisher":{"@id":"https:\/\/zgk.lubkow.pl\/zgk\/#organization"},"articleSection":["Aktualno\u015bci","Og\u0142oszenia"],"inLanguage":"pl-PL"},{"@type":"WebPage","@id":"https:\/\/zgk.lubkow.pl\/zgk\/nowe-ceny-za-uslugi-od-1-lipca-2022-r\/","url":"https:\/\/zgk.lubkow.pl\/zgk\/nowe-ceny-za-uslugi-od-1-lipca-2022-r\/","name":"Nowe ceny za us\u0142ugi od 1 lipca 2022r. - Zak\u0142ad Gospodarki Komunalnej w Lubkowie Sp\u00f3\u0142ka z o.o.","isPartOf":{"@id":"https:\/\/zgk.lubkow.pl\/zgk\/#website"},"datePublished":"2022-06-15T08:11:32+00:00","dateModified":"2026-02-16T12:10:20+00:00","breadcrumb":{"@id":"https:\/\/zgk.lubkow.pl\/zgk\/nowe-ceny-za-uslugi-od-1-lipca-2022-r\/#breadcrumb"},"inLanguage":"pl-PL","potentialAction":[{"@type":"ReadAction","target":["https:\/\/zgk.lubkow.pl\/zgk\/nowe-ceny-za-uslugi-od-1-lipca-2022-r\/"]}]},{"@type":"BreadcrumbList","@id":"https:\/\/zgk.lubkow.pl\/zgk\/nowe-ceny-za-uslugi-od-1-lipca-2022-r\/#breadcrumb","itemListElement":[{"@type":"ListItem","position":1,"name":"Strona g\u0142\u00f3wna","item":"https:\/\/zgk.lubkow.pl\/zgk\/"},{"@type":"ListItem","position":2,"name":"Nowe ceny za us\u0142ugi od 1 lipca 2022r."}]},{"@type":"WebSite","@id":"https:\/\/zgk.lubkow.pl\/zgk\/#website","url":"https:\/\/zgk.lubkow.pl\/zgk\/","name":"Zak\u0142ad Gospodarki Komunalnej w Lubkowie Sp\u00f3\u0142ka z o.o.","description":"","publisher":{"@id":"https:\/\/zgk.lubkow.pl\/zgk\/#organization"},"potentialAction":[{"@type":"SearchAction","target":{"@type":"EntryPoint","urlTemplate":"https:\/\/zgk.lubkow.pl\/zgk\/?s={search_term_string}"},"query-input":{"@type":"PropertyValueSpecification","valueRequired":true,"valueName":"search_term_string"}}],"inLanguage":"pl-PL"},{"@type":"Organization","@id":"https:\/\/zgk.lubkow.pl\/zgk\/#organization","name":"Zak\u0142ad Gospodarki Komunalnej w Lubkowie Sp\u00f3\u0142ka z o.o.","url":"https:\/\/zgk.lubkow.pl\/zgk\/","logo":{"@type":"ImageObject","inLanguage":"pl-PL","@id":"https:\/\/zgk.lubkow.pl\/zgk\/#\/schema\/logo\/image\/","url":"https:\/\/zgk.lubkow.pl\/zgk\/wp-content\/uploads\/2026\/02\/logo-copy.webp","contentUrl":"https:\/\/zgk.lubkow.pl\/zgk\/wp-content\/uploads\/2026\/02\/logo-copy.webp","width":844,"height":115,"caption":"Zak\u0142ad Gospodarki Komunalnej w Lubkowie Sp\u00f3\u0142ka z o.o."},"image":{"@id":"https:\/\/zgk.lubkow.pl\/zgk\/#\/schema\/logo\/image\/"}},{"@type":"Person","@id":"https:\/\/zgk.lubkow.pl\/zgk\/#\/schema\/person\/3c8ec62eec9a728021ed36790a53c88f","name":"rpalczewski","image":{"@type":"ImageObject","inLanguage":"pl-PL","@id":"https:\/\/secure.gravatar.com\/avatar\/?s=96&d=mm&r=g","url":"https:\/\/secure.gravatar.com\/avatar\/?s=96&d=mm&r=g","contentUrl":"https:\/\/secure.gravatar.com\/avatar\/?s=96&d=mm&r=g","caption":"rpalczewski"},"url":"https:\/\/zgk.lubkow.pl\/zgk\/author\/rpalczewski\/"}]}},"_links":{"self":[{"href":"https:\/\/zgk.lubkow.pl\/zgk\/wp-json\/wp\/v2\/posts\/1634","targetHints":{"allow":["GET"]}}],"collection":[{"href":"https:\/\/zgk.lubkow.pl\/zgk\/wp-json\/wp\/v2\/posts"}],"about":[{"href":"https:\/\/zgk.lubkow.pl\/zgk\/wp-json\/wp\/v2\/types\/post"}],"author":[{"embeddable":true,"href":"https:\/\/zgk.lubkow.pl\/zgk\/wp-json\/wp\/v2\/users\/3"}],"replies":[{"embeddable":true,"href":"https:\/\/zgk.lubkow.pl\/zgk\/wp-json\/wp\/v2\/comments?post=1634"}],"version-history":[{"count":1,"href":"https:\/\/zgk.lubkow.pl\/zgk\/wp-json\/wp\/v2\/posts\/1634\/revisions"}],"predecessor-version":[{"id":4200,"href":"https:\/\/zgk.lubkow.pl\/zgk\/wp-json\/wp\/v2\/posts\/1634\/revisions\/4200"}],"wp:attachment":[{"href":"https:\/\/zgk.lubkow.pl\/zgk\/wp-json\/wp\/v2\/media?parent=1634"}],"wp:term":[{"taxonomy":"category","embeddable":true,"href":"https:\/\/zgk.lubkow.pl\/zgk\/wp-json\/wp\/v2\/categories?post=1634"},{"taxonomy":"post_tag","embeddable":true,"href":"https:\/\/zgk.lubkow.pl\/zgk\/wp-json\/wp\/v2\/tags?post=1634"}],"curies":[{"name":"wp","href":"https:\/\/api.w.org\/{rel}","templated":true}]}}