{"id":1410,"date":"2022-04-14T13:21:52","date_gmt":"2022-04-14T11:21:52","guid":{"rendered":"https:\/\/zgk.lubkow.pl\/zgk\/?p=1410"},"modified":"2026-02-16T13:10:22","modified_gmt":"2026-02-16T12:10:22","slug":"informacja-na-temat-godzin-pracy-zakladu","status":"publish","type":"post","link":"https:\/\/zgk.lubkow.pl\/zgk\/informacja-na-temat-godzin-pracy-zakladu\/","title":{"rendered":"Informacja na temat godzin pracy Zak\u0142adu"},"content":{"rendered":"<p>Szanowni Pa\u0144stwo,<\/p>\n<p>Informujemy, \u017ce w dniu 15 kwietnia br. bezpo\u015brednia obs\u0142uga klienta b\u0119dzie prowadzona do godz. 13.00,\u00a0 w zwi\u0105zku z powy\u017cszym Punkt Selektywnej Zbi\u00f3rki Odpad\u00f3w Komunalnych w Lubkowie b\u0119dzie otwarty r\u00f3wnie\u017c do godz. 13.00.<\/p>\n<p>W przypadku awarii prosimy dzwoni\u0107 na telefon alarmowy.<\/p>\n","protected":false},"excerpt":{"rendered":"<p>Szanowni Pa\u0144stwo, Informujemy, \u017ce w dniu 15 kwietnia br. bezpo\u015brednia obs\u0142uga klienta b\u0119dzie prowadzona do godz. 13.00,\u00a0 w zwi\u0105zku z powy\u017cszym Punkt Selektywnej Zbi\u00f3rki Odpad\u00f3w Komunalnych w Lubkowie b\u0119dzie otwarty r\u00f3wnie\u017c do godz. 13.00. W przypadku awarii prosimy dzwoni\u0107 na telefon alarmowy.<\/p>\n","protected":false},"author":3,"featured_media":0,"comment_status":"closed","ping_status":"closed","sticky":false,"template":"","format":"standard","meta":{"footnotes":""},"categories":[8,9],"tags":[],"class_list":["post-1410","post","type-post","status-publish","format-standard","hentry","category-aktualnosci","category-ogloszenia"],"yoast_head":"<!-- This site is optimized with the Yoast SEO plugin v27.2 - https:\/\/yoast.com\/product\/yoast-seo-wordpress\/ -->\n<title>Informacja na temat godzin pracy Zak\u0142adu - Zak\u0142ad Gospodarki Komunalnej w Lubkowie Sp\u00f3\u0142ka z o.o.<\/title>\n<meta name=\"robots\" content=\"index, follow, max-snippet:-1, max-image-preview:large, max-video-preview:-1\" \/>\n<link rel=\"canonical\" href=\"https:\/\/zgk.lubkow.pl\/zgk\/informacja-na-temat-godzin-pracy-zakladu\/\" \/>\n<meta property=\"og:locale\" content=\"pl_PL\" \/>\n<meta property=\"og:type\" content=\"article\" \/>\n<meta property=\"og:title\" content=\"Informacja na temat godzin pracy Zak\u0142adu - Zak\u0142ad Gospodarki Komunalnej w Lubkowie Sp\u00f3\u0142ka z o.o.\" \/>\n<meta property=\"og:description\" content=\"Szanowni Pa\u0144stwo, Informujemy, \u017ce w dniu 15 kwietnia br. bezpo\u015brednia obs\u0142uga klienta b\u0119dzie prowadzona do godz. 13.00,\u00a0 w zwi\u0105zku z powy\u017cszym Punkt Selektywnej Zbi\u00f3rki Odpad\u00f3w Komunalnych w Lubkowie b\u0119dzie otwarty r\u00f3wnie\u017c do godz. 13.00. W przypadku awarii prosimy dzwoni\u0107 na telefon alarmowy.\" \/>\n<meta property=\"og:url\" content=\"https:\/\/zgk.lubkow.pl\/zgk\/informacja-na-temat-godzin-pracy-zakladu\/\" \/>\n<meta property=\"og:site_name\" content=\"Zak\u0142ad Gospodarki Komunalnej w Lubkowie Sp\u00f3\u0142ka z o.o.\" \/>\n<meta property=\"article:published_time\" content=\"2022-04-14T11:21:52+00:00\" \/>\n<meta property=\"article:modified_time\" content=\"2026-02-16T12:10:22+00:00\" \/>\n<meta name=\"author\" content=\"rpalczewski\" \/>\n<meta name=\"twitter:card\" content=\"summary_large_image\" \/>\n<meta name=\"twitter:label1\" content=\"Napisane przez\" \/>\n\t<meta name=\"twitter:data1\" content=\"rpalczewski\" \/>\n\t<meta name=\"twitter:label2\" content=\"Szacowany czas czytania\" \/>\n\t<meta name=\"twitter:data2\" content=\"1 minuta\" \/>\n<script type=\"application\/ld+json\" class=\"yoast-schema-graph\">{\"@context\":\"https:\/\/schema.org\",\"@graph\":[{\"@type\":\"Article\",\"@id\":\"https:\/\/zgk.lubkow.pl\/zgk\/informacja-na-temat-godzin-pracy-zakladu\/#article\",\"isPartOf\":{\"@id\":\"https:\/\/zgk.lubkow.pl\/zgk\/informacja-na-temat-godzin-pracy-zakladu\/\"},\"author\":{\"name\":\"rpalczewski\",\"@id\":\"https:\/\/zgk.lubkow.pl\/zgk\/#\/schema\/person\/3c8ec62eec9a728021ed36790a53c88f\"},\"headline\":\"Informacja na temat godzin pracy Zak\u0142adu\",\"datePublished\":\"2022-04-14T11:21:52+00:00\",\"dateModified\":\"2026-02-16T12:10:22+00:00\",\"mainEntityOfPage\":{\"@id\":\"https:\/\/zgk.lubkow.pl\/zgk\/informacja-na-temat-godzin-pracy-zakladu\/\"},\"wordCount\":56,\"publisher\":{\"@id\":\"https:\/\/zgk.lubkow.pl\/zgk\/#organization\"},\"articleSection\":[\"Aktualno\u015bci\",\"Og\u0142oszenia\"],\"inLanguage\":\"pl-PL\"},{\"@type\":\"WebPage\",\"@id\":\"https:\/\/zgk.lubkow.pl\/zgk\/informacja-na-temat-godzin-pracy-zakladu\/\",\"url\":\"https:\/\/zgk.lubkow.pl\/zgk\/informacja-na-temat-godzin-pracy-zakladu\/\",\"name\":\"Informacja na temat godzin pracy Zak\u0142adu - Zak\u0142ad Gospodarki Komunalnej w Lubkowie Sp\u00f3\u0142ka z o.o.\",\"isPartOf\":{\"@id\":\"https:\/\/zgk.lubkow.pl\/zgk\/#website\"},\"datePublished\":\"2022-04-14T11:21:52+00:00\",\"dateModified\":\"2026-02-16T12:10:22+00:00\",\"breadcrumb\":{\"@id\":\"https:\/\/zgk.lubkow.pl\/zgk\/informacja-na-temat-godzin-pracy-zakladu\/#breadcrumb\"},\"inLanguage\":\"pl-PL\",\"potentialAction\":[{\"@type\":\"ReadAction\",\"target\":[\"https:\/\/zgk.lubkow.pl\/zgk\/informacja-na-temat-godzin-pracy-zakladu\/\"]}]},{\"@type\":\"BreadcrumbList\",\"@id\":\"https:\/\/zgk.lubkow.pl\/zgk\/informacja-na-temat-godzin-pracy-zakladu\/#breadcrumb\",\"itemListElement\":[{\"@type\":\"ListItem\",\"position\":1,\"name\":\"Strona g\u0142\u00f3wna\",\"item\":\"https:\/\/zgk.lubkow.pl\/zgk\/\"},{\"@type\":\"ListItem\",\"position\":2,\"name\":\"Informacja na temat godzin pracy Zak\u0142adu\"}]},{\"@type\":\"WebSite\",\"@id\":\"https:\/\/zgk.lubkow.pl\/zgk\/#website\",\"url\":\"https:\/\/zgk.lubkow.pl\/zgk\/\",\"name\":\"Zak\u0142ad Gospodarki Komunalnej w Lubkowie Sp\u00f3\u0142ka z o.o.\",\"description\":\"\",\"publisher\":{\"@id\":\"https:\/\/zgk.lubkow.pl\/zgk\/#organization\"},\"potentialAction\":[{\"@type\":\"SearchAction\",\"target\":{\"@type\":\"EntryPoint\",\"urlTemplate\":\"https:\/\/zgk.lubkow.pl\/zgk\/?s={search_term_string}\"},\"query-input\":{\"@type\":\"PropertyValueSpecification\",\"valueRequired\":true,\"valueName\":\"search_term_string\"}}],\"inLanguage\":\"pl-PL\"},{\"@type\":\"Organization\",\"@id\":\"https:\/\/zgk.lubkow.pl\/zgk\/#organization\",\"name\":\"Zak\u0142ad Gospodarki Komunalnej w Lubkowie Sp\u00f3\u0142ka z o.o.\",\"url\":\"https:\/\/zgk.lubkow.pl\/zgk\/\",\"logo\":{\"@type\":\"ImageObject\",\"inLanguage\":\"pl-PL\",\"@id\":\"https:\/\/zgk.lubkow.pl\/zgk\/#\/schema\/logo\/image\/\",\"url\":\"https:\/\/zgk.lubkow.pl\/zgk\/wp-content\/uploads\/2026\/02\/logo-copy.webp\",\"contentUrl\":\"https:\/\/zgk.lubkow.pl\/zgk\/wp-content\/uploads\/2026\/02\/logo-copy.webp\",\"width\":844,\"height\":115,\"caption\":\"Zak\u0142ad Gospodarki Komunalnej w Lubkowie Sp\u00f3\u0142ka z o.o.\"},\"image\":{\"@id\":\"https:\/\/zgk.lubkow.pl\/zgk\/#\/schema\/logo\/image\/\"}},{\"@type\":\"Person\",\"@id\":\"https:\/\/zgk.lubkow.pl\/zgk\/#\/schema\/person\/3c8ec62eec9a728021ed36790a53c88f\",\"name\":\"rpalczewski\",\"image\":{\"@type\":\"ImageObject\",\"inLanguage\":\"pl-PL\",\"@id\":\"https:\/\/secure.gravatar.com\/avatar\/?s=96&d=mm&r=g\",\"url\":\"https:\/\/secure.gravatar.com\/avatar\/?s=96&d=mm&r=g\",\"contentUrl\":\"https:\/\/secure.gravatar.com\/avatar\/?s=96&d=mm&r=g\",\"caption\":\"rpalczewski\"},\"url\":\"https:\/\/zgk.lubkow.pl\/zgk\/author\/rpalczewski\/\"}]}<\/script>\n<!-- \/ Yoast SEO plugin. -->","yoast_head_json":{"title":"Informacja na temat godzin pracy Zak\u0142adu - Zak\u0142ad Gospodarki Komunalnej w Lubkowie Sp\u00f3\u0142ka z o.o.","robots":{"index":"index","follow":"follow","max-snippet":"max-snippet:-1","max-image-preview":"max-image-preview:large","max-video-preview":"max-video-preview:-1"},"canonical":"https:\/\/zgk.lubkow.pl\/zgk\/informacja-na-temat-godzin-pracy-zakladu\/","og_locale":"pl_PL","og_type":"article","og_title":"Informacja na temat godzin pracy Zak\u0142adu - Zak\u0142ad Gospodarki Komunalnej w Lubkowie Sp\u00f3\u0142ka z o.o.","og_description":"Szanowni Pa\u0144stwo, Informujemy, \u017ce w dniu 15 kwietnia br. bezpo\u015brednia obs\u0142uga klienta b\u0119dzie prowadzona do godz. 13.00,\u00a0 w zwi\u0105zku z powy\u017cszym Punkt Selektywnej Zbi\u00f3rki Odpad\u00f3w Komunalnych w Lubkowie b\u0119dzie otwarty r\u00f3wnie\u017c do godz. 13.00. W przypadku awarii prosimy dzwoni\u0107 na telefon alarmowy.","og_url":"https:\/\/zgk.lubkow.pl\/zgk\/informacja-na-temat-godzin-pracy-zakladu\/","og_site_name":"Zak\u0142ad Gospodarki Komunalnej w Lubkowie Sp\u00f3\u0142ka z o.o.","article_published_time":"2022-04-14T11:21:52+00:00","article_modified_time":"2026-02-16T12:10:22+00:00","author":"rpalczewski","twitter_card":"summary_large_image","twitter_misc":{"Napisane przez":"rpalczewski","Szacowany czas czytania":"1 minuta"},"schema":{"@context":"https:\/\/schema.org","@graph":[{"@type":"Article","@id":"https:\/\/zgk.lubkow.pl\/zgk\/informacja-na-temat-godzin-pracy-zakladu\/#article","isPartOf":{"@id":"https:\/\/zgk.lubkow.pl\/zgk\/informacja-na-temat-godzin-pracy-zakladu\/"},"author":{"name":"rpalczewski","@id":"https:\/\/zgk.lubkow.pl\/zgk\/#\/schema\/person\/3c8ec62eec9a728021ed36790a53c88f"},"headline":"Informacja na temat godzin pracy Zak\u0142adu","datePublished":"2022-04-14T11:21:52+00:00","dateModified":"2026-02-16T12:10:22+00:00","mainEntityOfPage":{"@id":"https:\/\/zgk.lubkow.pl\/zgk\/informacja-na-temat-godzin-pracy-zakladu\/"},"wordCount":56,"publisher":{"@id":"https:\/\/zgk.lubkow.pl\/zgk\/#organization"},"articleSection":["Aktualno\u015bci","Og\u0142oszenia"],"inLanguage":"pl-PL"},{"@type":"WebPage","@id":"https:\/\/zgk.lubkow.pl\/zgk\/informacja-na-temat-godzin-pracy-zakladu\/","url":"https:\/\/zgk.lubkow.pl\/zgk\/informacja-na-temat-godzin-pracy-zakladu\/","name":"Informacja na temat godzin pracy Zak\u0142adu - Zak\u0142ad Gospodarki Komunalnej w Lubkowie Sp\u00f3\u0142ka z o.o.","isPartOf":{"@id":"https:\/\/zgk.lubkow.pl\/zgk\/#website"},"datePublished":"2022-04-14T11:21:52+00:00","dateModified":"2026-02-16T12:10:22+00:00","breadcrumb":{"@id":"https:\/\/zgk.lubkow.pl\/zgk\/informacja-na-temat-godzin-pracy-zakladu\/#breadcrumb"},"inLanguage":"pl-PL","potentialAction":[{"@type":"ReadAction","target":["https:\/\/zgk.lubkow.pl\/zgk\/informacja-na-temat-godzin-pracy-zakladu\/"]}]},{"@type":"BreadcrumbList","@id":"https:\/\/zgk.lubkow.pl\/zgk\/informacja-na-temat-godzin-pracy-zakladu\/#breadcrumb","itemListElement":[{"@type":"ListItem","position":1,"name":"Strona g\u0142\u00f3wna","item":"https:\/\/zgk.lubkow.pl\/zgk\/"},{"@type":"ListItem","position":2,"name":"Informacja na temat godzin pracy Zak\u0142adu"}]},{"@type":"WebSite","@id":"https:\/\/zgk.lubkow.pl\/zgk\/#website","url":"https:\/\/zgk.lubkow.pl\/zgk\/","name":"Zak\u0142ad Gospodarki Komunalnej w Lubkowie Sp\u00f3\u0142ka z o.o.","description":"","publisher":{"@id":"https:\/\/zgk.lubkow.pl\/zgk\/#organization"},"potentialAction":[{"@type":"SearchAction","target":{"@type":"EntryPoint","urlTemplate":"https:\/\/zgk.lubkow.pl\/zgk\/?s={search_term_string}"},"query-input":{"@type":"PropertyValueSpecification","valueRequired":true,"valueName":"search_term_string"}}],"inLanguage":"pl-PL"},{"@type":"Organization","@id":"https:\/\/zgk.lubkow.pl\/zgk\/#organization","name":"Zak\u0142ad Gospodarki Komunalnej w Lubkowie Sp\u00f3\u0142ka z o.o.","url":"https:\/\/zgk.lubkow.pl\/zgk\/","logo":{"@type":"ImageObject","inLanguage":"pl-PL","@id":"https:\/\/zgk.lubkow.pl\/zgk\/#\/schema\/logo\/image\/","url":"https:\/\/zgk.lubkow.pl\/zgk\/wp-content\/uploads\/2026\/02\/logo-copy.webp","contentUrl":"https:\/\/zgk.lubkow.pl\/zgk\/wp-content\/uploads\/2026\/02\/logo-copy.webp","width":844,"height":115,"caption":"Zak\u0142ad Gospodarki Komunalnej w Lubkowie Sp\u00f3\u0142ka z o.o."},"image":{"@id":"https:\/\/zgk.lubkow.pl\/zgk\/#\/schema\/logo\/image\/"}},{"@type":"Person","@id":"https:\/\/zgk.lubkow.pl\/zgk\/#\/schema\/person\/3c8ec62eec9a728021ed36790a53c88f","name":"rpalczewski","image":{"@type":"ImageObject","inLanguage":"pl-PL","@id":"https:\/\/secure.gravatar.com\/avatar\/?s=96&d=mm&r=g","url":"https:\/\/secure.gravatar.com\/avatar\/?s=96&d=mm&r=g","contentUrl":"https:\/\/secure.gravatar.com\/avatar\/?s=96&d=mm&r=g","caption":"rpalczewski"},"url":"https:\/\/zgk.lubkow.pl\/zgk\/author\/rpalczewski\/"}]}},"_links":{"self":[{"href":"https:\/\/zgk.lubkow.pl\/zgk\/wp-json\/wp\/v2\/posts\/1410","targetHints":{"allow":["GET"]}}],"collection":[{"href":"https:\/\/zgk.lubkow.pl\/zgk\/wp-json\/wp\/v2\/posts"}],"about":[{"href":"https:\/\/zgk.lubkow.pl\/zgk\/wp-json\/wp\/v2\/types\/post"}],"author":[{"embeddable":true,"href":"https:\/\/zgk.lubkow.pl\/zgk\/wp-json\/wp\/v2\/users\/3"}],"replies":[{"embeddable":true,"href":"https:\/\/zgk.lubkow.pl\/zgk\/wp-json\/wp\/v2\/comments?post=1410"}],"version-history":[{"count":1,"href":"https:\/\/zgk.lubkow.pl\/zgk\/wp-json\/wp\/v2\/posts\/1410\/revisions"}],"predecessor-version":[{"id":4212,"href":"https:\/\/zgk.lubkow.pl\/zgk\/wp-json\/wp\/v2\/posts\/1410\/revisions\/4212"}],"wp:attachment":[{"href":"https:\/\/zgk.lubkow.pl\/zgk\/wp-json\/wp\/v2\/media?parent=1410"}],"wp:term":[{"taxonomy":"category","embeddable":true,"href":"https:\/\/zgk.lubkow.pl\/zgk\/wp-json\/wp\/v2\/categories?post=1410"},{"taxonomy":"post_tag","embeddable":true,"href":"https:\/\/zgk.lubkow.pl\/zgk\/wp-json\/wp\/v2\/tags?post=1410"}],"curies":[{"name":"wp","href":"https:\/\/api.w.org\/{rel}","templated":true}]}}