{"id":1392,"date":"2022-04-04T15:14:33","date_gmt":"2022-04-04T13:14:33","guid":{"rendered":"https:\/\/zgk.lubkow.pl\/zgk\/?p=1392"},"modified":"2026-03-20T08:38:26","modified_gmt":"2026-03-20T07:38:26","slug":"ii-przetarg-ofertowy-na-sprzedaz-majatku","status":"publish","type":"post","link":"https:\/\/zgk.lubkow.pl\/zgk\/ii-przetarg-ofertowy-na-sprzedaz-majatku\/","title":{"rendered":"II przetarg ofertowy na sprzeda\u017c maj\u0105tku"},"content":{"rendered":"\t\t<div data-elementor-type=\"wp-post\" data-elementor-id=\"1392\" class=\"elementor elementor-1392\">\n\t\t\t\t\t\t<section class=\"elementor-section elementor-top-section elementor-element elementor-element-04489a8 elementor-section-boxed elementor-section-height-default elementor-section-height-default\" data-id=\"04489a8\" data-element_type=\"section\" data-e-type=\"section\">\n\t\t\t\t\t\t<div class=\"elementor-container elementor-column-gap-default\">\n\t\t\t\t\t<div class=\"elementor-column elementor-col-100 elementor-top-column elementor-element elementor-element-572a423\" data-id=\"572a423\" data-element_type=\"column\" data-e-type=\"column\">\n\t\t\t<div class=\"elementor-widget-wrap elementor-element-populated\">\n\t\t\t\t\t\t<div class=\"elementor-element elementor-element-2085aee elementor-widget elementor-widget-heading\" data-id=\"2085aee\" data-element_type=\"widget\" data-e-type=\"widget\" data-widget_type=\"heading.default\">\n\t\t\t\t\t<h2 class=\"elementor-heading-title elementor-size-medium\">Zak\u0142ad Gospodarki Komunalnej w Lubkowie Sp. z o.o. og\u0142asza drugi przetarg ofertowy na sprzeda\u017c cz\u0119\u015bci maj\u0105tku ruchomego. Sk\u0142adanie ofert do dnia 13.04.2022 r. \nPrzetarg dotyczy nast\u0119puj\u0105cych sk\u0142adnik\u00f3w maj\u0105tku :<br>(kliknij aby pobra\u0107)<\/h2>\t\t\t\t<\/div>\n\t\t\t\t\t<\/div>\n\t\t<\/div>\n\t\t\t\t\t<\/div>\n\t\t<\/section>\n\t\t\t\t<section class=\"elementor-section elementor-top-section elementor-element elementor-element-6c191c3 elementor-section-boxed elementor-section-height-default elementor-section-height-default\" data-id=\"6c191c3\" data-element_type=\"section\" data-e-type=\"section\">\n\t\t\t\t\t\t<div class=\"elementor-container elementor-column-gap-default\">\n\t\t\t\t\t<div class=\"elementor-column elementor-col-100 elementor-top-column elementor-element elementor-element-13b7c2b\" data-id=\"13b7c2b\" data-element_type=\"column\" data-e-type=\"column\">\n\t\t\t<div class=\"elementor-widget-wrap elementor-element-populated\">\n\t\t\t\t\t\t<div class=\"elementor-element elementor-element-2a50d2a elementor-align-center elementor-widget elementor-widget-button\" data-id=\"2a50d2a\" data-element_type=\"widget\" data-e-type=\"widget\" data-widget_type=\"button.default\">\n\t\t\t\t\t\t\t\t\t\t<a class=\"elementor-button elementor-button-link elementor-size-sm\" href=\"https:\/\/gzgk.home.pl\/zgk\/wp-content\/uploads\/2022\/04\/II-Ogloszenie-o-sprzedazy-linia-sortownicza.pdf\">\n\t\t\t\t\t\t<span class=\"elementor-button-content-wrapper\">\n\t\t\t\t\t\t\t\t\t<span class=\"elementor-button-text\">Og\u0142oszenie o sprzeda\u017cy linia sortownicza wraz z urz\u0105dzeniami towarzysz\u0105cymi<\/span>\n\t\t\t\t\t<\/span>\n\t\t\t\t\t<\/a>\n\t\t\t\t\t\t\t\t<\/div>\n\t\t\t\t<div class=\"elementor-element elementor-element-aa1cef4 elementor-align-center elementor-widget elementor-widget-button\" data-id=\"aa1cef4\" data-element_type=\"widget\" data-e-type=\"widget\" data-widget_type=\"button.default\">\n\t\t\t\t\t\t\t\t\t\t<a class=\"elementor-button elementor-button-link elementor-size-sm\" href=\"https:\/\/gzgk.home.pl\/zgk\/wp-content\/uploads\/2022\/04\/Zalacznik-nr-1-dane-techniczne-linii.pdf\">\n\t\t\t\t\t\t<span class=\"elementor-button-content-wrapper\">\n\t\t\t\t\t\t\t\t\t<span class=\"elementor-button-text\">za\u0142\u0105cznik  nr 1<\/span>\n\t\t\t\t\t<\/span>\n\t\t\t\t\t<\/a>\n\t\t\t\t\t\t\t\t<\/div>\n\t\t\t\t<div class=\"elementor-element elementor-element-7a655ce elementor-align-center elementor-widget elementor-widget-button\" data-id=\"7a655ce\" data-element_type=\"widget\" data-e-type=\"widget\" data-widget_type=\"button.default\">\n\t\t\t\t\t\t\t\t\t\t<a class=\"elementor-button elementor-button-link elementor-size-sm\" href=\"https:\/\/gzgk.home.pl\/zgk\/wp-content\/uploads\/2022\/04\/Zalacznik-nr-2-dane-techniczne-sita.pdf\">\n\t\t\t\t\t\t<span class=\"elementor-button-content-wrapper\">\n\t\t\t\t\t\t\t\t\t<span class=\"elementor-button-text\">za\u0142\u0105cznik  nr 2<\/span>\n\t\t\t\t\t<\/span>\n\t\t\t\t\t<\/a>\n\t\t\t\t\t\t\t\t<\/div>\n\t\t\t\t<div class=\"elementor-element elementor-element-3d1ab51 elementor-align-center elementor-widget elementor-widget-button\" data-id=\"3d1ab51\" data-element_type=\"widget\" data-e-type=\"widget\" data-widget_type=\"button.default\">\n\t\t\t\t\t\t\t\t\t\t<a class=\"elementor-button elementor-button-link elementor-size-sm\" href=\"https:\/\/gzgk.home.pl\/zgk\/wp-content\/uploads\/2022\/04\/Zalacznik-nr-3-dane-techniczne-prasy.pdf\">\n\t\t\t\t\t\t<span class=\"elementor-button-content-wrapper\">\n\t\t\t\t\t\t\t\t\t<span class=\"elementor-button-text\">za\u0142\u0105cznik  nr 3<\/span>\n\t\t\t\t\t<\/span>\n\t\t\t\t\t<\/a>\n\t\t\t\t\t\t\t\t<\/div>\n\t\t\t\t<div class=\"elementor-element elementor-element-6bb2aaf elementor-align-center elementor-widget elementor-widget-button\" data-id=\"6bb2aaf\" data-element_type=\"widget\" data-e-type=\"widget\" data-widget_type=\"button.default\">\n\t\t\t\t\t\t\t\t\t\t<a class=\"elementor-button elementor-button-link elementor-size-sm\" href=\"https:\/\/gzgk.home.pl\/zgk\/wp-content\/uploads\/2022\/04\/Zalacznik-nr-4-dane-techniczne-prasy.pdf\">\n\t\t\t\t\t\t<span class=\"elementor-button-content-wrapper\">\n\t\t\t\t\t\t\t\t\t<span class=\"elementor-button-text\">za\u0142\u0105cznik  nr 4<\/span>\n\t\t\t\t\t<\/span>\n\t\t\t\t\t<\/a>\n\t\t\t\t\t\t\t\t<\/div>\n\t\t\t\t<div class=\"elementor-element elementor-element-2f162cb elementor-align-center elementor-widget elementor-widget-button\" data-id=\"2f162cb\" data-element_type=\"widget\" data-e-type=\"widget\" data-widget_type=\"button.default\">\n\t\t\t\t\t\t\t\t\t\t<a class=\"elementor-button elementor-button-link elementor-size-sm\" href=\"https:\/\/gzgk.home.pl\/zgk\/wp-content\/uploads\/2022\/04\/Zalacznik-nr-5-do-linii-sortowniczej-formularz-ofertowy.docx\">\n\t\t\t\t\t\t<span class=\"elementor-button-content-wrapper\">\n\t\t\t\t\t\t\t\t\t<span class=\"elementor-button-text\">za\u0142\u0105cznik  nr 5<\/span>\n\t\t\t\t\t<\/span>\n\t\t\t\t\t<\/a>\n\t\t\t\t\t\t\t\t<\/div>\n\t\t\t\t<div class=\"elementor-element elementor-element-5c706da elementor-align-center elementor-widget elementor-widget-button\" data-id=\"5c706da\" data-element_type=\"widget\" data-e-type=\"widget\" data-widget_type=\"button.default\">\n\t\t\t\t\t\t\t\t\t\t<a class=\"elementor-button elementor-button-link elementor-size-sm\" href=\"https:\/\/gzgk.home.pl\/zgk\/wp-content\/uploads\/2022\/04\/Zalacznik-nr-6-do-linii-sortowniczej-wzor-umowy.pdf\">\n\t\t\t\t\t\t<span class=\"elementor-button-content-wrapper\">\n\t\t\t\t\t\t\t\t\t<span class=\"elementor-button-text\">za\u0142\u0105cznik  nr 6<\/span>\n\t\t\t\t\t<\/span>\n\t\t\t\t\t<\/a>\n\t\t\t\t\t\t\t\t<\/div>\n\t\t\t\t\t<\/div>\n\t\t<\/div>\n\t\t\t\t\t<\/div>\n\t\t<\/section>\n\t\t\t\t<\/div>\n\t\t","protected":false},"excerpt":{"rendered":"<p>Zak\u0142ad Gospodarki Komunalnej w Lubkowie Sp. z o.o. og\u0142asza drugi przetarg ofertowy na sprzeda\u017c cz\u0119\u015bci maj\u0105tku ruchomego. Sk\u0142adanie ofert do dnia 13.04.2022 r. Przetarg dotyczy nast\u0119puj\u0105cych sk\u0142adnik\u00f3w maj\u0105tku : (kliknij aby pobra\u0107) Og\u0142oszenie o sprzeda\u017cy linia sortownicza wraz z urz\u0105dzeniami towarzysz\u0105cymi za\u0142\u0105cznik nr 1 za\u0142\u0105cznik nr 2 za\u0142\u0105cznik nr 3 za\u0142\u0105cznik nr 4 za\u0142\u0105cznik nr [&hellip;]<\/p>\n","protected":false},"author":3,"featured_media":0,"comment_status":"closed","ping_status":"closed","sticky":false,"template":"","format":"standard","meta":{"footnotes":""},"categories":[8,9],"tags":[],"class_list":["post-1392","post","type-post","status-publish","format-standard","hentry","category-aktualnosci","category-ogloszenia"],"yoast_head":"<!-- This site is optimized with the Yoast SEO plugin v27.2 - https:\/\/yoast.com\/product\/yoast-seo-wordpress\/ -->\n<title>II przetarg ofertowy na sprzeda\u017c maj\u0105tku - Zak\u0142ad Gospodarki Komunalnej w Lubkowie Sp\u00f3\u0142ka z o.o.<\/title>\n<meta name=\"robots\" content=\"index, follow, max-snippet:-1, max-image-preview:large, max-video-preview:-1\" \/>\n<link rel=\"canonical\" href=\"https:\/\/zgk.lubkow.pl\/zgk\/ii-przetarg-ofertowy-na-sprzedaz-majatku\/\" \/>\n<meta property=\"og:locale\" content=\"pl_PL\" \/>\n<meta property=\"og:type\" content=\"article\" \/>\n<meta property=\"og:title\" content=\"II przetarg ofertowy na sprzeda\u017c maj\u0105tku - Zak\u0142ad Gospodarki Komunalnej w Lubkowie Sp\u00f3\u0142ka z o.o.\" \/>\n<meta property=\"og:description\" content=\"Zak\u0142ad Gospodarki Komunalnej w Lubkowie Sp. z o.o. og\u0142asza drugi przetarg ofertowy na sprzeda\u017c cz\u0119\u015bci maj\u0105tku ruchomego. Sk\u0142adanie ofert do dnia 13.04.2022 r. Przetarg dotyczy nast\u0119puj\u0105cych sk\u0142adnik\u00f3w maj\u0105tku : (kliknij aby pobra\u0107) Og\u0142oszenie o sprzeda\u017cy linia sortownicza wraz z urz\u0105dzeniami towarzysz\u0105cymi za\u0142\u0105cznik nr 1 za\u0142\u0105cznik nr 2 za\u0142\u0105cznik nr 3 za\u0142\u0105cznik nr 4 za\u0142\u0105cznik nr [&hellip;]\" \/>\n<meta property=\"og:url\" content=\"https:\/\/zgk.lubkow.pl\/zgk\/ii-przetarg-ofertowy-na-sprzedaz-majatku\/\" \/>\n<meta property=\"og:site_name\" content=\"Zak\u0142ad Gospodarki Komunalnej w Lubkowie Sp\u00f3\u0142ka z o.o.\" \/>\n<meta property=\"article:published_time\" content=\"2022-04-04T13:14:33+00:00\" \/>\n<meta property=\"article:modified_time\" content=\"2026-03-20T07:38:26+00:00\" \/>\n<meta name=\"author\" content=\"rpalczewski\" \/>\n<meta name=\"twitter:card\" content=\"summary_large_image\" \/>\n<meta name=\"twitter:label1\" content=\"Napisane przez\" \/>\n\t<meta name=\"twitter:data1\" content=\"rpalczewski\" \/>\n\t<meta name=\"twitter:label2\" content=\"Szacowany czas czytania\" \/>\n\t<meta name=\"twitter:data2\" content=\"1 minuta\" \/>\n<script type=\"application\/ld+json\" class=\"yoast-schema-graph\">{\"@context\":\"https:\/\/schema.org\",\"@graph\":[{\"@type\":\"Article\",\"@id\":\"https:\/\/zgk.lubkow.pl\/zgk\/ii-przetarg-ofertowy-na-sprzedaz-majatku\/#article\",\"isPartOf\":{\"@id\":\"https:\/\/zgk.lubkow.pl\/zgk\/ii-przetarg-ofertowy-na-sprzedaz-majatku\/\"},\"author\":{\"name\":\"rpalczewski\",\"@id\":\"https:\/\/zgk.lubkow.pl\/zgk\/#\/schema\/person\/3c8ec62eec9a728021ed36790a53c88f\"},\"headline\":\"II przetarg ofertowy na sprzeda\u017c maj\u0105tku\",\"datePublished\":\"2022-04-04T13:14:33+00:00\",\"dateModified\":\"2026-03-20T07:38:26+00:00\",\"mainEntityOfPage\":{\"@id\":\"https:\/\/zgk.lubkow.pl\/zgk\/ii-przetarg-ofertowy-na-sprzedaz-majatku\/\"},\"wordCount\":79,\"publisher\":{\"@id\":\"https:\/\/zgk.lubkow.pl\/zgk\/#organization\"},\"articleSection\":[\"Aktualno\u015bci\",\"Og\u0142oszenia\"],\"inLanguage\":\"pl-PL\"},{\"@type\":\"WebPage\",\"@id\":\"https:\/\/zgk.lubkow.pl\/zgk\/ii-przetarg-ofertowy-na-sprzedaz-majatku\/\",\"url\":\"https:\/\/zgk.lubkow.pl\/zgk\/ii-przetarg-ofertowy-na-sprzedaz-majatku\/\",\"name\":\"II przetarg ofertowy na sprzeda\u017c maj\u0105tku - Zak\u0142ad Gospodarki Komunalnej w Lubkowie Sp\u00f3\u0142ka z o.o.\",\"isPartOf\":{\"@id\":\"https:\/\/zgk.lubkow.pl\/zgk\/#website\"},\"datePublished\":\"2022-04-04T13:14:33+00:00\",\"dateModified\":\"2026-03-20T07:38:26+00:00\",\"breadcrumb\":{\"@id\":\"https:\/\/zgk.lubkow.pl\/zgk\/ii-przetarg-ofertowy-na-sprzedaz-majatku\/#breadcrumb\"},\"inLanguage\":\"pl-PL\",\"potentialAction\":[{\"@type\":\"ReadAction\",\"target\":[\"https:\/\/zgk.lubkow.pl\/zgk\/ii-przetarg-ofertowy-na-sprzedaz-majatku\/\"]}]},{\"@type\":\"BreadcrumbList\",\"@id\":\"https:\/\/zgk.lubkow.pl\/zgk\/ii-przetarg-ofertowy-na-sprzedaz-majatku\/#breadcrumb\",\"itemListElement\":[{\"@type\":\"ListItem\",\"position\":1,\"name\":\"Strona g\u0142\u00f3wna\",\"item\":\"https:\/\/zgk.lubkow.pl\/zgk\/\"},{\"@type\":\"ListItem\",\"position\":2,\"name\":\"II przetarg ofertowy na sprzeda\u017c maj\u0105tku\"}]},{\"@type\":\"WebSite\",\"@id\":\"https:\/\/zgk.lubkow.pl\/zgk\/#website\",\"url\":\"https:\/\/zgk.lubkow.pl\/zgk\/\",\"name\":\"Zak\u0142ad Gospodarki Komunalnej w Lubkowie Sp\u00f3\u0142ka z o.o.\",\"description\":\"\",\"publisher\":{\"@id\":\"https:\/\/zgk.lubkow.pl\/zgk\/#organization\"},\"potentialAction\":[{\"@type\":\"SearchAction\",\"target\":{\"@type\":\"EntryPoint\",\"urlTemplate\":\"https:\/\/zgk.lubkow.pl\/zgk\/?s={search_term_string}\"},\"query-input\":{\"@type\":\"PropertyValueSpecification\",\"valueRequired\":true,\"valueName\":\"search_term_string\"}}],\"inLanguage\":\"pl-PL\"},{\"@type\":\"Organization\",\"@id\":\"https:\/\/zgk.lubkow.pl\/zgk\/#organization\",\"name\":\"Zak\u0142ad Gospodarki Komunalnej w Lubkowie Sp\u00f3\u0142ka z o.o.\",\"url\":\"https:\/\/zgk.lubkow.pl\/zgk\/\",\"logo\":{\"@type\":\"ImageObject\",\"inLanguage\":\"pl-PL\",\"@id\":\"https:\/\/zgk.lubkow.pl\/zgk\/#\/schema\/logo\/image\/\",\"url\":\"https:\/\/zgk.lubkow.pl\/zgk\/wp-content\/uploads\/2026\/02\/logo-copy.webp\",\"contentUrl\":\"https:\/\/zgk.lubkow.pl\/zgk\/wp-content\/uploads\/2026\/02\/logo-copy.webp\",\"width\":844,\"height\":115,\"caption\":\"Zak\u0142ad Gospodarki Komunalnej w Lubkowie Sp\u00f3\u0142ka z o.o.\"},\"image\":{\"@id\":\"https:\/\/zgk.lubkow.pl\/zgk\/#\/schema\/logo\/image\/\"}},{\"@type\":\"Person\",\"@id\":\"https:\/\/zgk.lubkow.pl\/zgk\/#\/schema\/person\/3c8ec62eec9a728021ed36790a53c88f\",\"name\":\"rpalczewski\",\"image\":{\"@type\":\"ImageObject\",\"inLanguage\":\"pl-PL\",\"@id\":\"https:\/\/secure.gravatar.com\/avatar\/?s=96&d=mm&r=g\",\"url\":\"https:\/\/secure.gravatar.com\/avatar\/?s=96&d=mm&r=g\",\"contentUrl\":\"https:\/\/secure.gravatar.com\/avatar\/?s=96&d=mm&r=g\",\"caption\":\"rpalczewski\"},\"url\":\"https:\/\/zgk.lubkow.pl\/zgk\/author\/rpalczewski\/\"}]}<\/script>\n<!-- \/ Yoast SEO plugin. -->","yoast_head_json":{"title":"II przetarg ofertowy na sprzeda\u017c maj\u0105tku - Zak\u0142ad Gospodarki Komunalnej w Lubkowie Sp\u00f3\u0142ka z o.o.","robots":{"index":"index","follow":"follow","max-snippet":"max-snippet:-1","max-image-preview":"max-image-preview:large","max-video-preview":"max-video-preview:-1"},"canonical":"https:\/\/zgk.lubkow.pl\/zgk\/ii-przetarg-ofertowy-na-sprzedaz-majatku\/","og_locale":"pl_PL","og_type":"article","og_title":"II przetarg ofertowy na sprzeda\u017c maj\u0105tku - Zak\u0142ad Gospodarki Komunalnej w Lubkowie Sp\u00f3\u0142ka z o.o.","og_description":"Zak\u0142ad Gospodarki Komunalnej w Lubkowie Sp. z o.o. og\u0142asza drugi przetarg ofertowy na sprzeda\u017c cz\u0119\u015bci maj\u0105tku ruchomego. Sk\u0142adanie ofert do dnia 13.04.2022 r. Przetarg dotyczy nast\u0119puj\u0105cych sk\u0142adnik\u00f3w maj\u0105tku : (kliknij aby pobra\u0107) Og\u0142oszenie o sprzeda\u017cy linia sortownicza wraz z urz\u0105dzeniami towarzysz\u0105cymi za\u0142\u0105cznik nr 1 za\u0142\u0105cznik nr 2 za\u0142\u0105cznik nr 3 za\u0142\u0105cznik nr 4 za\u0142\u0105cznik nr [&hellip;]","og_url":"https:\/\/zgk.lubkow.pl\/zgk\/ii-przetarg-ofertowy-na-sprzedaz-majatku\/","og_site_name":"Zak\u0142ad Gospodarki Komunalnej w Lubkowie Sp\u00f3\u0142ka z o.o.","article_published_time":"2022-04-04T13:14:33+00:00","article_modified_time":"2026-03-20T07:38:26+00:00","author":"rpalczewski","twitter_card":"summary_large_image","twitter_misc":{"Napisane przez":"rpalczewski","Szacowany czas czytania":"1 minuta"},"schema":{"@context":"https:\/\/schema.org","@graph":[{"@type":"Article","@id":"https:\/\/zgk.lubkow.pl\/zgk\/ii-przetarg-ofertowy-na-sprzedaz-majatku\/#article","isPartOf":{"@id":"https:\/\/zgk.lubkow.pl\/zgk\/ii-przetarg-ofertowy-na-sprzedaz-majatku\/"},"author":{"name":"rpalczewski","@id":"https:\/\/zgk.lubkow.pl\/zgk\/#\/schema\/person\/3c8ec62eec9a728021ed36790a53c88f"},"headline":"II przetarg ofertowy na sprzeda\u017c maj\u0105tku","datePublished":"2022-04-04T13:14:33+00:00","dateModified":"2026-03-20T07:38:26+00:00","mainEntityOfPage":{"@id":"https:\/\/zgk.lubkow.pl\/zgk\/ii-przetarg-ofertowy-na-sprzedaz-majatku\/"},"wordCount":79,"publisher":{"@id":"https:\/\/zgk.lubkow.pl\/zgk\/#organization"},"articleSection":["Aktualno\u015bci","Og\u0142oszenia"],"inLanguage":"pl-PL"},{"@type":"WebPage","@id":"https:\/\/zgk.lubkow.pl\/zgk\/ii-przetarg-ofertowy-na-sprzedaz-majatku\/","url":"https:\/\/zgk.lubkow.pl\/zgk\/ii-przetarg-ofertowy-na-sprzedaz-majatku\/","name":"II przetarg ofertowy na sprzeda\u017c maj\u0105tku - Zak\u0142ad Gospodarki Komunalnej w Lubkowie Sp\u00f3\u0142ka z o.o.","isPartOf":{"@id":"https:\/\/zgk.lubkow.pl\/zgk\/#website"},"datePublished":"2022-04-04T13:14:33+00:00","dateModified":"2026-03-20T07:38:26+00:00","breadcrumb":{"@id":"https:\/\/zgk.lubkow.pl\/zgk\/ii-przetarg-ofertowy-na-sprzedaz-majatku\/#breadcrumb"},"inLanguage":"pl-PL","potentialAction":[{"@type":"ReadAction","target":["https:\/\/zgk.lubkow.pl\/zgk\/ii-przetarg-ofertowy-na-sprzedaz-majatku\/"]}]},{"@type":"BreadcrumbList","@id":"https:\/\/zgk.lubkow.pl\/zgk\/ii-przetarg-ofertowy-na-sprzedaz-majatku\/#breadcrumb","itemListElement":[{"@type":"ListItem","position":1,"name":"Strona g\u0142\u00f3wna","item":"https:\/\/zgk.lubkow.pl\/zgk\/"},{"@type":"ListItem","position":2,"name":"II przetarg ofertowy na sprzeda\u017c maj\u0105tku"}]},{"@type":"WebSite","@id":"https:\/\/zgk.lubkow.pl\/zgk\/#website","url":"https:\/\/zgk.lubkow.pl\/zgk\/","name":"Zak\u0142ad Gospodarki Komunalnej w Lubkowie Sp\u00f3\u0142ka z o.o.","description":"","publisher":{"@id":"https:\/\/zgk.lubkow.pl\/zgk\/#organization"},"potentialAction":[{"@type":"SearchAction","target":{"@type":"EntryPoint","urlTemplate":"https:\/\/zgk.lubkow.pl\/zgk\/?s={search_term_string}"},"query-input":{"@type":"PropertyValueSpecification","valueRequired":true,"valueName":"search_term_string"}}],"inLanguage":"pl-PL"},{"@type":"Organization","@id":"https:\/\/zgk.lubkow.pl\/zgk\/#organization","name":"Zak\u0142ad Gospodarki Komunalnej w Lubkowie Sp\u00f3\u0142ka z o.o.","url":"https:\/\/zgk.lubkow.pl\/zgk\/","logo":{"@type":"ImageObject","inLanguage":"pl-PL","@id":"https:\/\/zgk.lubkow.pl\/zgk\/#\/schema\/logo\/image\/","url":"https:\/\/zgk.lubkow.pl\/zgk\/wp-content\/uploads\/2026\/02\/logo-copy.webp","contentUrl":"https:\/\/zgk.lubkow.pl\/zgk\/wp-content\/uploads\/2026\/02\/logo-copy.webp","width":844,"height":115,"caption":"Zak\u0142ad Gospodarki Komunalnej w Lubkowie Sp\u00f3\u0142ka z o.o."},"image":{"@id":"https:\/\/zgk.lubkow.pl\/zgk\/#\/schema\/logo\/image\/"}},{"@type":"Person","@id":"https:\/\/zgk.lubkow.pl\/zgk\/#\/schema\/person\/3c8ec62eec9a728021ed36790a53c88f","name":"rpalczewski","image":{"@type":"ImageObject","inLanguage":"pl-PL","@id":"https:\/\/secure.gravatar.com\/avatar\/?s=96&d=mm&r=g","url":"https:\/\/secure.gravatar.com\/avatar\/?s=96&d=mm&r=g","contentUrl":"https:\/\/secure.gravatar.com\/avatar\/?s=96&d=mm&r=g","caption":"rpalczewski"},"url":"https:\/\/zgk.lubkow.pl\/zgk\/author\/rpalczewski\/"}]}},"_links":{"self":[{"href":"https:\/\/zgk.lubkow.pl\/zgk\/wp-json\/wp\/v2\/posts\/1392","targetHints":{"allow":["GET"]}}],"collection":[{"href":"https:\/\/zgk.lubkow.pl\/zgk\/wp-json\/wp\/v2\/posts"}],"about":[{"href":"https:\/\/zgk.lubkow.pl\/zgk\/wp-json\/wp\/v2\/types\/post"}],"author":[{"embeddable":true,"href":"https:\/\/zgk.lubkow.pl\/zgk\/wp-json\/wp\/v2\/users\/3"}],"replies":[{"embeddable":true,"href":"https:\/\/zgk.lubkow.pl\/zgk\/wp-json\/wp\/v2\/comments?post=1392"}],"version-history":[{"count":1,"href":"https:\/\/zgk.lubkow.pl\/zgk\/wp-json\/wp\/v2\/posts\/1392\/revisions"}],"predecessor-version":[{"id":4214,"href":"https:\/\/zgk.lubkow.pl\/zgk\/wp-json\/wp\/v2\/posts\/1392\/revisions\/4214"}],"wp:attachment":[{"href":"https:\/\/zgk.lubkow.pl\/zgk\/wp-json\/wp\/v2\/media?parent=1392"}],"wp:term":[{"taxonomy":"category","embeddable":true,"href":"https:\/\/zgk.lubkow.pl\/zgk\/wp-json\/wp\/v2\/categories?post=1392"},{"taxonomy":"post_tag","embeddable":true,"href":"https:\/\/zgk.lubkow.pl\/zgk\/wp-json\/wp\/v2\/tags?post=1392"}],"curies":[{"name":"wp","href":"https:\/\/api.w.org\/{rel}","templated":true}]}}