{"id":1384,"date":"2022-03-31T12:58:22","date_gmt":"2022-03-31T10:58:22","guid":{"rendered":"https:\/\/zgk.lubkow.pl\/zgk\/?p=1384"},"modified":"2026-03-20T08:38:49","modified_gmt":"2026-03-20T07:38:49","slug":"wyniki-postepowania-na-sprzedaz-majatku-ruchomego-oraz-samochodu-osobowego","status":"publish","type":"post","link":"https:\/\/zgk.lubkow.pl\/zgk\/wyniki-postepowania-na-sprzedaz-majatku-ruchomego-oraz-samochodu-osobowego\/","title":{"rendered":"Wyniki post\u0119powania na sprzeda\u017c maj\u0105tku ruchomego oraz samochodu osobowego"},"content":{"rendered":"\t\t<div data-elementor-type=\"wp-post\" data-elementor-id=\"1384\" class=\"elementor elementor-1384\">\n\t\t\t\t\t\t<section class=\"elementor-section elementor-top-section elementor-element elementor-element-1aa5ae7 elementor-section-boxed elementor-section-height-default elementor-section-height-default\" data-id=\"1aa5ae7\" data-element_type=\"section\" data-e-type=\"section\">\n\t\t\t\t\t\t<div class=\"elementor-container elementor-column-gap-default\">\n\t\t\t\t\t<div class=\"elementor-column elementor-col-100 elementor-top-column elementor-element elementor-element-77cad09\" data-id=\"77cad09\" data-element_type=\"column\" data-e-type=\"column\">\n\t\t\t<div class=\"elementor-widget-wrap elementor-element-populated\">\n\t\t\t\t\t\t<div class=\"elementor-element elementor-element-6c00a00 elementor-widget elementor-widget-heading\" data-id=\"6c00a00\" data-element_type=\"widget\" data-e-type=\"widget\" data-widget_type=\"heading.default\">\n\t\t\t\t\t<h2 class=\"elementor-heading-title elementor-size-medium\">OG\u0141OSZENIE O WYNIKU POST\u0118POWANIA\ndot. post\u0119powania prowadzonego w trybie  publicznego przetargu ofertowego nieograniczonego na sprzeda\u017c rzeczowych sk\u0142adnik\u00f3w maj\u0105tku ruchomego:\nI.\tLinia do sortowania surowcowych odpad\u00f3w komunalnych wraz z urz\u0105dzeniami towarzysz\u0105cymi \u2013 nr sprawy: DA.235.1.2022.ZS\nII.\tW\u00f3zek wid\u0142owy KOMATSU FG-10-15 \u2013 nr sprawy: DA.235.2.2022.ZS\nIII.\tPrzyczepa ci\u0119\u017carowa \u2013 niskopodwoziowa \u2013 nr sprawy: DA.235.3.2022.ZS\nIV.\tSamoch\u00f3d osobowy \u2013 PEUGEOT HUSKY 406 \u2013 nr sprawy: DA.235.4.2022.ZS\n<\/h2>\t\t\t\t<\/div>\n\t\t\t\t\t<\/div>\n\t\t<\/div>\n\t\t\t\t\t<\/div>\n\t\t<\/section>\n\t\t\t\t<section class=\"elementor-section elementor-top-section elementor-element elementor-element-44b172b elementor-section-boxed elementor-section-height-default elementor-section-height-default\" data-id=\"44b172b\" data-element_type=\"section\" data-e-type=\"section\">\n\t\t\t\t\t\t<div class=\"elementor-container elementor-column-gap-default\">\n\t\t\t\t\t<div class=\"elementor-column elementor-col-100 elementor-top-column elementor-element elementor-element-0fdd724\" data-id=\"0fdd724\" data-element_type=\"column\" data-e-type=\"column\">\n\t\t\t<div class=\"elementor-widget-wrap elementor-element-populated\">\n\t\t\t\t\t\t<div class=\"elementor-element elementor-element-c075a11 elementor-widget elementor-widget-text-editor\" data-id=\"c075a11\" data-element_type=\"widget\" data-e-type=\"widget\" data-widget_type=\"text-editor.default\">\n\t\t\t\t\t\t\t\t\t<p>Prezes Zarz\u0105du Zak\u0142adu Gospodarki Komunalnej w Lubkowie Sp. z o.o. informuje, i\u017c\u00a0w\u00a0post\u0119powaniu prowadzonym w trybie publicznego przetargu ofertowego nieograniczonego na sprzeda\u017c rzeczowych sk\u0142adnik\u00f3w maj\u0105tku ruchomego w cz\u0119\u015bci:<\/p><p><span style=\"color: var( --e-global-color-text ); font-family: var( --e-global-typography-text-font-family ), Sans-serif;\">I.\u00a0<\/span><strong style=\"color: var( --e-global-color-text ); font-family: var( --e-global-typography-text-font-family ), Sans-serif;\">Linia do sortowania surowcowych odpad\u00f3w komunalnych wraz z urz\u0105dzeniami towarzysz\u0105cymi nr sprawy: DA.235.1.2022.ZS<\/strong><span style=\"color: var( --e-global-color-text ); font-family: var( --e-global-typography-text-font-family ), Sans-serif; font-weight: var( --e-global-typography-text-font-weight );\"> nie zosta\u0142a z\u0142o\u017cona \u017cadna oferta.<\/span><\/p><p><span style=\"color: var( --e-global-color-text ); font-family: var( --e-global-typography-text-font-family ), Sans-serif;\">II.\u00a0<\/span><strong style=\"color: var( --e-global-color-text ); font-family: var( --e-global-typography-text-font-family ), Sans-serif;\">W\u00f3zek wid\u0142owy KOMATSU FG-10-15 \u2013 nr sprawy: DA.235.2.2022.ZS<\/strong><\/p><p>W post\u0119powaniu zosta\u0142y z\u0142o\u017cone nast\u0119puj\u0105ce oferty:<\/p><ol><li>Oferta nr 1 \u2013 cena\u00a0 \u00a09 000,00 PLN<\/li><li>Oferta nr 2 \u2013 cena \u00a0\u00a08\u00a0660,00 PLN<\/li><li>Oferta nr 3 \u2013 cena \u00a0\u00a08\u00a0100,00 PLN<\/li><li>Oferta nr 4 \u2013 cena \u00a013\u00a0100,00 PLN\u00a0\u00a0\u00a0\u00a0\u00a0\u00a0\u00a0<\/li><li>Oferta nr 5 \u2013 cena\u00a0\u00a0\u00a0 7\u00a0011,00 PLN<\/li><li>Oferta nr 6 \u2013 cena\u00a0\u00a0\u00a0 6\u00a0700,00 PLN<\/li><li>Oferta nr 7 \u2013 cena\u00a0 12\u00a0500,00 PLN<\/li><li>Oferta nr 8 \u2013 cena\u00a0 10\u00a0332,00 PLN<\/li><li>Oferta nr 9 \u2013 cena\u00a0\u00a0\u00a0 9\u00a0600,00 PLN<\/li><li>Oferta nr 10 \u2013 cena 8\u00a0000,00 PLN<\/li><li>Oferta nr 11 \u2013 cena 8\u00a0888,00 PLN<\/li><li>Oferta nr 12 \u2013 cena 11\u00a0500,00 PLN<\/li><li>Oferta nr 13 \u2013 cena 11\u00a0700,00 PLN<\/li><li>Oferta nr 14 \u2013 cena 10\u00a0899,00 PLN<\/li><li>Oferta nr 15 \u2013 cena 12\u00a0750,00 PLN<\/li><\/ol><table width=\"651\"><tbody><tr><td width=\"33\"><p><strong>\u00a0<\/strong><\/p><p><strong>Lp.<\/strong><\/p><p>\u00a0<\/p><\/td><td width=\"268\"><p><strong>\u00a0<\/strong><\/p><p><strong>PRZEDMIOT SPRZEDA\u017bY<\/strong><\/p><\/td><td width=\"187\"><p><strong>Oferent<\/strong><\/p><p><strong>z najkorzystniejsz\u0105 ofert\u0105<\/strong><\/p><\/td><td width=\"164\"><p><strong>\u00a0<\/strong><\/p><p><strong>Cena brutto<\/strong><\/p><\/td><\/tr><tr><td width=\"33\"><p>1<\/p><\/td><td width=\"268\"><p><strong>W\u00d3ZEK WID\u0141OWY KOMATSU FG-10-15<\/strong><\/p><p><strong>\u00a0\u00a0\u00a0 <\/strong>Producent:\u00a0 \u00a0\u00a0\u00a0\u00a0\u00a0KOMATSU<\/p><p>\u00a0\u00a0\u00a0 Model:\u00a0\u00a0\u00a0\u00a0\u00a0\u00a0\u00a0\u00a0\u00a0\u00a0\u00a0\u00a0 FG-10-15<\/p><p>1.\u00a0\u00a0\u00a0\u00a0 Producent:\u00a0\u00a0\u00a0\u00a0\u00a0\u00a0\u00a0 \u00a0\u00a0\u00a0\u00a0\u00a0\u00a0 KOMATSU<\/p><p>2.\u00a0\u00a0\u00a0\u00a0 Model:\u00a0\u00a0\u00a0\u00a0\u00a0\u00a0\u00a0\u00a0\u00a0\u00a0\u00a0\u00a0\u00a0\u00a0 \u00a0\u00a0\u00a0\u00a0\u00a0 FG-10-15<\/p><p>3.\u00a0\u00a0\u00a0\u00a0 Nr seryjny:\u00a0\u00a0\u00a0\u00a0\u00a0\u00a0\u00a0 \u00a0\u00a0\u00a0\u00a0\u00a0\u00a0 308723<\/p><p>4.\u00a0\u00a0\u00a0\u00a0 Przebieg:\u00a0\u00a0\u00a0\u00a0\u00a0\u00a0\u00a0\u00a0\u00a0\u00a0\u00a0\u00a0\u00a0\u00a0\u00a0\u00a0 1440 h<\/p><p>5.\u00a0\u00a0\u00a0\u00a0 Szeroko\u015b\u0107:\u00a0\u00a0\u00a0\u00a0\u00a0\u00a0\u00a0\u00a0\u00a0\u00a0\u00a0\u00a0\u00a0\u00a0 1186 mm<\/p><p>6.\u00a0\u00a0\u00a0\u00a0 D\u0142ugo\u015b\u0107 wide\u0142: 1200 mm<\/p><p>7.\u00a0\u00a0\u00a0\u00a0 Typ masztu:\u00a0\u00a0\u00a0\u00a0\u00a0\u00a0\u00a0\u00a0\u00a0\u00a0\u00a0\u00a0 Duplex<\/p><p>8.\u00a0\u00a0\u00a0\u00a0 Silnik:\u00a0\u00a0\u00a0\u00a0\u00a0\u00a0\u00a0\u00a0\u00a0\u00a0\u00a0 zasilany LPG<\/p><p>9.\u00a0\u00a0\u00a0\u00a0 Moc silnika:\u00a0\u00a0\u00a0\u00a0\u00a0\u00a0\u00a0\u00a0\u00a0\u00a0\u00a0\u00a0\u00a0 28 kW<\/p><p>10.\u00a0 Rok budowy:\u00a0\u00a0 1996<\/p><\/td><td width=\"187\"><p>Kolak Artur<\/p><p>ul. Bia\u0142a Droga 171A<\/p><p>Chocznia<\/p><p>\u00a0<\/p><\/td><td width=\"164\"><p>13 100,00 PLN<\/p><\/td><\/tr><\/tbody><\/table><p>Uzasadnienie: oferta wa\u017cna, niepodlegaj\u0105ca odrzuceniu, najkorzystniejsza cenowo.\u00a0 \u00a0\u00a0<\/p><p><span style=\"color: var( --e-global-color-text ); font-family: var( --e-global-typography-text-font-family ), Sans-serif;\">III.\u00a0<\/span><strong style=\"color: var( --e-global-color-text ); font-family: var( --e-global-typography-text-font-family ), Sans-serif;\">Przyczepa ci\u0119\u017carowa \u2013 niskopodwoziowa \u2013 nr sprawy: DA.235.3.2022.ZS<\/strong><\/p><p>W post\u0119powaniu zosta\u0142y z\u0142o\u017cone nast\u0119puj\u0105ce oferty:<\/p><ol><li>Oferta nr 1 \u2013 cena\u00a0\u00a0 5 600,00 PLN<\/li><li>Oferta nr 2 \u2013 cena\u00a0\u00a0 6\u00a0000,00 PLN<\/li><li>Oferta nr 3 \u2013 cena\u00a0\u00a0 6\u00a0860,00 PLN<\/li><\/ol><table width=\"651\"><tbody><tr><td width=\"33\"><p><strong>\u00a0<\/strong><\/p><p><strong>Lp.<\/strong><\/p><p>\u00a0<\/p><\/td><td width=\"327\"><p><strong>\u00a0<\/strong><\/p><p><strong>PRZEDMIOT SPRZEDA\u017bY<\/strong><\/p><\/td><td width=\"161\"><p><strong>\u00a0<\/strong><\/p><p><strong>Oferent\u00a0\u00a0\u00a0\u00a0\u00a0\u00a0\u00a0\u00a0\u00a0\u00a0\u00a0\u00a0\u00a0\u00a0\u00a0\u00a0\u00a0\u00a0\u00a0\u00a0\u00a0\u00a0\u00a0\u00a0\u00a0\u00a0\u00a0\u00a0\u00a0\u00a0\u00a0\u00a0\u00a0\u00a0\u00a0\u00a0\u00a0\u00a0\u00a0\u00a0\u00a0 z najkorzystniejsz\u0105 ofert\u0105 <\/strong><\/p><\/td><td width=\"132\"><p><strong>\u00a0<\/strong><\/p><p><strong>Cena brutto<\/strong><\/p><\/td><\/tr><tr><td width=\"33\"><p>1<\/p><\/td><td width=\"327\"><p><strong>PRZYCZEPA CI\u0118\u017bAROWA &#8211; NISKOPODWOZIOWA<\/strong><\/p><p><strong>\u00a0<\/strong><\/p><p>1.\u00a0\u00a0\u00a0\u00a0\u00a0\u00a0 Marka:\u00a0\u00a0\u00a0\u00a0\u00a0\u00a0 POM-\u015aREM<\/p><p>2.\u00a0\u00a0\u00a0\u00a0\u00a0\u00a0 Model:\u00a0\u00a0\u00a0\u00a0\u00a0\u00a0 T-035<\/p><p>3.\u00a0\u00a0\u00a0\u00a0\u00a0\u00a0 Nr rejestracyjny: \u00a0\u00a0\u00a0\u00a0 DBL 74TV<\/p><p>4.\u00a0\u00a0\u00a0\u00a0 Dop. masa ca\u0142k.\/masa w\u0142asna:12900kg\/ \u00a0\u00a02900 kg<\/p><p>5.\u00a0\u00a0\u00a0\u00a0\u00a0\u00a0 Zawieszenie osi: resory<\/p><p>6.\u00a0\u00a0\u00a0\u00a0\u00a0\u00a0 Rok produkcji:\u00a0\u00a0\u00a0\u00a0\u00a0\u00a0\u00a0\u00a0 1979<\/p><\/td><td width=\"161\"><p>AUTO-CEL Zbigniew Rudzik<\/p><p>ul. Jarz\u0119binowa 29<\/p><p>59-700 Boles\u0142awiec<\/p><p>\u00a0<\/p><\/td><td width=\"132\"><p>6 860,00 PLN<\/p><\/td><\/tr><\/tbody><\/table><p>Uzasadnienie: oferta wa\u017cna, niepodlegaj\u0105ca odrzuceniu, najkorzystniejsza cenowo.\u00a0 \u00a0<\/p><p><strong style=\"color: var( --e-global-color-text ); font-family: var( --e-global-typography-text-font-family ), Sans-serif;\">IV. Samoch\u00f3d osobowy \u2013 PEUGEOT HUSKY 406 \u2013 nr sprawy: DA.235.4.2022.ZS<\/strong><\/p><p>W post\u0119powaniu zosta\u0142y z\u0142o\u017cone nast\u0119puj\u0105ce oferty:<\/p><ol><li>Oferta nr 1 \u2013 cena\u00a0\u00a0 2 511,00 PLN<\/li><li>Oferta nr 2 \u2013 cena\u00a0\u00a0 2 000,00 PLN<\/li><\/ol><table width=\"651\"><tbody><tr><td width=\"33\"><p><strong>\u00a0<\/strong><\/p><p><strong>Lp.<\/strong><\/p><p>\u00a0<\/p><\/td><td width=\"317\"><p><strong>\u00a0<\/strong><\/p><p><strong>PRZEDMIOT SPRZEDA\u017bY<\/strong><\/p><\/td><td width=\"170\"><p><strong>\u00a0<\/strong><\/p><p><strong>Oferent\u00a0\u00a0\u00a0\u00a0\u00a0\u00a0\u00a0\u00a0\u00a0\u00a0\u00a0\u00a0\u00a0\u00a0\u00a0\u00a0\u00a0\u00a0\u00a0\u00a0\u00a0\u00a0\u00a0\u00a0\u00a0\u00a0\u00a0\u00a0\u00a0\u00a0\u00a0\u00a0\u00a0\u00a0\u00a0\u00a0 z najkorzystniejsz\u0105 ofert\u0105<\/strong><\/p><\/td><td width=\"132\"><p><strong>\u00a0<\/strong><\/p><p><strong>Cena brutto<\/strong><\/p><\/td><\/tr><tr><td width=\"33\"><p>1<\/p><\/td><td width=\"317\"><p><strong>SAMOCH\u00d3D OSOBOWY PEUGEOT <\/strong><\/p><p><strong>HUSKY 406<\/strong><\/p><p><strong>\u00a0<\/strong><\/p><p>1.\u00a0\u00a0\u00a0 Marka\/Typ Model:Peugeot HUSKY 406<\/p><p>2.\u00a0\u00a0\u00a0 Nr rejestracyjny:\u00a0\u00a0\u00a0\u00a0\u00a0\u00a0\u00a0 DBL S888<\/p><p>3.\u00a0\u00a0\u00a0 DMC:\u00a0\u00a0\u00a0\u00a0\u00a0\u00a0\u00a0\u00a0\u00a0\u00a0\u00a0\u00a0\u00a0 \u00a0\u00a0\u00a0\u00a0\u00a0\u00a0\u00a0 1870kg<\/p><p>4.\u00a0\u00a0\u00a0 Masa w\u0142asna:\u00a0\u00a0\u00a0\u00a0\u00a0\u00a0\u00a0\u00a0\u00a0\u00a0\u00a0\u00a0 1300 kg<\/p><p>5.\u00a0\u00a0\u00a0 Pojemno\u015b\u0107 skokowa:\u00a0 1997 cm<sup>3<\/sup><\/p><p>6.\u00a0\u00a0\u00a0 Moc:\u00a0\u00a0\u00a0\u00a0\u00a0\u00a0\u00a0\u00a0\u00a0\u00a0\u00a0\u00a0\u00a0\u00a0\u00a0\u00a0\u00a0\u00a0\u00a0\u00a0\u00a0\u00a0\u00a0 66 kW<\/p><p>7.\u00a0\u00a0\u00a0 Liczba miejsc siedz\u0105cych:5<\/p><p>8.\u00a0\u00a0\u00a0 Przebieg: 392850 na dzie\u0144\u00a0\u00a0\u00a0 09.03.2022r.<\/p><p>9.\u00a0\u00a0\u00a0 Rok produkcji:\u00a0 \u00a0\u00a0\u00a0\u00a0\u00a0\u00a0\u00a0 2002<\/p><\/td><td width=\"170\"><p>Kaleta Marcin<\/p><p>Henryk\u00f3w Luba\u0144ski 395<\/p><p>59-800 Luba\u0144<\/p><p>\u00a0<\/p><\/td><td width=\"132\"><p>2 511,00 PLN<\/p><\/td><\/tr><\/tbody><\/table><p>Uzasadnienie: oferta wa\u017cna, niepodlegaj\u0105ca odrzuceniu, najkorzystniejsza cenowo.\u00a0\u00a0\u00a0\u00a0<\/p>\t\t\t\t\t\t\t\t<\/div>\n\t\t\t\t\t<\/div>\n\t\t<\/div>\n\t\t\t\t\t<\/div>\n\t\t<\/section>\n\t\t\t\t<section class=\"elementor-section elementor-top-section elementor-element elementor-element-e5c2aad elementor-section-boxed elementor-section-height-default elementor-section-height-default\" data-id=\"e5c2aad\" data-element_type=\"section\" data-e-type=\"section\">\n\t\t\t\t\t\t<div class=\"elementor-container elementor-column-gap-default\">\n\t\t\t\t\t<div class=\"elementor-column elementor-col-100 elementor-top-column elementor-element elementor-element-d4866b1\" data-id=\"d4866b1\" data-element_type=\"column\" data-e-type=\"column\">\n\t\t\t<div class=\"elementor-widget-wrap elementor-element-populated\">\n\t\t\t\t\t\t<div class=\"elementor-element elementor-element-cdff03f elementor-widget elementor-widget-text-editor\" data-id=\"cdff03f\" data-element_type=\"widget\" data-e-type=\"widget\" data-widget_type=\"text-editor.default\">\n\t\t\t\t\t\t\t\t\t<h6>Prezes Zarz\u0105du<\/h6><h6>Rados\u0142aw Palczewski<\/h6><p>\u00a0<\/p><p>W<span style=\"color: var( --e-global-color-text ); font-family: var( --e-global-typography-text-font-family ), Sans-serif; font-weight: var( --e-global-typography-text-font-weight );\">yniki w w wersji PDF : <\/span><a style=\"font-family: var( --e-global-typography-text-font-family ), Sans-serif; font-weight: var( --e-global-typography-text-font-weight ); background-color: #f9f9f9;\" href=\"https:\/\/gzgk.home.pl\/zgk\/wp-content\/uploads\/2022\/03\/Ogloszenie-o-wyniku-postepowania-sprzedaz-skl.-majatku-ruchomego.pdf\">pobierz\u00a0<\/a><\/p>\t\t\t\t\t\t\t\t<\/div>\n\t\t\t\t\t<\/div>\n\t\t<\/div>\n\t\t\t\t\t<\/div>\n\t\t<\/section>\n\t\t\t\t<\/div>\n\t\t","protected":false},"excerpt":{"rendered":"<p>OG\u0141OSZENIE O WYNIKU POST\u0118POWANIA dot. post\u0119powania prowadzonego w trybie publicznego przetargu ofertowego nieograniczonego na sprzeda\u017c rzeczowych sk\u0142adnik\u00f3w maj\u0105tku ruchomego: I. Linia do sortowania surowcowych odpad\u00f3w komunalnych wraz z urz\u0105dzeniami towarzysz\u0105cymi \u2013 nr sprawy: DA.235.1.2022.ZS II. W\u00f3zek wid\u0142owy KOMATSU FG-10-15 \u2013 nr sprawy: DA.235.2.2022.ZS III. Przyczepa ci\u0119\u017carowa \u2013 niskopodwoziowa \u2013 nr sprawy: DA.235.3.2022.ZS IV. Samoch\u00f3d osobowy [&hellip;]<\/p>\n","protected":false},"author":3,"featured_media":0,"comment_status":"closed","ping_status":"closed","sticky":false,"template":"","format":"standard","meta":{"footnotes":""},"categories":[8,9],"tags":[],"class_list":["post-1384","post","type-post","status-publish","format-standard","hentry","category-aktualnosci","category-ogloszenia"],"yoast_head":"<!-- This site is optimized with the Yoast SEO plugin v27.2 - https:\/\/yoast.com\/product\/yoast-seo-wordpress\/ -->\n<title>Wyniki post\u0119powania na sprzeda\u017c maj\u0105tku ruchomego oraz samochodu osobowego - Zak\u0142ad Gospodarki Komunalnej w Lubkowie Sp\u00f3\u0142ka z o.o.<\/title>\n<meta name=\"robots\" content=\"index, follow, max-snippet:-1, max-image-preview:large, max-video-preview:-1\" \/>\n<link rel=\"canonical\" href=\"https:\/\/zgk.lubkow.pl\/zgk\/wyniki-postepowania-na-sprzedaz-majatku-ruchomego-oraz-samochodu-osobowego\/\" \/>\n<meta property=\"og:locale\" content=\"pl_PL\" \/>\n<meta property=\"og:type\" content=\"article\" \/>\n<meta property=\"og:title\" content=\"Wyniki post\u0119powania na sprzeda\u017c maj\u0105tku ruchomego oraz samochodu osobowego - Zak\u0142ad Gospodarki Komunalnej w Lubkowie Sp\u00f3\u0142ka z o.o.\" \/>\n<meta property=\"og:description\" content=\"OG\u0141OSZENIE O WYNIKU POST\u0118POWANIA dot. post\u0119powania prowadzonego w trybie publicznego przetargu ofertowego nieograniczonego na sprzeda\u017c rzeczowych sk\u0142adnik\u00f3w maj\u0105tku ruchomego: I. Linia do sortowania surowcowych odpad\u00f3w komunalnych wraz z urz\u0105dzeniami towarzysz\u0105cymi \u2013 nr sprawy: DA.235.1.2022.ZS II. W\u00f3zek wid\u0142owy KOMATSU FG-10-15 \u2013 nr sprawy: DA.235.2.2022.ZS III. Przyczepa ci\u0119\u017carowa \u2013 niskopodwoziowa \u2013 nr sprawy: DA.235.3.2022.ZS IV. Samoch\u00f3d osobowy [&hellip;]\" \/>\n<meta property=\"og:url\" content=\"https:\/\/zgk.lubkow.pl\/zgk\/wyniki-postepowania-na-sprzedaz-majatku-ruchomego-oraz-samochodu-osobowego\/\" \/>\n<meta property=\"og:site_name\" content=\"Zak\u0142ad Gospodarki Komunalnej w Lubkowie Sp\u00f3\u0142ka z o.o.\" \/>\n<meta property=\"article:published_time\" content=\"2022-03-31T10:58:22+00:00\" \/>\n<meta property=\"article:modified_time\" content=\"2026-03-20T07:38:49+00:00\" \/>\n<meta name=\"author\" content=\"rpalczewski\" \/>\n<meta name=\"twitter:card\" content=\"summary_large_image\" \/>\n<meta name=\"twitter:label1\" content=\"Napisane przez\" \/>\n\t<meta name=\"twitter:data1\" content=\"rpalczewski\" \/>\n\t<meta name=\"twitter:label2\" content=\"Szacowany czas czytania\" \/>\n\t<meta name=\"twitter:data2\" content=\"4 minuty\" \/>\n<script type=\"application\/ld+json\" class=\"yoast-schema-graph\">{\"@context\":\"https:\/\/schema.org\",\"@graph\":[{\"@type\":\"Article\",\"@id\":\"https:\/\/zgk.lubkow.pl\/zgk\/wyniki-postepowania-na-sprzedaz-majatku-ruchomego-oraz-samochodu-osobowego\/#article\",\"isPartOf\":{\"@id\":\"https:\/\/zgk.lubkow.pl\/zgk\/wyniki-postepowania-na-sprzedaz-majatku-ruchomego-oraz-samochodu-osobowego\/\"},\"author\":{\"name\":\"rpalczewski\",\"@id\":\"https:\/\/zgk.lubkow.pl\/zgk\/#\/schema\/person\/3c8ec62eec9a728021ed36790a53c88f\"},\"headline\":\"Wyniki post\u0119powania na sprzeda\u017c maj\u0105tku ruchomego oraz samochodu osobowego\",\"datePublished\":\"2022-03-31T10:58:22+00:00\",\"dateModified\":\"2026-03-20T07:38:49+00:00\",\"mainEntityOfPage\":{\"@id\":\"https:\/\/zgk.lubkow.pl\/zgk\/wyniki-postepowania-na-sprzedaz-majatku-ruchomego-oraz-samochodu-osobowego\/\"},\"wordCount\":493,\"publisher\":{\"@id\":\"https:\/\/zgk.lubkow.pl\/zgk\/#organization\"},\"articleSection\":[\"Aktualno\u015bci\",\"Og\u0142oszenia\"],\"inLanguage\":\"pl-PL\"},{\"@type\":\"WebPage\",\"@id\":\"https:\/\/zgk.lubkow.pl\/zgk\/wyniki-postepowania-na-sprzedaz-majatku-ruchomego-oraz-samochodu-osobowego\/\",\"url\":\"https:\/\/zgk.lubkow.pl\/zgk\/wyniki-postepowania-na-sprzedaz-majatku-ruchomego-oraz-samochodu-osobowego\/\",\"name\":\"Wyniki post\u0119powania na sprzeda\u017c maj\u0105tku ruchomego oraz samochodu osobowego - Zak\u0142ad Gospodarki Komunalnej w Lubkowie Sp\u00f3\u0142ka z o.o.\",\"isPartOf\":{\"@id\":\"https:\/\/zgk.lubkow.pl\/zgk\/#website\"},\"datePublished\":\"2022-03-31T10:58:22+00:00\",\"dateModified\":\"2026-03-20T07:38:49+00:00\",\"breadcrumb\":{\"@id\":\"https:\/\/zgk.lubkow.pl\/zgk\/wyniki-postepowania-na-sprzedaz-majatku-ruchomego-oraz-samochodu-osobowego\/#breadcrumb\"},\"inLanguage\":\"pl-PL\",\"potentialAction\":[{\"@type\":\"ReadAction\",\"target\":[\"https:\/\/zgk.lubkow.pl\/zgk\/wyniki-postepowania-na-sprzedaz-majatku-ruchomego-oraz-samochodu-osobowego\/\"]}]},{\"@type\":\"BreadcrumbList\",\"@id\":\"https:\/\/zgk.lubkow.pl\/zgk\/wyniki-postepowania-na-sprzedaz-majatku-ruchomego-oraz-samochodu-osobowego\/#breadcrumb\",\"itemListElement\":[{\"@type\":\"ListItem\",\"position\":1,\"name\":\"Strona g\u0142\u00f3wna\",\"item\":\"https:\/\/zgk.lubkow.pl\/zgk\/\"},{\"@type\":\"ListItem\",\"position\":2,\"name\":\"Wyniki post\u0119powania na sprzeda\u017c maj\u0105tku ruchomego oraz samochodu osobowego\"}]},{\"@type\":\"WebSite\",\"@id\":\"https:\/\/zgk.lubkow.pl\/zgk\/#website\",\"url\":\"https:\/\/zgk.lubkow.pl\/zgk\/\",\"name\":\"Zak\u0142ad Gospodarki Komunalnej w Lubkowie Sp\u00f3\u0142ka z o.o.\",\"description\":\"\",\"publisher\":{\"@id\":\"https:\/\/zgk.lubkow.pl\/zgk\/#organization\"},\"potentialAction\":[{\"@type\":\"SearchAction\",\"target\":{\"@type\":\"EntryPoint\",\"urlTemplate\":\"https:\/\/zgk.lubkow.pl\/zgk\/?s={search_term_string}\"},\"query-input\":{\"@type\":\"PropertyValueSpecification\",\"valueRequired\":true,\"valueName\":\"search_term_string\"}}],\"inLanguage\":\"pl-PL\"},{\"@type\":\"Organization\",\"@id\":\"https:\/\/zgk.lubkow.pl\/zgk\/#organization\",\"name\":\"Zak\u0142ad Gospodarki Komunalnej w Lubkowie Sp\u00f3\u0142ka z o.o.\",\"url\":\"https:\/\/zgk.lubkow.pl\/zgk\/\",\"logo\":{\"@type\":\"ImageObject\",\"inLanguage\":\"pl-PL\",\"@id\":\"https:\/\/zgk.lubkow.pl\/zgk\/#\/schema\/logo\/image\/\",\"url\":\"https:\/\/zgk.lubkow.pl\/zgk\/wp-content\/uploads\/2026\/02\/logo-copy.webp\",\"contentUrl\":\"https:\/\/zgk.lubkow.pl\/zgk\/wp-content\/uploads\/2026\/02\/logo-copy.webp\",\"width\":844,\"height\":115,\"caption\":\"Zak\u0142ad Gospodarki Komunalnej w Lubkowie Sp\u00f3\u0142ka z o.o.\"},\"image\":{\"@id\":\"https:\/\/zgk.lubkow.pl\/zgk\/#\/schema\/logo\/image\/\"}},{\"@type\":\"Person\",\"@id\":\"https:\/\/zgk.lubkow.pl\/zgk\/#\/schema\/person\/3c8ec62eec9a728021ed36790a53c88f\",\"name\":\"rpalczewski\",\"image\":{\"@type\":\"ImageObject\",\"inLanguage\":\"pl-PL\",\"@id\":\"https:\/\/secure.gravatar.com\/avatar\/?s=96&d=mm&r=g\",\"url\":\"https:\/\/secure.gravatar.com\/avatar\/?s=96&d=mm&r=g\",\"contentUrl\":\"https:\/\/secure.gravatar.com\/avatar\/?s=96&d=mm&r=g\",\"caption\":\"rpalczewski\"},\"url\":\"https:\/\/zgk.lubkow.pl\/zgk\/author\/rpalczewski\/\"}]}<\/script>\n<!-- \/ Yoast SEO plugin. -->","yoast_head_json":{"title":"Wyniki post\u0119powania na sprzeda\u017c maj\u0105tku ruchomego oraz samochodu osobowego - Zak\u0142ad Gospodarki Komunalnej w Lubkowie Sp\u00f3\u0142ka z o.o.","robots":{"index":"index","follow":"follow","max-snippet":"max-snippet:-1","max-image-preview":"max-image-preview:large","max-video-preview":"max-video-preview:-1"},"canonical":"https:\/\/zgk.lubkow.pl\/zgk\/wyniki-postepowania-na-sprzedaz-majatku-ruchomego-oraz-samochodu-osobowego\/","og_locale":"pl_PL","og_type":"article","og_title":"Wyniki post\u0119powania na sprzeda\u017c maj\u0105tku ruchomego oraz samochodu osobowego - Zak\u0142ad Gospodarki Komunalnej w Lubkowie Sp\u00f3\u0142ka z o.o.","og_description":"OG\u0141OSZENIE O WYNIKU POST\u0118POWANIA dot. post\u0119powania prowadzonego w trybie publicznego przetargu ofertowego nieograniczonego na sprzeda\u017c rzeczowych sk\u0142adnik\u00f3w maj\u0105tku ruchomego: I. Linia do sortowania surowcowych odpad\u00f3w komunalnych wraz z urz\u0105dzeniami towarzysz\u0105cymi \u2013 nr sprawy: DA.235.1.2022.ZS II. W\u00f3zek wid\u0142owy KOMATSU FG-10-15 \u2013 nr sprawy: DA.235.2.2022.ZS III. Przyczepa ci\u0119\u017carowa \u2013 niskopodwoziowa \u2013 nr sprawy: DA.235.3.2022.ZS IV. Samoch\u00f3d osobowy [&hellip;]","og_url":"https:\/\/zgk.lubkow.pl\/zgk\/wyniki-postepowania-na-sprzedaz-majatku-ruchomego-oraz-samochodu-osobowego\/","og_site_name":"Zak\u0142ad Gospodarki Komunalnej w Lubkowie Sp\u00f3\u0142ka z o.o.","article_published_time":"2022-03-31T10:58:22+00:00","article_modified_time":"2026-03-20T07:38:49+00:00","author":"rpalczewski","twitter_card":"summary_large_image","twitter_misc":{"Napisane przez":"rpalczewski","Szacowany czas czytania":"4 minuty"},"schema":{"@context":"https:\/\/schema.org","@graph":[{"@type":"Article","@id":"https:\/\/zgk.lubkow.pl\/zgk\/wyniki-postepowania-na-sprzedaz-majatku-ruchomego-oraz-samochodu-osobowego\/#article","isPartOf":{"@id":"https:\/\/zgk.lubkow.pl\/zgk\/wyniki-postepowania-na-sprzedaz-majatku-ruchomego-oraz-samochodu-osobowego\/"},"author":{"name":"rpalczewski","@id":"https:\/\/zgk.lubkow.pl\/zgk\/#\/schema\/person\/3c8ec62eec9a728021ed36790a53c88f"},"headline":"Wyniki post\u0119powania na sprzeda\u017c maj\u0105tku ruchomego oraz samochodu osobowego","datePublished":"2022-03-31T10:58:22+00:00","dateModified":"2026-03-20T07:38:49+00:00","mainEntityOfPage":{"@id":"https:\/\/zgk.lubkow.pl\/zgk\/wyniki-postepowania-na-sprzedaz-majatku-ruchomego-oraz-samochodu-osobowego\/"},"wordCount":493,"publisher":{"@id":"https:\/\/zgk.lubkow.pl\/zgk\/#organization"},"articleSection":["Aktualno\u015bci","Og\u0142oszenia"],"inLanguage":"pl-PL"},{"@type":"WebPage","@id":"https:\/\/zgk.lubkow.pl\/zgk\/wyniki-postepowania-na-sprzedaz-majatku-ruchomego-oraz-samochodu-osobowego\/","url":"https:\/\/zgk.lubkow.pl\/zgk\/wyniki-postepowania-na-sprzedaz-majatku-ruchomego-oraz-samochodu-osobowego\/","name":"Wyniki post\u0119powania na sprzeda\u017c maj\u0105tku ruchomego oraz samochodu osobowego - Zak\u0142ad Gospodarki Komunalnej w Lubkowie Sp\u00f3\u0142ka z o.o.","isPartOf":{"@id":"https:\/\/zgk.lubkow.pl\/zgk\/#website"},"datePublished":"2022-03-31T10:58:22+00:00","dateModified":"2026-03-20T07:38:49+00:00","breadcrumb":{"@id":"https:\/\/zgk.lubkow.pl\/zgk\/wyniki-postepowania-na-sprzedaz-majatku-ruchomego-oraz-samochodu-osobowego\/#breadcrumb"},"inLanguage":"pl-PL","potentialAction":[{"@type":"ReadAction","target":["https:\/\/zgk.lubkow.pl\/zgk\/wyniki-postepowania-na-sprzedaz-majatku-ruchomego-oraz-samochodu-osobowego\/"]}]},{"@type":"BreadcrumbList","@id":"https:\/\/zgk.lubkow.pl\/zgk\/wyniki-postepowania-na-sprzedaz-majatku-ruchomego-oraz-samochodu-osobowego\/#breadcrumb","itemListElement":[{"@type":"ListItem","position":1,"name":"Strona g\u0142\u00f3wna","item":"https:\/\/zgk.lubkow.pl\/zgk\/"},{"@type":"ListItem","position":2,"name":"Wyniki post\u0119powania na sprzeda\u017c maj\u0105tku ruchomego oraz samochodu osobowego"}]},{"@type":"WebSite","@id":"https:\/\/zgk.lubkow.pl\/zgk\/#website","url":"https:\/\/zgk.lubkow.pl\/zgk\/","name":"Zak\u0142ad Gospodarki Komunalnej w Lubkowie Sp\u00f3\u0142ka z o.o.","description":"","publisher":{"@id":"https:\/\/zgk.lubkow.pl\/zgk\/#organization"},"potentialAction":[{"@type":"SearchAction","target":{"@type":"EntryPoint","urlTemplate":"https:\/\/zgk.lubkow.pl\/zgk\/?s={search_term_string}"},"query-input":{"@type":"PropertyValueSpecification","valueRequired":true,"valueName":"search_term_string"}}],"inLanguage":"pl-PL"},{"@type":"Organization","@id":"https:\/\/zgk.lubkow.pl\/zgk\/#organization","name":"Zak\u0142ad Gospodarki Komunalnej w Lubkowie Sp\u00f3\u0142ka z o.o.","url":"https:\/\/zgk.lubkow.pl\/zgk\/","logo":{"@type":"ImageObject","inLanguage":"pl-PL","@id":"https:\/\/zgk.lubkow.pl\/zgk\/#\/schema\/logo\/image\/","url":"https:\/\/zgk.lubkow.pl\/zgk\/wp-content\/uploads\/2026\/02\/logo-copy.webp","contentUrl":"https:\/\/zgk.lubkow.pl\/zgk\/wp-content\/uploads\/2026\/02\/logo-copy.webp","width":844,"height":115,"caption":"Zak\u0142ad Gospodarki Komunalnej w Lubkowie Sp\u00f3\u0142ka z o.o."},"image":{"@id":"https:\/\/zgk.lubkow.pl\/zgk\/#\/schema\/logo\/image\/"}},{"@type":"Person","@id":"https:\/\/zgk.lubkow.pl\/zgk\/#\/schema\/person\/3c8ec62eec9a728021ed36790a53c88f","name":"rpalczewski","image":{"@type":"ImageObject","inLanguage":"pl-PL","@id":"https:\/\/secure.gravatar.com\/avatar\/?s=96&d=mm&r=g","url":"https:\/\/secure.gravatar.com\/avatar\/?s=96&d=mm&r=g","contentUrl":"https:\/\/secure.gravatar.com\/avatar\/?s=96&d=mm&r=g","caption":"rpalczewski"},"url":"https:\/\/zgk.lubkow.pl\/zgk\/author\/rpalczewski\/"}]}},"_links":{"self":[{"href":"https:\/\/zgk.lubkow.pl\/zgk\/wp-json\/wp\/v2\/posts\/1384","targetHints":{"allow":["GET"]}}],"collection":[{"href":"https:\/\/zgk.lubkow.pl\/zgk\/wp-json\/wp\/v2\/posts"}],"about":[{"href":"https:\/\/zgk.lubkow.pl\/zgk\/wp-json\/wp\/v2\/types\/post"}],"author":[{"embeddable":true,"href":"https:\/\/zgk.lubkow.pl\/zgk\/wp-json\/wp\/v2\/users\/3"}],"replies":[{"embeddable":true,"href":"https:\/\/zgk.lubkow.pl\/zgk\/wp-json\/wp\/v2\/comments?post=1384"}],"version-history":[{"count":3,"href":"https:\/\/zgk.lubkow.pl\/zgk\/wp-json\/wp\/v2\/posts\/1384\/revisions"}],"predecessor-version":[{"id":4092,"href":"https:\/\/zgk.lubkow.pl\/zgk\/wp-json\/wp\/v2\/posts\/1384\/revisions\/4092"}],"wp:attachment":[{"href":"https:\/\/zgk.lubkow.pl\/zgk\/wp-json\/wp\/v2\/media?parent=1384"}],"wp:term":[{"taxonomy":"category","embeddable":true,"href":"https:\/\/zgk.lubkow.pl\/zgk\/wp-json\/wp\/v2\/categories?post=1384"},{"taxonomy":"post_tag","embeddable":true,"href":"https:\/\/zgk.lubkow.pl\/zgk\/wp-json\/wp\/v2\/tags?post=1384"}],"curies":[{"name":"wp","href":"https:\/\/api.w.org\/{rel}","templated":true}]}}