{"id":1336,"date":"2022-03-14T12:59:54","date_gmt":"2022-03-14T11:59:54","guid":{"rendered":"https:\/\/zgk.lubkow.pl\/zgk\/?p=1336"},"modified":"2026-03-20T08:39:02","modified_gmt":"2026-03-20T07:39:02","slug":"sprzedaz-majatku","status":"publish","type":"post","link":"https:\/\/zgk.lubkow.pl\/zgk\/sprzedaz-majatku\/","title":{"rendered":"Sprzeda\u017c maj\u0105tku"},"content":{"rendered":"\t\t<div data-elementor-type=\"wp-post\" data-elementor-id=\"1336\" class=\"elementor elementor-1336\">\n\t\t\t\t\t\t<section class=\"elementor-section elementor-top-section elementor-element elementor-element-c61fb3e elementor-section-boxed elementor-section-height-default elementor-section-height-default\" data-id=\"c61fb3e\" data-element_type=\"section\" data-e-type=\"section\">\n\t\t\t\t\t\t<div class=\"elementor-container elementor-column-gap-default\">\n\t\t\t\t\t<div class=\"elementor-column elementor-col-100 elementor-top-column elementor-element elementor-element-e805a01\" data-id=\"e805a01\" data-element_type=\"column\" data-e-type=\"column\">\n\t\t\t<div class=\"elementor-widget-wrap elementor-element-populated\">\n\t\t\t\t\t\t<div class=\"elementor-element elementor-element-49ea7ec elementor-widget elementor-widget-heading\" data-id=\"49ea7ec\" data-element_type=\"widget\" data-e-type=\"widget\" data-widget_type=\"heading.default\">\n\t\t\t\t\t<h2 class=\"elementor-heading-title elementor-size-default\">Sprzeda\u017c maszyn i urz\u0105dze\u0144<\/h2>\t\t\t\t<\/div>\n\t\t\t\t\t<\/div>\n\t\t<\/div>\n\t\t\t\t\t<\/div>\n\t\t<\/section>\n\t\t\t\t<section class=\"elementor-section elementor-top-section elementor-element elementor-element-8b3d585 elementor-section-boxed elementor-section-height-default elementor-section-height-default\" data-id=\"8b3d585\" data-element_type=\"section\" data-e-type=\"section\">\n\t\t\t\t\t\t<div class=\"elementor-container elementor-column-gap-default\">\n\t\t\t\t\t<div class=\"elementor-column elementor-col-100 elementor-top-column elementor-element elementor-element-f853747\" data-id=\"f853747\" data-element_type=\"column\" data-e-type=\"column\">\n\t\t\t<div class=\"elementor-widget-wrap elementor-element-populated\">\n\t\t\t\t\t\t<div class=\"elementor-element elementor-element-316fb48 elementor-widget elementor-widget-text-editor\" data-id=\"316fb48\" data-element_type=\"widget\" data-e-type=\"widget\" data-widget_type=\"text-editor.default\">\n\t\t\t\t\t\t\t\t\t<h5>Uwaga sprzeda\u017c w formie przetargu ofertowego. Wygrywa oferta z najwy\u017csz\u0105 cen\u0105. Termin sk\u0142adania ofert &#8211; 31.03.2022 r. do godz. 9.00.<\/h5><h5>Kliknij w maszyn\u0119 kt\u00f3r\u0105 jeste\u015b zainteresowany.<\/h5>\t\t\t\t\t\t\t\t<\/div>\n\t\t\t\t\t<\/div>\n\t\t<\/div>\n\t\t\t\t\t<\/div>\n\t\t<\/section>\n\t\t\t\t<section class=\"elementor-section elementor-top-section elementor-element elementor-element-956a58b elementor-section-boxed elementor-section-height-default elementor-section-height-default\" data-id=\"956a58b\" data-element_type=\"section\" data-e-type=\"section\">\n\t\t\t\t\t\t<div class=\"elementor-container elementor-column-gap-default\">\n\t\t\t\t\t<div class=\"elementor-column elementor-col-100 elementor-top-column elementor-element elementor-element-bc712e3\" data-id=\"bc712e3\" data-element_type=\"column\" data-e-type=\"column\">\n\t\t\t<div class=\"elementor-widget-wrap elementor-element-populated\">\n\t\t\t\t\t\t<div class=\"elementor-element elementor-element-e4f6054 elementor-button-info elementor-align-center elementor-widget elementor-widget-button\" data-id=\"e4f6054\" data-element_type=\"widget\" data-e-type=\"widget\" data-widget_type=\"button.default\">\n\t\t\t\t\t\t\t\t\t\t<a class=\"elementor-button elementor-button-link elementor-size-sm\" href=\"https:\/\/gzgk.home.pl\/zgk\/wp-content\/uploads\/2022\/03\/Ogloszenie-o-zamowieniu-linia-sortownicza.pdf\">\n\t\t\t\t\t\t<span class=\"elementor-button-content-wrapper\">\n\t\t\t\t\t\t\t\t\t<span class=\"elementor-button-text\">I.LINIA DO SORTOWANIA SUROWCOWYCH ODPAD\u00d3W KOMUNALNYCH WRAZ                                Z URZ\u0104DZENIAMI TOWARZYSZ\u0104CYMI (sito obrotowo-b\u0119bnowe, 2x prasy)  - og\u0142oszenie o przetargu<\/span>\n\t\t\t\t\t<\/span>\n\t\t\t\t\t<\/a>\n\t\t\t\t\t\t\t\t<\/div>\n\t\t\t\t<div class=\"elementor-element elementor-element-50cee92 elementor-button-info elementor-align-center elementor-widget elementor-widget-button\" data-id=\"50cee92\" data-element_type=\"widget\" data-e-type=\"widget\" data-widget_type=\"button.default\">\n\t\t\t\t\t\t\t\t\t\t<a class=\"elementor-button elementor-button-link elementor-size-sm\" href=\"https:\/\/gzgk.home.pl\/zgk\/wp-content\/uploads\/2022\/03\/Zalaczniki-linia-sortownicza-dane-techniczne-urzadzen.zip\">\n\t\t\t\t\t\t<span class=\"elementor-button-content-wrapper\">\n\t\t\t\t\t\t\t\t\t<span class=\"elementor-button-text\">I.\tLINIA DO SORTOWANIA - za\u0142\u0105czniki. (opis techniczny urz\u0105dze\u0144)<\/span>\n\t\t\t\t\t<\/span>\n\t\t\t\t\t<\/a>\n\t\t\t\t\t\t\t\t<\/div>\n\t\t\t\t<div class=\"elementor-element elementor-element-dcc2e99 elementor-button-info elementor-align-center elementor-widget elementor-widget-button\" data-id=\"dcc2e99\" data-element_type=\"widget\" data-e-type=\"widget\" data-widget_type=\"button.default\">\n\t\t\t\t\t\t\t\t\t\t<a class=\"elementor-button elementor-button-link elementor-size-sm\" href=\"https:\/\/gzgk.home.pl\/zgk\/wp-content\/uploads\/2022\/03\/Zalacznik-linia-sortownicza-formularz-ofertyumowa.zip\">\n\t\t\t\t\t\t<span class=\"elementor-button-content-wrapper\">\n\t\t\t\t\t\t\t\t\t<span class=\"elementor-button-text\">I.\tLINIA DO SORTOWANIA - za\u0142\u0105czniki. (oferta+umowa)<\/span>\n\t\t\t\t\t<\/span>\n\t\t\t\t\t<\/a>\n\t\t\t\t\t\t\t\t<\/div>\n\t\t\t\t\t<\/div>\n\t\t<\/div>\n\t\t\t\t\t<\/div>\n\t\t<\/section>\n\t\t\t\t<section class=\"elementor-section elementor-top-section elementor-element elementor-element-d0a45f8 elementor-section-boxed elementor-section-height-default elementor-section-height-default\" data-id=\"d0a45f8\" data-element_type=\"section\" data-e-type=\"section\">\n\t\t\t\t\t\t<div class=\"elementor-container elementor-column-gap-default\">\n\t\t\t\t\t<div class=\"elementor-column elementor-col-100 elementor-top-column elementor-element elementor-element-e30365f\" data-id=\"e30365f\" data-element_type=\"column\" data-e-type=\"column\">\n\t\t\t<div class=\"elementor-widget-wrap elementor-element-populated\">\n\t\t\t\t\t\t<div class=\"elementor-element elementor-element-30e4320 elementor-align-center elementor-widget elementor-widget-button\" data-id=\"30e4320\" data-element_type=\"widget\" data-e-type=\"widget\" data-widget_type=\"button.default\">\n\t\t\t\t\t\t\t\t\t\t<a class=\"elementor-button elementor-button-link elementor-size-sm\" href=\"https:\/\/gzgk.home.pl\/zgk\/wp-content\/uploads\/2022\/03\/Ogloszenie-o-sprzedazy-wozek-widlowy.pdf\">\n\t\t\t\t\t\t<span class=\"elementor-button-content-wrapper\">\n\t\t\t\t\t\t\t\t\t<span class=\"elementor-button-text\">II. W\u00f3zek wid\u0142owy Komatsu - og\u0142oszenie o przetargu, oferta+ umowa<\/span>\n\t\t\t\t\t<\/span>\n\t\t\t\t\t<\/a>\n\t\t\t\t\t\t\t\t<\/div>\n\t\t\t\t\t<\/div>\n\t\t<\/div>\n\t\t\t\t\t<\/div>\n\t\t<\/section>\n\t\t\t\t<section class=\"elementor-section elementor-top-section elementor-element elementor-element-3760017 elementor-section-boxed elementor-section-height-default elementor-section-height-default\" data-id=\"3760017\" data-element_type=\"section\" data-e-type=\"section\">\n\t\t\t\t\t\t<div class=\"elementor-container elementor-column-gap-default\">\n\t\t\t\t\t<div class=\"elementor-column elementor-col-100 elementor-top-column elementor-element elementor-element-fafe78e\" data-id=\"fafe78e\" data-element_type=\"column\" data-e-type=\"column\">\n\t\t\t<div class=\"elementor-widget-wrap elementor-element-populated\">\n\t\t\t\t\t\t<div class=\"elementor-element elementor-element-26c255d elementor-align-center elementor-widget elementor-widget-button\" data-id=\"26c255d\" data-element_type=\"widget\" data-e-type=\"widget\" data-widget_type=\"button.default\">\n\t\t\t\t\t\t\t\t\t\t<a class=\"elementor-button elementor-button-link elementor-size-sm\" href=\"https:\/\/gzgk.home.pl\/zgk\/wp-content\/uploads\/2022\/03\/Ogloszenie-o-sprzedazy-przyczepa.pdf\">\n\t\t\t\t\t\t<span class=\"elementor-button-content-wrapper\">\n\t\t\t\t\t\t\t\t\t<span class=\"elementor-button-text\">III. Przyczepa ci\u0119\u017carowa niskopod\u0142ogowa - og\u0142oszenie o przetargu, oferta +umowa.<\/span>\n\t\t\t\t\t<\/span>\n\t\t\t\t\t<\/a>\n\t\t\t\t\t\t\t\t<\/div>\n\t\t\t\t\t<\/div>\n\t\t<\/div>\n\t\t\t\t\t<\/div>\n\t\t<\/section>\n\t\t\t\t<\/div>\n\t\t","protected":false},"excerpt":{"rendered":"<p>Sprzeda\u017c maszyn i urz\u0105dze\u0144 Uwaga sprzeda\u017c w formie przetargu ofertowego. Wygrywa oferta z najwy\u017csz\u0105 cen\u0105. Termin sk\u0142adania ofert &#8211; 31.03.2022 r. do godz. 9.00. Kliknij w maszyn\u0119 kt\u00f3r\u0105 jeste\u015b zainteresowany. I.LINIA DO SORTOWANIA SUROWCOWYCH ODPAD\u00d3W KOMUNALNYCH WRAZ Z URZ\u0104DZENIAMI TOWARZYSZ\u0104CYMI (sito obrotowo-b\u0119bnowe, 2x prasy) &#8211; og\u0142oszenie o przetargu I. LINIA DO SORTOWANIA &#8211; za\u0142\u0105czniki. (opis [&hellip;]<\/p>\n","protected":false},"author":3,"featured_media":0,"comment_status":"closed","ping_status":"closed","sticky":false,"template":"","format":"standard","meta":{"footnotes":""},"categories":[8,9],"tags":[],"class_list":["post-1336","post","type-post","status-publish","format-standard","hentry","category-aktualnosci","category-ogloszenia"],"yoast_head":"<!-- This site is optimized with the Yoast SEO plugin v27.2 - https:\/\/yoast.com\/product\/yoast-seo-wordpress\/ -->\n<title>Sprzeda\u017c maj\u0105tku - Zak\u0142ad Gospodarki Komunalnej w Lubkowie Sp\u00f3\u0142ka z o.o.<\/title>\n<meta name=\"robots\" content=\"index, follow, max-snippet:-1, max-image-preview:large, max-video-preview:-1\" \/>\n<link rel=\"canonical\" href=\"https:\/\/zgk.lubkow.pl\/zgk\/sprzedaz-majatku\/\" \/>\n<meta property=\"og:locale\" content=\"pl_PL\" \/>\n<meta property=\"og:type\" content=\"article\" \/>\n<meta property=\"og:title\" content=\"Sprzeda\u017c maj\u0105tku - Zak\u0142ad Gospodarki Komunalnej w Lubkowie Sp\u00f3\u0142ka z o.o.\" \/>\n<meta property=\"og:description\" content=\"Sprzeda\u017c maszyn i urz\u0105dze\u0144 Uwaga sprzeda\u017c w formie przetargu ofertowego. Wygrywa oferta z najwy\u017csz\u0105 cen\u0105. Termin sk\u0142adania ofert &#8211; 31.03.2022 r. do godz. 9.00. Kliknij w maszyn\u0119 kt\u00f3r\u0105 jeste\u015b zainteresowany. I.LINIA DO SORTOWANIA SUROWCOWYCH ODPAD\u00d3W KOMUNALNYCH WRAZ Z URZ\u0104DZENIAMI TOWARZYSZ\u0104CYMI (sito obrotowo-b\u0119bnowe, 2x prasy) &#8211; og\u0142oszenie o przetargu I. LINIA DO SORTOWANIA &#8211; za\u0142\u0105czniki. (opis [&hellip;]\" \/>\n<meta property=\"og:url\" content=\"https:\/\/zgk.lubkow.pl\/zgk\/sprzedaz-majatku\/\" \/>\n<meta property=\"og:site_name\" content=\"Zak\u0142ad Gospodarki Komunalnej w Lubkowie Sp\u00f3\u0142ka z o.o.\" \/>\n<meta property=\"article:published_time\" content=\"2022-03-14T11:59:54+00:00\" \/>\n<meta property=\"article:modified_time\" content=\"2026-03-20T07:39:02+00:00\" \/>\n<meta name=\"author\" content=\"rpalczewski\" \/>\n<meta name=\"twitter:card\" content=\"summary_large_image\" \/>\n<meta name=\"twitter:label1\" content=\"Napisane przez\" \/>\n\t<meta name=\"twitter:data1\" content=\"rpalczewski\" \/>\n\t<meta name=\"twitter:label2\" content=\"Szacowany czas czytania\" \/>\n\t<meta name=\"twitter:data2\" content=\"1 minuta\" \/>\n<script type=\"application\/ld+json\" class=\"yoast-schema-graph\">{\"@context\":\"https:\/\/schema.org\",\"@graph\":[{\"@type\":\"Article\",\"@id\":\"https:\/\/zgk.lubkow.pl\/zgk\/sprzedaz-majatku\/#article\",\"isPartOf\":{\"@id\":\"https:\/\/zgk.lubkow.pl\/zgk\/sprzedaz-majatku\/\"},\"author\":{\"name\":\"rpalczewski\",\"@id\":\"https:\/\/zgk.lubkow.pl\/zgk\/#\/schema\/person\/3c8ec62eec9a728021ed36790a53c88f\"},\"headline\":\"Sprzeda\u017c maj\u0105tku\",\"datePublished\":\"2022-03-14T11:59:54+00:00\",\"dateModified\":\"2026-03-20T07:39:02+00:00\",\"mainEntityOfPage\":{\"@id\":\"https:\/\/zgk.lubkow.pl\/zgk\/sprzedaz-majatku\/\"},\"wordCount\":105,\"publisher\":{\"@id\":\"https:\/\/zgk.lubkow.pl\/zgk\/#organization\"},\"articleSection\":[\"Aktualno\u015bci\",\"Og\u0142oszenia\"],\"inLanguage\":\"pl-PL\"},{\"@type\":\"WebPage\",\"@id\":\"https:\/\/zgk.lubkow.pl\/zgk\/sprzedaz-majatku\/\",\"url\":\"https:\/\/zgk.lubkow.pl\/zgk\/sprzedaz-majatku\/\",\"name\":\"Sprzeda\u017c maj\u0105tku - Zak\u0142ad Gospodarki Komunalnej w Lubkowie Sp\u00f3\u0142ka z o.o.\",\"isPartOf\":{\"@id\":\"https:\/\/zgk.lubkow.pl\/zgk\/#website\"},\"datePublished\":\"2022-03-14T11:59:54+00:00\",\"dateModified\":\"2026-03-20T07:39:02+00:00\",\"breadcrumb\":{\"@id\":\"https:\/\/zgk.lubkow.pl\/zgk\/sprzedaz-majatku\/#breadcrumb\"},\"inLanguage\":\"pl-PL\",\"potentialAction\":[{\"@type\":\"ReadAction\",\"target\":[\"https:\/\/zgk.lubkow.pl\/zgk\/sprzedaz-majatku\/\"]}]},{\"@type\":\"BreadcrumbList\",\"@id\":\"https:\/\/zgk.lubkow.pl\/zgk\/sprzedaz-majatku\/#breadcrumb\",\"itemListElement\":[{\"@type\":\"ListItem\",\"position\":1,\"name\":\"Strona g\u0142\u00f3wna\",\"item\":\"https:\/\/zgk.lubkow.pl\/zgk\/\"},{\"@type\":\"ListItem\",\"position\":2,\"name\":\"Sprzeda\u017c maj\u0105tku\"}]},{\"@type\":\"WebSite\",\"@id\":\"https:\/\/zgk.lubkow.pl\/zgk\/#website\",\"url\":\"https:\/\/zgk.lubkow.pl\/zgk\/\",\"name\":\"Zak\u0142ad Gospodarki Komunalnej w Lubkowie Sp\u00f3\u0142ka z o.o.\",\"description\":\"\",\"publisher\":{\"@id\":\"https:\/\/zgk.lubkow.pl\/zgk\/#organization\"},\"potentialAction\":[{\"@type\":\"SearchAction\",\"target\":{\"@type\":\"EntryPoint\",\"urlTemplate\":\"https:\/\/zgk.lubkow.pl\/zgk\/?s={search_term_string}\"},\"query-input\":{\"@type\":\"PropertyValueSpecification\",\"valueRequired\":true,\"valueName\":\"search_term_string\"}}],\"inLanguage\":\"pl-PL\"},{\"@type\":\"Organization\",\"@id\":\"https:\/\/zgk.lubkow.pl\/zgk\/#organization\",\"name\":\"Zak\u0142ad Gospodarki Komunalnej w Lubkowie Sp\u00f3\u0142ka z o.o.\",\"url\":\"https:\/\/zgk.lubkow.pl\/zgk\/\",\"logo\":{\"@type\":\"ImageObject\",\"inLanguage\":\"pl-PL\",\"@id\":\"https:\/\/zgk.lubkow.pl\/zgk\/#\/schema\/logo\/image\/\",\"url\":\"https:\/\/zgk.lubkow.pl\/zgk\/wp-content\/uploads\/2026\/02\/logo-copy.webp\",\"contentUrl\":\"https:\/\/zgk.lubkow.pl\/zgk\/wp-content\/uploads\/2026\/02\/logo-copy.webp\",\"width\":844,\"height\":115,\"caption\":\"Zak\u0142ad Gospodarki Komunalnej w Lubkowie Sp\u00f3\u0142ka z o.o.\"},\"image\":{\"@id\":\"https:\/\/zgk.lubkow.pl\/zgk\/#\/schema\/logo\/image\/\"}},{\"@type\":\"Person\",\"@id\":\"https:\/\/zgk.lubkow.pl\/zgk\/#\/schema\/person\/3c8ec62eec9a728021ed36790a53c88f\",\"name\":\"rpalczewski\",\"image\":{\"@type\":\"ImageObject\",\"inLanguage\":\"pl-PL\",\"@id\":\"https:\/\/secure.gravatar.com\/avatar\/?s=96&d=mm&r=g\",\"url\":\"https:\/\/secure.gravatar.com\/avatar\/?s=96&d=mm&r=g\",\"contentUrl\":\"https:\/\/secure.gravatar.com\/avatar\/?s=96&d=mm&r=g\",\"caption\":\"rpalczewski\"},\"url\":\"https:\/\/zgk.lubkow.pl\/zgk\/author\/rpalczewski\/\"}]}<\/script>\n<!-- \/ Yoast SEO plugin. -->","yoast_head_json":{"title":"Sprzeda\u017c maj\u0105tku - Zak\u0142ad Gospodarki Komunalnej w Lubkowie Sp\u00f3\u0142ka z o.o.","robots":{"index":"index","follow":"follow","max-snippet":"max-snippet:-1","max-image-preview":"max-image-preview:large","max-video-preview":"max-video-preview:-1"},"canonical":"https:\/\/zgk.lubkow.pl\/zgk\/sprzedaz-majatku\/","og_locale":"pl_PL","og_type":"article","og_title":"Sprzeda\u017c maj\u0105tku - Zak\u0142ad Gospodarki Komunalnej w Lubkowie Sp\u00f3\u0142ka z o.o.","og_description":"Sprzeda\u017c maszyn i urz\u0105dze\u0144 Uwaga sprzeda\u017c w formie przetargu ofertowego. Wygrywa oferta z najwy\u017csz\u0105 cen\u0105. Termin sk\u0142adania ofert &#8211; 31.03.2022 r. do godz. 9.00. Kliknij w maszyn\u0119 kt\u00f3r\u0105 jeste\u015b zainteresowany. I.LINIA DO SORTOWANIA SUROWCOWYCH ODPAD\u00d3W KOMUNALNYCH WRAZ Z URZ\u0104DZENIAMI TOWARZYSZ\u0104CYMI (sito obrotowo-b\u0119bnowe, 2x prasy) &#8211; og\u0142oszenie o przetargu I. LINIA DO SORTOWANIA &#8211; za\u0142\u0105czniki. (opis [&hellip;]","og_url":"https:\/\/zgk.lubkow.pl\/zgk\/sprzedaz-majatku\/","og_site_name":"Zak\u0142ad Gospodarki Komunalnej w Lubkowie Sp\u00f3\u0142ka z o.o.","article_published_time":"2022-03-14T11:59:54+00:00","article_modified_time":"2026-03-20T07:39:02+00:00","author":"rpalczewski","twitter_card":"summary_large_image","twitter_misc":{"Napisane przez":"rpalczewski","Szacowany czas czytania":"1 minuta"},"schema":{"@context":"https:\/\/schema.org","@graph":[{"@type":"Article","@id":"https:\/\/zgk.lubkow.pl\/zgk\/sprzedaz-majatku\/#article","isPartOf":{"@id":"https:\/\/zgk.lubkow.pl\/zgk\/sprzedaz-majatku\/"},"author":{"name":"rpalczewski","@id":"https:\/\/zgk.lubkow.pl\/zgk\/#\/schema\/person\/3c8ec62eec9a728021ed36790a53c88f"},"headline":"Sprzeda\u017c maj\u0105tku","datePublished":"2022-03-14T11:59:54+00:00","dateModified":"2026-03-20T07:39:02+00:00","mainEntityOfPage":{"@id":"https:\/\/zgk.lubkow.pl\/zgk\/sprzedaz-majatku\/"},"wordCount":105,"publisher":{"@id":"https:\/\/zgk.lubkow.pl\/zgk\/#organization"},"articleSection":["Aktualno\u015bci","Og\u0142oszenia"],"inLanguage":"pl-PL"},{"@type":"WebPage","@id":"https:\/\/zgk.lubkow.pl\/zgk\/sprzedaz-majatku\/","url":"https:\/\/zgk.lubkow.pl\/zgk\/sprzedaz-majatku\/","name":"Sprzeda\u017c maj\u0105tku - Zak\u0142ad Gospodarki Komunalnej w Lubkowie Sp\u00f3\u0142ka z o.o.","isPartOf":{"@id":"https:\/\/zgk.lubkow.pl\/zgk\/#website"},"datePublished":"2022-03-14T11:59:54+00:00","dateModified":"2026-03-20T07:39:02+00:00","breadcrumb":{"@id":"https:\/\/zgk.lubkow.pl\/zgk\/sprzedaz-majatku\/#breadcrumb"},"inLanguage":"pl-PL","potentialAction":[{"@type":"ReadAction","target":["https:\/\/zgk.lubkow.pl\/zgk\/sprzedaz-majatku\/"]}]},{"@type":"BreadcrumbList","@id":"https:\/\/zgk.lubkow.pl\/zgk\/sprzedaz-majatku\/#breadcrumb","itemListElement":[{"@type":"ListItem","position":1,"name":"Strona g\u0142\u00f3wna","item":"https:\/\/zgk.lubkow.pl\/zgk\/"},{"@type":"ListItem","position":2,"name":"Sprzeda\u017c maj\u0105tku"}]},{"@type":"WebSite","@id":"https:\/\/zgk.lubkow.pl\/zgk\/#website","url":"https:\/\/zgk.lubkow.pl\/zgk\/","name":"Zak\u0142ad Gospodarki Komunalnej w Lubkowie Sp\u00f3\u0142ka z o.o.","description":"","publisher":{"@id":"https:\/\/zgk.lubkow.pl\/zgk\/#organization"},"potentialAction":[{"@type":"SearchAction","target":{"@type":"EntryPoint","urlTemplate":"https:\/\/zgk.lubkow.pl\/zgk\/?s={search_term_string}"},"query-input":{"@type":"PropertyValueSpecification","valueRequired":true,"valueName":"search_term_string"}}],"inLanguage":"pl-PL"},{"@type":"Organization","@id":"https:\/\/zgk.lubkow.pl\/zgk\/#organization","name":"Zak\u0142ad Gospodarki Komunalnej w Lubkowie Sp\u00f3\u0142ka z o.o.","url":"https:\/\/zgk.lubkow.pl\/zgk\/","logo":{"@type":"ImageObject","inLanguage":"pl-PL","@id":"https:\/\/zgk.lubkow.pl\/zgk\/#\/schema\/logo\/image\/","url":"https:\/\/zgk.lubkow.pl\/zgk\/wp-content\/uploads\/2026\/02\/logo-copy.webp","contentUrl":"https:\/\/zgk.lubkow.pl\/zgk\/wp-content\/uploads\/2026\/02\/logo-copy.webp","width":844,"height":115,"caption":"Zak\u0142ad Gospodarki Komunalnej w Lubkowie Sp\u00f3\u0142ka z o.o."},"image":{"@id":"https:\/\/zgk.lubkow.pl\/zgk\/#\/schema\/logo\/image\/"}},{"@type":"Person","@id":"https:\/\/zgk.lubkow.pl\/zgk\/#\/schema\/person\/3c8ec62eec9a728021ed36790a53c88f","name":"rpalczewski","image":{"@type":"ImageObject","inLanguage":"pl-PL","@id":"https:\/\/secure.gravatar.com\/avatar\/?s=96&d=mm&r=g","url":"https:\/\/secure.gravatar.com\/avatar\/?s=96&d=mm&r=g","contentUrl":"https:\/\/secure.gravatar.com\/avatar\/?s=96&d=mm&r=g","caption":"rpalczewski"},"url":"https:\/\/zgk.lubkow.pl\/zgk\/author\/rpalczewski\/"}]}},"_links":{"self":[{"href":"https:\/\/zgk.lubkow.pl\/zgk\/wp-json\/wp\/v2\/posts\/1336","targetHints":{"allow":["GET"]}}],"collection":[{"href":"https:\/\/zgk.lubkow.pl\/zgk\/wp-json\/wp\/v2\/posts"}],"about":[{"href":"https:\/\/zgk.lubkow.pl\/zgk\/wp-json\/wp\/v2\/types\/post"}],"author":[{"embeddable":true,"href":"https:\/\/zgk.lubkow.pl\/zgk\/wp-json\/wp\/v2\/users\/3"}],"replies":[{"embeddable":true,"href":"https:\/\/zgk.lubkow.pl\/zgk\/wp-json\/wp\/v2\/comments?post=1336"}],"version-history":[{"count":1,"href":"https:\/\/zgk.lubkow.pl\/zgk\/wp-json\/wp\/v2\/posts\/1336\/revisions"}],"predecessor-version":[{"id":4216,"href":"https:\/\/zgk.lubkow.pl\/zgk\/wp-json\/wp\/v2\/posts\/1336\/revisions\/4216"}],"wp:attachment":[{"href":"https:\/\/zgk.lubkow.pl\/zgk\/wp-json\/wp\/v2\/media?parent=1336"}],"wp:term":[{"taxonomy":"category","embeddable":true,"href":"https:\/\/zgk.lubkow.pl\/zgk\/wp-json\/wp\/v2\/categories?post=1336"},{"taxonomy":"post_tag","embeddable":true,"href":"https:\/\/zgk.lubkow.pl\/zgk\/wp-json\/wp\/v2\/tags?post=1336"}],"curies":[{"name":"wp","href":"https:\/\/api.w.org\/{rel}","templated":true}]}}